{"id":59239,"date":"2026-05-01T16:19:41","date_gmt":"2026-05-01T20:19:41","guid":{"rendered":"https:\/\/amazonia.fiocruz.br\/?p=59239"},"modified":"2026-05-01T16:28:23","modified_gmt":"2026-05-01T20:28:23","slug":"fiocruz-amazonia-articula-com-dsei-parintins-realizacao-de-nova-oficina-de-capacitacao-para-conselheiros-indigenas","status":"publish","type":"post","link":"https:\/\/amazonia.fiocruz.br\/?p=59239","title":{"rendered":"Fiocruz Amaz\u00f4nia articula com DSEI Parintins realiza\u00e7\u00e3o de nova oficina de capacita\u00e7\u00e3o para conselheiros ind\u00edgenas"},"content":{"rendered":"\n<p>Depois de realizar o primeiro encontro em Manaus, no \u00faltimo m\u00eas de fevereiro, com a participa\u00e7\u00e3o de diversas lideran\u00e7as ind\u00edgenas, a Fiocruz Amaz\u00f4nia, por meio do Laborat\u00f3rio de Hist\u00f3ria e Pol\u00edticas P\u00fablicas de Sa\u00fade na Amaz\u00f4nia (LAHPSA), se prepara para promover, ainda este ano, mais uma oficina \u2013 a segunda em 2026 \u2013 no \u00e2mbito do Projeto Controle Social e Sa\u00fade Ind\u00edgena, de forma\u00e7\u00e3o de conselheiros distritais de sa\u00fade ind\u00edgena no Amazonas. Desta vez, a forma\u00e7\u00e3o acontecer\u00e1 no munic\u00edpio de Parintins \u2013 situado na margem direita do Rio Amazonas, distante 369 quil\u00f4metros de Manaus \u2013 prevista para outubro deste ano. O projeto \u00e9 coordenado pela pesquisadora tecnologista em Sa\u00fade P\u00fablica da Fiocruz Amaz\u00f4nia, K\u00e1tia Lima, e se prop\u00f5e a realizar oficinas de forma\u00e7\u00e3o nos sete Distritos Sanit\u00e1rios Especiais Ind\u00edgenas (DSEIS) do Estado do Amazonas, com o apoio dos conselhos distritais de sa\u00fade ind\u00edgena, que integram o Subsistema de Aten\u00e7\u00e3o \u00e0 Sa\u00fade Ind\u00edgena do Sistema \u00danico de Sa\u00fade (SasiSUS).<\/p>\n\n\n\n<figure class=\"wp-block-image size-large\"><img decoding=\"async\" width=\"2000\" height=\"1500\" src=\"https:\/\/amazonia.fiocruz.br\/wp-content\/uploads\/2026\/05\/reuniao-dsei-parintins-e-condisi-1-2000x1500.jpg\" alt=\"\" class=\"wp-image-59241\" srcset=\"https:\/\/amazonia.fiocruz.br\/wp-content\/uploads\/2026\/05\/reuniao-dsei-parintins-e-condisi-1-2000x1500.jpg 2000w, https:\/\/amazonia.fiocruz.br\/wp-content\/uploads\/2026\/05\/reuniao-dsei-parintins-e-condisi-1-300x225.jpg 300w, https:\/\/amazonia.fiocruz.br\/wp-content\/uploads\/2026\/05\/reuniao-dsei-parintins-e-condisi-1-768x576.jpg 768w, https:\/\/amazonia.fiocruz.br\/wp-content\/uploads\/2026\/05\/reuniao-dsei-parintins-e-condisi-1-1536x1152.jpg 1536w, https:\/\/amazonia.fiocruz.br\/wp-content\/uploads\/2026\/05\/reuniao-dsei-parintins-e-condisi-1-2048x1536.jpg 2048w, https:\/\/amazonia.fiocruz.br\/wp-content\/uploads\/2026\/05\/reuniao-dsei-parintins-e-condisi-1-1500x1125.jpg 1500w, https:\/\/amazonia.fiocruz.br\/wp-content\/uploads\/2026\/05\/reuniao-dsei-parintins-e-condisi-1-705x529.jpg 705w\" sizes=\"(max-width: 2000px) 100vw, 2000px\" \/><\/figure>\n\n\n\n<p>K\u00e1tia Lima conta que esteve no munic\u00edpio de Parintins, entre os dias 27 e 30\/04, participando de reuni\u00f5es com o coordenador do DSEI Parintins, Jecinaldo Barbosa Cabral, da etnia Sater\u00e9-maw\u00e9, visando, al\u00e9m da implementa\u00e7\u00e3o do curso de forma\u00e7\u00e3o dos conselheiros, uma parceria, a convite do DSEI Parintins, para uma forma\u00e7\u00e3o espec\u00edfica de Agentes Ind\u00edgenas de Sa\u00fade naquele polo, onde atuam como elo entre o sistema de sa\u00fade oficial e as tradi\u00e7\u00f5es locais, promovendo sa\u00fade e prevenindo doen\u00e7as nas aldeias. O DSEI-Parintins atende atualmente cerca de 13 mil ind\u00edgenas (das etnias Sater\u00e9-Maw\u00e9 e Hixkaryana) em 12 polos-base nos munic\u00edpios de Parintins, Mau\u00e9s, Barreirinha e Nhamund\u00e1. \u201cO Conselho Distrital de Sa\u00fade Ind\u00edgena (CONDISI) \u00e9 composto por lideran\u00e7as locais de cada polo e os conselheiros ind\u00edgenas t\u00eam um papel importante no acompanhamento e controle da implementa\u00e7\u00e3o das pol\u00edticas de sa\u00fade ind\u00edgena\u201d, explica K\u00e1tia Lima, refor\u00e7ando a import\u00e2ncia do apoio interinstitucional para a realiza\u00e7\u00e3o das oficinas.<\/p>\n\n\n\n<figure class=\"wp-block-image size-full\"><img decoding=\"async\" width=\"1600\" height=\"1200\" src=\"https:\/\/amazonia.fiocruz.br\/wp-content\/uploads\/2026\/05\/agendes-indigenas-de-saude-parintins.jpg\" alt=\"\" class=\"wp-image-59242\" srcset=\"https:\/\/amazonia.fiocruz.br\/wp-content\/uploads\/2026\/05\/agendes-indigenas-de-saude-parintins.jpg 1600w, https:\/\/amazonia.fiocruz.br\/wp-content\/uploads\/2026\/05\/agendes-indigenas-de-saude-parintins-300x225.jpg 300w, https:\/\/amazonia.fiocruz.br\/wp-content\/uploads\/2026\/05\/agendes-indigenas-de-saude-parintins-768x576.jpg 768w, https:\/\/amazonia.fiocruz.br\/wp-content\/uploads\/2026\/05\/agendes-indigenas-de-saude-parintins-1536x1152.jpg 1536w, https:\/\/amazonia.fiocruz.br\/wp-content\/uploads\/2026\/05\/agendes-indigenas-de-saude-parintins-1500x1125.jpg 1500w, https:\/\/amazonia.fiocruz.br\/wp-content\/uploads\/2026\/05\/agendes-indigenas-de-saude-parintins-705x529.jpg 705w\" sizes=\"(max-width: 1600px) 100vw, 1600px\" \/><\/figure>\n\n\n\n<p>Ao todo, o Amazonas possui sete DSEIS: Alto Rio Negro, Alto Rio Solim\u00f5es, Manaus, M\u00e9dio Rio Purus, M\u00e9dio Rio Solim\u00f5es, Parintins e Vale do Rio Javari. \u201cO projeto pretende ir a todos eles\u201d, explica a pesquisadora, destacando que para cada um existem desafios log\u00edsticos espec\u00edficos a serem vencidos. \u201cAs forma\u00e7\u00f5es t\u00eam, em m\u00e9dia, dois dias de dura\u00e7\u00e3o e demandam esfor\u00e7o e investimentos no sentido de conseguir reunir todos os conselheiros, garantindo transporte para buscar e levar de volta \u00e0s aldeias, geralmente situadas em localidades remotas, da\u00ed a necessidade de nos articularmos com certa anteced\u00eancia e fecharmos a garantia do apoio das coordena\u00e7\u00f5es\u201d, explicou. Al\u00e9m de Jecinaldo Sater\u00e9, K\u00e1tia Lima esteve reunida com o presidente do CONDISI\/DSEI-Parintins, Eudes Lopes Batista. <\/p>\n\n\n\n<figure class=\"wp-block-image size-large\"><img decoding=\"async\" width=\"2000\" height=\"1500\" src=\"https:\/\/amazonia.fiocruz.br\/wp-content\/uploads\/2026\/05\/reuniao-dsei-parintins-e-condisi--2000x1500.jpg\" alt=\"\" class=\"wp-image-59240\" srcset=\"https:\/\/amazonia.fiocruz.br\/wp-content\/uploads\/2026\/05\/reuniao-dsei-parintins-e-condisi--2000x1500.jpg 2000w, https:\/\/amazonia.fiocruz.br\/wp-content\/uploads\/2026\/05\/reuniao-dsei-parintins-e-condisi--300x225.jpg 300w, https:\/\/amazonia.fiocruz.br\/wp-content\/uploads\/2026\/05\/reuniao-dsei-parintins-e-condisi--768x576.jpg 768w, https:\/\/amazonia.fiocruz.br\/wp-content\/uploads\/2026\/05\/reuniao-dsei-parintins-e-condisi--1536x1152.jpg 1536w, https:\/\/amazonia.fiocruz.br\/wp-content\/uploads\/2026\/05\/reuniao-dsei-parintins-e-condisi--2048x1536.jpg 2048w, https:\/\/amazonia.fiocruz.br\/wp-content\/uploads\/2026\/05\/reuniao-dsei-parintins-e-condisi--1500x1125.jpg 1500w, https:\/\/amazonia.fiocruz.br\/wp-content\/uploads\/2026\/05\/reuniao-dsei-parintins-e-condisi--705x529.jpg 705w\" sizes=\"(max-width: 2000px) 100vw, 2000px\" \/><\/figure>\n\n\n\n<p>\u201cFazemos visitas pr\u00e9vias a todas as sedes dos munic\u00edpios onde est\u00e3o situados os DSEIS exatamente para fazer a articula\u00e7\u00e3o em n\u00edvel local e definir a estrat\u00e9gia de atua\u00e7\u00e3o do projeto quanto \u00e0 log\u00edstica necess\u00e1ria para levar professores\/facilitadores, material did\u00e1tico e de apoio para as localidades. Ficamos felizes com a receptividade do atual coordenador do DSEI, Jecinaldo Sater\u00e9, e do presidente do CONDISI Parintins, que nos garantiram o apoio log\u00edstico necess\u00e1rio. O CONDISI \u00e9 o \u00f3rg\u00e3o colegiado respons\u00e1vel por fiscalizar, debater e aprovar pol\u00edticas p\u00fablicas de sa\u00fade, al\u00e9m de avaliar as contas dos DSEIs.<\/p>\n\n\n\n<figure class=\"wp-block-image size-full\"><img decoding=\"async\" width=\"1600\" height=\"1200\" src=\"https:\/\/amazonia.fiocruz.br\/wp-content\/uploads\/2026\/05\/palestra-aos-agentes-indegenas-de-saneamento.jpg\" alt=\"\" class=\"wp-image-59244\" srcset=\"https:\/\/amazonia.fiocruz.br\/wp-content\/uploads\/2026\/05\/palestra-aos-agentes-indegenas-de-saneamento.jpg 1600w, https:\/\/amazonia.fiocruz.br\/wp-content\/uploads\/2026\/05\/palestra-aos-agentes-indegenas-de-saneamento-300x225.jpg 300w, https:\/\/amazonia.fiocruz.br\/wp-content\/uploads\/2026\/05\/palestra-aos-agentes-indegenas-de-saneamento-768x576.jpg 768w, https:\/\/amazonia.fiocruz.br\/wp-content\/uploads\/2026\/05\/palestra-aos-agentes-indegenas-de-saneamento-1536x1152.jpg 1536w, https:\/\/amazonia.fiocruz.br\/wp-content\/uploads\/2026\/05\/palestra-aos-agentes-indegenas-de-saneamento-1500x1125.jpg 1500w, https:\/\/amazonia.fiocruz.br\/wp-content\/uploads\/2026\/05\/palestra-aos-agentes-indegenas-de-saneamento-705x529.jpg 705w\" sizes=\"(max-width: 1600px) 100vw, 1600px\" \/><\/figure>\n\n\n\n<p>De acordo com K\u00e1tia Lima, estes conselhos desempenham um papel fundamental na garantia da participa\u00e7\u00e3o dos povos ind\u00edgenas na formula\u00e7\u00e3o, acompanhamento e avalia\u00e7\u00e3o das pol\u00edticas p\u00fablicas de sa\u00fade. \u201cEles tamb\u00e9m t\u00eam a responsabilidade de fiscalizar, debater e apresentar propostas para o fortalecimento da sa\u00fade nos territ\u00f3rios ind\u00edgenas. Apesar da import\u00e2ncia dos CONDISI, como espa\u00e7os institucionais de controle social no \u00e2mbito do SasiSUS, ainda s\u00e3o escassos os estudos que sistematizam as percep\u00e7\u00f5es e experi\u00eancias de seus pr\u00f3prios membros ind\u00edgenas, profissionais de sa\u00fade e gestores\u201d, enfatiza o projeto.<\/p>\n\n\n\n<p>Durante a visita a Parintins, K\u00e1tia Lima foi convidada, a convite do CONDISI, a realizar uma apresenta\u00e7\u00e3o aos alunos que particpavam do curso de Agentes Ind\u00edgenas de Saneamento Ambiental (AISAN), onde falou sobre o papel da Fiocruz enquanto institui\u00e7\u00e3o de pesquisa e ensino, com contribui\u00e7\u00e3o singiticativa na educa\u00e7\u00e3o em sa\u00fade ind\u00edgena.    <br>&nbsp;<\/p>\n\n\n\n<p><strong><em>ILMD\/Fiocruz Amaz\u00f4nia, por J\u00falio Pedrosa<\/em><\/strong><\/p>\n\n\n\n<p><strong><em>Fotos: Divulga\u00e7\u00e3o \/ Fiocruz Amaz\u00f4nia<\/em><\/strong><\/p>\n","protected":false},"excerpt":{"rendered":"<p>Projeto se prop\u00f5e a realizar oficinas de forma\u00e7\u00e3o nos sete Distritos Sanit\u00e1rios Especiais Ind\u00edgenas (DSEIS) do Amazonas, com apoio dos conselhos distritais de sa\u00fade ind\u00edgena, que integram o Subsistema de Aten\u00e7\u00e3o \u00e0 Sa\u00fade Ind\u00edgena do Sistema \u00danico de Sa\u00fade (SasiSUS)<\/p>\n","protected":false},"author":60,"featured_media":59243,"comment_status":"closed","ping_status":"closed","sticky":false,"template":"","format":"image","meta":{"footnotes":""},"categories":[15],"tags":[1471,1470,1297],"class_list":["post-59239","post","type-post","status-publish","format-image","has-post-thumbnail","hentry","category-noticias","tag-condisiparinits","tag-dseiparintins","tag-saudeindigena","post_format-post-format-image"],"_links":{"self":[{"href":"https:\/\/amazonia.fiocruz.br\/index.php?rest_route=\/wp\/v2\/posts\/59239","targetHints":{"allow":["GET"]}}],"collection":[{"href":"https:\/\/amazonia.fiocruz.br\/index.php?rest_route=\/wp\/v2\/posts"}],"about":[{"href":"https:\/\/amazonia.fiocruz.br\/index.php?rest_route=\/wp\/v2\/types\/post"}],"author":[{"embeddable":true,"href":"https:\/\/amazonia.fiocruz.br\/index.php?rest_route=\/wp\/v2\/users\/60"}],"replies":[{"embeddable":true,"href":"https:\/\/amazonia.fiocruz.br\/index.php?rest_route=%2Fwp%2Fv2%2Fcomments&post=59239"}],"version-history":[{"count":2,"href":"https:\/\/amazonia.fiocruz.br\/index.php?rest_route=\/wp\/v2\/posts\/59239\/revisions"}],"predecessor-version":[{"id":59246,"href":"https:\/\/amazonia.fiocruz.br\/index.php?rest_route=\/wp\/v2\/posts\/59239\/revisions\/59246"}],"wp:featuredmedia":[{"embeddable":true,"href":"https:\/\/amazonia.fiocruz.br\/index.php?rest_route=\/wp\/v2\/media\/59243"}],"wp:attachment":[{"href":"https:\/\/amazonia.fiocruz.br\/index.php?rest_route=%2Fwp%2Fv2%2Fmedia&parent=59239"}],"wp:term":[{"taxonomy":"category","embeddable":true,"href":"https:\/\/amazonia.fiocruz.br\/index.php?rest_route=%2Fwp%2Fv2%2Fcategories&post=59239"},{"taxonomy":"post_tag","embeddable":true,"href":"https:\/\/amazonia.fiocruz.br\/index.php?rest_route=%2Fwp%2Fv2%2Ftags&post=59239"}],"curies":[{"name":"wp","href":"https:\/\/api.w.org\/{rel}","templated":true}]}}