{"id":59228,"date":"2026-04-30T15:07:01","date_gmt":"2026-04-30T19:07:01","guid":{"rendered":"https:\/\/amazonia.fiocruz.br\/?p=59228"},"modified":"2026-04-30T15:10:46","modified_gmt":"2026-04-30T19:10:46","slug":"fiocruz-coordena-1a-conferencia-estadual-dos-ods-do-amazonas-reunindo-instituicoes-publicas-sociedade-civil-e-comunidade-cientifica","status":"publish","type":"post","link":"https:\/\/amazonia.fiocruz.br\/?p=59228","title":{"rendered":"Fiocruz coordena 1\u00aa Confer\u00eancia Estadual dos ODS do Amazonas reunindo institui\u00e7\u00f5es p\u00fablicas, sociedade civil e comunidade cient\u00edfica"},"content":{"rendered":"\n<p>Manaus sediar\u00e1, no pr\u00f3ximo dia 20 de maio, a 1\u00aa Confer\u00eancia Amazonas dos Objetivos de Desenvolvimento Sustent\u00e1vel (ODS), iniciativa que reunir\u00e1 representantes de institui\u00e7\u00f5es p\u00fablicas, sociedade civil, setor privado e comunidade cient\u00edfica para debater estrat\u00e9gias voltadas ao desenvolvimento sustent\u00e1vel no Estado. O evento acontecer\u00e1 das 8h30 \u00e0s 17h, no Audit\u00f3rio Suma\u00fama, da Faculdade de Ci\u00eancias Agr\u00e1rias da Universidade Federal do Amazonas (UFAM).<\/p>\n\n\n\n<figure class=\"wp-block-image size-large\"><img decoding=\"async\" width=\"2000\" height=\"1500\" src=\"https:\/\/amazonia.fiocruz.br\/wp-content\/uploads\/2026\/04\/reuniao-preparatoria-para-a-confeencia-estadual-dos-ODS-2000x1500.jpg\" alt=\"\" class=\"wp-image-59230\" srcset=\"https:\/\/amazonia.fiocruz.br\/wp-content\/uploads\/2026\/04\/reuniao-preparatoria-para-a-confeencia-estadual-dos-ODS-2000x1500.jpg 2000w, https:\/\/amazonia.fiocruz.br\/wp-content\/uploads\/2026\/04\/reuniao-preparatoria-para-a-confeencia-estadual-dos-ODS-300x225.jpg 300w, https:\/\/amazonia.fiocruz.br\/wp-content\/uploads\/2026\/04\/reuniao-preparatoria-para-a-confeencia-estadual-dos-ODS-768x576.jpg 768w, https:\/\/amazonia.fiocruz.br\/wp-content\/uploads\/2026\/04\/reuniao-preparatoria-para-a-confeencia-estadual-dos-ODS-1536x1152.jpg 1536w, https:\/\/amazonia.fiocruz.br\/wp-content\/uploads\/2026\/04\/reuniao-preparatoria-para-a-confeencia-estadual-dos-ODS-2048x1536.jpg 2048w, https:\/\/amazonia.fiocruz.br\/wp-content\/uploads\/2026\/04\/reuniao-preparatoria-para-a-confeencia-estadual-dos-ODS-1500x1125.jpg 1500w, https:\/\/amazonia.fiocruz.br\/wp-content\/uploads\/2026\/04\/reuniao-preparatoria-para-a-confeencia-estadual-dos-ODS-705x529.jpg 705w\" sizes=\"(max-width: 2000px) 100vw, 2000px\" \/><\/figure>\n\n\n\n<p>Coordenada pelo Instituto Le\u00f4nidas e Maria Deane (ILMD\/Fiocruz Amaz\u00f4nia), a confer\u00eancia integra o processo preparat\u00f3rio da 1\u00aa Confer\u00eancia Nacional dos ODS, prevista para ocorrer em Bras\u00edlia entre os dias 29 de junho e 3 de julho. A proposta \u00e9 promover um debate qualificado sobre a Agenda 2030 no territ\u00f3rio amazonense, identificar desafios e potencialidades locais e formular propostas que contribuam para o desenvolvimento sustent\u00e1vel e inclusivo.<\/p>\n\n\n\n<p>A etapa estadual constitui um espa\u00e7o estrat\u00e9gico de participa\u00e7\u00e3o social e governan\u00e7a colaborativa, permitindo a articula\u00e7\u00e3o entre institui\u00e7\u00f5es acad\u00eamicas, gestores p\u00fablicos e organiza\u00e7\u00f5es sociais em torno de agendas priorit\u00e1rias, como redu\u00e7\u00e3o das desigualdades, sustentabilidade ambiental e inova\u00e7\u00e3o para o desenvolvimento. Al\u00e9m de construir propostas relacionadas aos eixos tem\u00e1ticos da Agenda 2030, a confer\u00eancia tamb\u00e9m eleger\u00e1 a delega\u00e7\u00e3o estadual que representar\u00e1 o Amazonas na etapa nacional.<\/p>\n\n\n\n<p>De acordo com o pesquisador em Sa\u00fade P\u00fablica da Fiocruz Amaz\u00f4nia, Rodrigo Tobias, a confer\u00eancia consolida um processo j\u00e1 iniciado em diferentes territ\u00f3rios do Amazonas. \u201cTivemos pelo menos 25 confer\u00eancias livres realizadas no Estado, em uma etapa importante de discuss\u00e3o sobre os ODS em nosso territ\u00f3rio. Agora, buscamos reunir diferentes atores para ampliar essa contribui\u00e7\u00e3o em \u00e2mbito estadual. Estimamos a participa\u00e7\u00e3o de aproximadamente 150 pessoas, entre representantes da sociedade civil, institui\u00e7\u00f5es governamentais, setor privado e comunidade cient\u00edfica\u201d, destacou.<\/p>\n\n\n\n<figure class=\"wp-block-image size-full is-resized\"><img decoding=\"async\" width=\"1280\" height=\"960\" src=\"https:\/\/amazonia.fiocruz.br\/wp-content\/uploads\/2026\/04\/dr-rodrigo-tobias-pesquisador-da-fiocruz-amazonia-coordenacao-conferencia.jpg\" alt=\"\" class=\"wp-image-59231\" style=\"width:1382px;height:auto\" srcset=\"https:\/\/amazonia.fiocruz.br\/wp-content\/uploads\/2026\/04\/dr-rodrigo-tobias-pesquisador-da-fiocruz-amazonia-coordenacao-conferencia.jpg 1280w, https:\/\/amazonia.fiocruz.br\/wp-content\/uploads\/2026\/04\/dr-rodrigo-tobias-pesquisador-da-fiocruz-amazonia-coordenacao-conferencia-300x225.jpg 300w, https:\/\/amazonia.fiocruz.br\/wp-content\/uploads\/2026\/04\/dr-rodrigo-tobias-pesquisador-da-fiocruz-amazonia-coordenacao-conferencia-768x576.jpg 768w, https:\/\/amazonia.fiocruz.br\/wp-content\/uploads\/2026\/04\/dr-rodrigo-tobias-pesquisador-da-fiocruz-amazonia-coordenacao-conferencia-705x529.jpg 705w\" sizes=\"(max-width: 1280px) 100vw, 1280px\" \/><\/figure>\n\n\n\n<p>Para a diretora da Fiocruz Amaz\u00f4nia, Stefanie Lopes, coordenar a realiza\u00e7\u00e3o da Confer\u00eancia Estadual dos ODS representa uma oportunidade de fortalecer a integra\u00e7\u00e3o entre ci\u00eancia, gest\u00e3o p\u00fablica e participa\u00e7\u00e3o social. \u201cA confer\u00eancia representa um espa\u00e7o estrat\u00e9gico para construir, de forma coletiva, propostas que dialoguem com as especificidades e desafios da Amaz\u00f4nia. Reunir institui\u00e7\u00f5es, gestores, pesquisadores e movimentos sociais em torno dos Objetivos de Desenvolvimento Sustent\u00e1vel refor\u00e7a o compromisso com pol\u00edticas p\u00fablicas mais inclusivas, sustent\u00e1veis e alinhadas \u00e0s necessidades do territ\u00f3rio amazonense\u201d, afirmou.<\/p>\n\n\n\n<p>No \u00faltimo dia 28 de julho, representantes das institui\u00e7\u00f5es envolvidas na organiza\u00e7\u00e3o do evento estiveram reunidos na sede da Fiocruz Amaz\u00f4nia para alinhar aspectos da programa\u00e7\u00e3o, definir equipes de trabalho e avan\u00e7ar na elabora\u00e7\u00e3o dos documentos orientadores da confer\u00eancia.<\/p>\n\n\n\n<figure class=\"wp-block-image size-large\"><img decoding=\"async\" width=\"2000\" height=\"1500\" src=\"https:\/\/amazonia.fiocruz.br\/wp-content\/uploads\/2026\/04\/reuniao-preparatoria-para-a-conferencia-estadual-dos-ODS-Amazonas-1-2000x1500.jpg\" alt=\"\" class=\"wp-image-59232\" srcset=\"https:\/\/amazonia.fiocruz.br\/wp-content\/uploads\/2026\/04\/reuniao-preparatoria-para-a-conferencia-estadual-dos-ODS-Amazonas-1-2000x1500.jpg 2000w, https:\/\/amazonia.fiocruz.br\/wp-content\/uploads\/2026\/04\/reuniao-preparatoria-para-a-conferencia-estadual-dos-ODS-Amazonas-1-300x225.jpg 300w, https:\/\/amazonia.fiocruz.br\/wp-content\/uploads\/2026\/04\/reuniao-preparatoria-para-a-conferencia-estadual-dos-ODS-Amazonas-1-768x576.jpg 768w, https:\/\/amazonia.fiocruz.br\/wp-content\/uploads\/2026\/04\/reuniao-preparatoria-para-a-conferencia-estadual-dos-ODS-Amazonas-1-1536x1152.jpg 1536w, https:\/\/amazonia.fiocruz.br\/wp-content\/uploads\/2026\/04\/reuniao-preparatoria-para-a-conferencia-estadual-dos-ODS-Amazonas-1-2048x1536.jpg 2048w, https:\/\/amazonia.fiocruz.br\/wp-content\/uploads\/2026\/04\/reuniao-preparatoria-para-a-conferencia-estadual-dos-ODS-Amazonas-1-1500x1125.jpg 1500w, https:\/\/amazonia.fiocruz.br\/wp-content\/uploads\/2026\/04\/reuniao-preparatoria-para-a-conferencia-estadual-dos-ODS-Amazonas-1-705x529.jpg 705w\" sizes=\"(max-width: 2000px) 100vw, 2000px\" \/><\/figure>\n\n\n\n<p>Presente \u00e0 reuni\u00e3o preparat\u00f3ria, a diretora de Avalia\u00e7\u00e3o e Acompanhamento das A\u00e7\u00f5es de Extens\u00e3o da Pr\u00f3-Reitoria de Extens\u00e3o da UFAM, Andreza Weil, ressaltou a import\u00e2ncia da participa\u00e7\u00e3o institucional ampliada para o fortalecimento do debate sobre os ODS. \u201cTrata-se de um evento grandioso, cuja representatividade institucional \u00e9 essencial para qualificar as discuss\u00f5es em torno dos ODS. N\u00e3o se realiza uma confer\u00eancia com uma ou duas institui\u00e7\u00f5es, mas com uma rede comprometida com a implementa\u00e7\u00e3o dos objetivos e com a constru\u00e7\u00e3o coletiva de propostas capazes de representar o Amazonas na etapa nacional. A Universidade Federal do Amazonas se sente honrada em sediar esse encontro\u201d, afirmou.<\/p>\n\n\n\n<p>O secret\u00e1rio executivo de Ci\u00eancia, Tecnologia e Inova\u00e7\u00e3o da SEDECTI, Jeibe Medeiros da Costa, tamb\u00e9m destacou a relev\u00e2ncia da articula\u00e7\u00e3o entre diferentes institui\u00e7\u00f5es para o \u00eaxito da confer\u00eancia. \u201cA SEDECTI se soma \u00e0 Fiocruz, \u00e0 UFAM e \u00e0s demais institui\u00e7\u00f5es envolvidas com a convic\u00e7\u00e3o de que essa uni\u00e3o fortalece o processo de constru\u00e7\u00e3o coletiva. A reuni\u00e3o preparat\u00f3ria j\u00e1 demonstrou a for\u00e7a dessa parceria, o que nos d\u00e1 seguran\u00e7a de que a confer\u00eancia ser\u00e1 um importante marco para o Amazonas\u201d, declarou.<\/p>\n\n\n\n<p>A confer\u00eancia \u00e9 realizada em parceria com a Universidade Federal do Amazonas (UFAM), Instituto Nacional de Pesquisas da Amaz\u00f4nia (INPA), Secretaria de Estado de Desenvolvimento Econ\u00f4mico, Ci\u00eancia, Tecnologia e Inova\u00e7\u00e3o (SEDECTI), Rede de Trabalho Amaz\u00f4nico (GTA), Comiss\u00e3o Nacional para os Objetivos do Desenvolvimento Sustent\u00e1vel (CNODS) e Secretaria Geral da Presid\u00eancia da Rep\u00fablica. Os Objetivos de Desenvolvimento Sustent\u00e1vel constituem um apelo global \u00e0 a\u00e7\u00e3o para erradicar a pobreza, proteger o meio ambiente e enfrentar as mudan\u00e7as clim\u00e1ticas, garantindo melhores condi\u00e7\u00f5es de vida para as popula\u00e7\u00f5es. A Agenda 2030 re\u00fane metas relacionadas a \u00e1reas como sa\u00fade, educa\u00e7\u00e3o, igualdade de g\u00eanero, trabalho digno, redu\u00e7\u00e3o das desigualdades, cidades sustent\u00e1veis, consumo respons\u00e1vel, preserva\u00e7\u00e3o ambiental e fortalecimento das institui\u00e7\u00f5es democr\u00e1ticas. No Brasil, foi incorporado ainda o 18\u00ba ODS, voltado \u00e0 promo\u00e7\u00e3o da igualdade \u00e9tnico-racial.<\/p>\n\n\n\n<p><strong><em>ILMD\/Fiocruz Amaz\u00f4nia, por J\u00falio Pedrosa<\/em><\/strong><\/p>\n\n\n\n<p><strong><em>Fotos: Eduardo Gomes \/ Fiocruz Amaz\u00f4nia<\/em><\/strong><\/p>\n\n\n\n<p><\/p>\n","protected":false},"excerpt":{"rendered":"<p>Confer\u00eancia \u00e9 realizada em parceria com a Universidade Federal do Amazonas (UFAM), Instituto Nacional de Pesquisas da Amaz\u00f4nia (INPA), Secretaria de Estado de Desenvolvimento Econ\u00f4mico, Ci\u00eancia, Tecnologia e Inova\u00e7\u00e3o (SEDECTI), Rede de Trabalho Amaz\u00f4nico (GTA), Comiss\u00e3o Nacional para os Objetivos do Desenvolvimento Sustent\u00e1vel (CNODS) e Secretaria Geral da Presid\u00eancia da Rep\u00fablica.<\/p>\n","protected":false},"author":60,"featured_media":59229,"comment_status":"closed","ping_status":"closed","sticky":false,"template":"","format":"image","meta":{"footnotes":""},"categories":[15],"tags":[1467,1469,1468],"class_list":["post-59228","post","type-post","status-publish","format-image","has-post-thumbnail","hentry","category-noticias","tag-conferenciaamazonasods","tag-objetivosdesenvolvimentosustentavel","tag-ufam-sedecti","post_format-post-format-image"],"_links":{"self":[{"href":"https:\/\/amazonia.fiocruz.br\/index.php?rest_route=\/wp\/v2\/posts\/59228","targetHints":{"allow":["GET"]}}],"collection":[{"href":"https:\/\/amazonia.fiocruz.br\/index.php?rest_route=\/wp\/v2\/posts"}],"about":[{"href":"https:\/\/amazonia.fiocruz.br\/index.php?rest_route=\/wp\/v2\/types\/post"}],"author":[{"embeddable":true,"href":"https:\/\/amazonia.fiocruz.br\/index.php?rest_route=\/wp\/v2\/users\/60"}],"replies":[{"embeddable":true,"href":"https:\/\/amazonia.fiocruz.br\/index.php?rest_route=%2Fwp%2Fv2%2Fcomments&post=59228"}],"version-history":[{"count":2,"href":"https:\/\/amazonia.fiocruz.br\/index.php?rest_route=\/wp\/v2\/posts\/59228\/revisions"}],"predecessor-version":[{"id":59234,"href":"https:\/\/amazonia.fiocruz.br\/index.php?rest_route=\/wp\/v2\/posts\/59228\/revisions\/59234"}],"wp:featuredmedia":[{"embeddable":true,"href":"https:\/\/amazonia.fiocruz.br\/index.php?rest_route=\/wp\/v2\/media\/59229"}],"wp:attachment":[{"href":"https:\/\/amazonia.fiocruz.br\/index.php?rest_route=%2Fwp%2Fv2%2Fmedia&parent=59228"}],"wp:term":[{"taxonomy":"category","embeddable":true,"href":"https:\/\/amazonia.fiocruz.br\/index.php?rest_route=%2Fwp%2Fv2%2Fcategories&post=59228"},{"taxonomy":"post_tag","embeddable":true,"href":"https:\/\/amazonia.fiocruz.br\/index.php?rest_route=%2Fwp%2Fv2%2Ftags&post=59228"}],"curies":[{"name":"wp","href":"https:\/\/api.w.org\/{rel}","templated":true}]}}