{"id":59224,"date":"2026-04-29T14:57:39","date_gmt":"2026-04-29T18:57:39","guid":{"rendered":"https:\/\/amazonia.fiocruz.br\/?p=59224"},"modified":"2026-04-29T14:59:17","modified_gmt":"2026-04-29T18:59:17","slug":"fiocruz-amazonia-divulga-1a-republicacao-da-chamada-publica-referente-a-selecao-ao-doutorado-em-saude-publica-na-amazonia-contemplando-acoes-afirmativas-e-mudanca-no-metodo-de-aplicacao-da-prova-oral","status":"publish","type":"post","link":"https:\/\/amazonia.fiocruz.br\/?p=59224","title":{"rendered":"Fiocruz Amaz\u00f4nia divulga 1\u00aa republica\u00e7\u00e3o da Chamada P\u00fablica referente \u00e0 sele\u00e7\u00e3o ao Doutorado em Sa\u00fade P\u00fablica na Amaz\u00f4nia contemplando a\u00e7\u00f5es afirmativas e mudan\u00e7a no m\u00e9todo de aplica\u00e7\u00e3o da prova oral"},"content":{"rendered":"\n<p>O Instituto Le\u00f4nidas &amp; Maria Deane (ILMD\/Fiocruz Amaz\u00f4nia) divulgou nesta quarta-feira, 29\/04, a 1\u00aa Republica\u00e7\u00e3o da Chamada P\u00fablica N\u00ba 005\/2026, referente ao processo de sele\u00e7\u00e3o p\u00fablica para ingresso no Curso de Doutorado em Sa\u00fade P\u00fablica na Amaz\u00f4nia, oferecido em cons\u00f3rcio pela Fiocruz Amaz\u00f4nia, Universidade Federal do Amazonas (Ufam) e Universidade do Estado do Amazonas (UEA). A republica\u00e7\u00e3o apresenta inclus\u00e3o dos itens relativos \u00e0s a\u00e7\u00f5es afirmativas do processo seletivo e altera\u00e7\u00f5es referentes ao local de inser\u00e7\u00e3o sobre o uso ou n\u00e3o de ferramentas de intelig\u00eancia artificial e o m\u00e9todo de aplica\u00e7\u00e3o da prova oral. O prazo para inscri\u00e7\u00f5es se encerrar\u00e1 \u00e0s 16h do dia 15\/05\/2026.<\/p>\n\n\n\n<p>Confira <a href=\"https:\/\/amazonia.fiocruz.br\/?page_id=58593\">AQUI<\/a> a 1\u00aa Republica\u00e7\u00e3o<\/p>\n\n\n\n<p>Entre as mudan\u00e7as, est\u00e1 a que altera o m\u00e9todo de aplica\u00e7\u00e3o da prova oral, etapa que acontecer\u00e1 entre os dias 15 e 19\/06\/2026. Antes aplicada apenas de forma presencial, a prova poder\u00e1 ser feita tamb\u00e9m de modo remoto, se o candidato assim optar. Os aprovados na 2\u00aa etapa do processo seletivo ser\u00e3o contatados para que indiquem a op\u00e7\u00e3o pela realiza\u00e7\u00e3o da prova de forma s\u00edncrona (remota) ou presencial.<\/p>\n\n\n\n<p>A prova oral presencial ocorrer\u00e1 na sede do ILMD\/Fiocruz Amaz\u00f4nia, com dura\u00e7\u00e3o m\u00e1xima de 30 (trinta) minutos por candidato. O candidato dever\u00e1 se apresentar no dia e hor\u00e1rio programado para a prova oral, munido de documento de identifica\u00e7\u00e3o com foto.<\/p>\n\n\n\n<p>J\u00e1 a prova oral s\u00edncrona (remota) ser\u00e1 feita por videoconfer\u00eancia, pela banca examinadora, em car\u00e1ter fechado, com dura\u00e7\u00e3o m\u00e1xima de 30 (trinta) minutos por candidato. O candidato receber\u00e1 informa\u00e7\u00f5es referentes \u00e0 plataforma virtual e o link de acesso com anteced\u00eancia m\u00ednima de 48 (quarenta e oito) horas da data da prova.<\/p>\n\n\n\n<p>O edital informa que o candidato aprovado para esta etapa receber\u00e1, via e-mail cadastrado no sistema de inscri\u00e7\u00e3o (SIEF), o Termo de Autoriza\u00e7\u00e3o de Voz e Imagem (para fins de an\u00e1lise e revis\u00e3o em caso de recurso). O candidato que optar por realizar a prova de forma s\u00edncrona (remota) dever\u00e1 acessar a plataforma com anteced\u00eancia m\u00ednima de 15 (quinze) minutos, utilizando equipamento com c\u00e2mera, microfone e conex\u00e3o de internet compat\u00edvel.<\/p>\n\n\n\n<p>O documento refor\u00e7a que \u00e9 de inteira responsabilidade do candidato optante por esta modalidade garantir equipamentos e conex\u00e3o de internet necess\u00e1rios para a realiza\u00e7\u00e3o da prova. Em caso de problemas de acesso no ambiente virtual, estes devem ser imediatamente comunicados via e-mail drsaudepub.ilmd@fiocruz.br. &nbsp;A republica\u00e7\u00e3o tamb\u00e9m estabelece a necessidade de declara\u00e7\u00e3o sobre o uso ou n\u00e3o de ferramentas de Intelig\u00eancia Artificial, devidamente preenchida e assinada, na elabora\u00e7\u00e3o da s\u00famula curricular e do projeto preliminar de pesquisa.<\/p>\n\n\n\n<p>Como parte do compromisso com a promo\u00e7\u00e3o da equidade e inclus\u00e3o, a Chamada P\u00fablica contempla pol\u00edticas de a\u00e7\u00f5es afirmativas. Em car\u00e1ter excepcional, devido \u00e0s limita\u00e7\u00f5es t\u00e9cnicas do sistema de inscri\u00e7\u00e3o, candidatos autodeclarados pessoas trans e travestis, m\u00e3es de crian\u00e7as na primeira inf\u00e2ncia e imigrantes refugiados dever\u00e3o selecionar a categoria dispon\u00edvel no sistema \u201cPessoas autodeclaradas quilombolas\u201d apenas para viabilizar a inscri\u00e7\u00e3o, sendo obrigat\u00f3rio preencher e encaminhar o formul\u00e1rio correspondente \u00e0 sua pr\u00f3pria categoria.<\/p>\n\n\n\n<p>A institui\u00e7\u00e3o ressalta que a medida n\u00e3o prejudica o reconhecimento da autodeclara\u00e7\u00e3o original. Para fins de classifica\u00e7\u00e3o e preenchimento das vagas, ser\u00e1 considerada a op\u00e7\u00e3o informada no formul\u00e1rio correspondente.<\/p>\n\n\n\n<p><strong><em>ILMD\/Fiocruz Amaz\u00f4nia, por J\u00falio Pedrosa<\/em><\/strong><\/p>\n\n\n\n<p><strong><em>Imagem: Mackesy Nascimento \/ Fiocruz Amaz\u00f4nia<\/em><\/strong><\/p>\n","protected":false},"excerpt":{"rendered":"<p>Republica\u00e7\u00e3o inclui itens relativos \u00e0s a\u00e7\u00f5es afirmativas e altera\u00e7\u00f5es referentes ao local de inser\u00e7\u00e3o da declara\u00e7\u00e3o de uso ou n\u00e3o de ferramentas de intelig\u00eancia artificial, al\u00e9m da possibilidade de realiza\u00e7\u00e3o de prova oral remota<\/p>\n","protected":false},"author":60,"featured_media":59225,"comment_status":"closed","ping_status":"closed","sticky":false,"template":"","format":"image","meta":{"footnotes":""},"categories":[15],"tags":[1432,1466,1409,1254],"class_list":["post-59224","post","type-post","status-publish","format-image","has-post-thumbnail","hentry","category-noticias","tag-daspam-2","tag-republicacao-2","tag-saudecoletiva-2","tag-ufam-uea","post_format-post-format-image"],"_links":{"self":[{"href":"https:\/\/amazonia.fiocruz.br\/index.php?rest_route=\/wp\/v2\/posts\/59224","targetHints":{"allow":["GET"]}}],"collection":[{"href":"https:\/\/amazonia.fiocruz.br\/index.php?rest_route=\/wp\/v2\/posts"}],"about":[{"href":"https:\/\/amazonia.fiocruz.br\/index.php?rest_route=\/wp\/v2\/types\/post"}],"author":[{"embeddable":true,"href":"https:\/\/amazonia.fiocruz.br\/index.php?rest_route=\/wp\/v2\/users\/60"}],"replies":[{"embeddable":true,"href":"https:\/\/amazonia.fiocruz.br\/index.php?rest_route=%2Fwp%2Fv2%2Fcomments&post=59224"}],"version-history":[{"count":2,"href":"https:\/\/amazonia.fiocruz.br\/index.php?rest_route=\/wp\/v2\/posts\/59224\/revisions"}],"predecessor-version":[{"id":59227,"href":"https:\/\/amazonia.fiocruz.br\/index.php?rest_route=\/wp\/v2\/posts\/59224\/revisions\/59227"}],"wp:featuredmedia":[{"embeddable":true,"href":"https:\/\/amazonia.fiocruz.br\/index.php?rest_route=\/wp\/v2\/media\/59225"}],"wp:attachment":[{"href":"https:\/\/amazonia.fiocruz.br\/index.php?rest_route=%2Fwp%2Fv2%2Fmedia&parent=59224"}],"wp:term":[{"taxonomy":"category","embeddable":true,"href":"https:\/\/amazonia.fiocruz.br\/index.php?rest_route=%2Fwp%2Fv2%2Fcategories&post=59224"},{"taxonomy":"post_tag","embeddable":true,"href":"https:\/\/amazonia.fiocruz.br\/index.php?rest_route=%2Fwp%2Fv2%2Ftags&post=59224"}],"curies":[{"name":"wp","href":"https:\/\/api.w.org\/{rel}","templated":true}]}}