{"id":59213,"date":"2026-04-28T14:05:24","date_gmt":"2026-04-28T18:05:24","guid":{"rendered":"https:\/\/amazonia.fiocruz.br\/?p=59213"},"modified":"2026-04-28T14:07:22","modified_gmt":"2026-04-28T18:07:22","slug":"fiocruz-amazonia-participa-do-lancamento-da-1a-caravana-interfederativa-da-superintendencia-do-ministerio-da-saude-no-amazonas","status":"publish","type":"post","link":"https:\/\/amazonia.fiocruz.br\/?p=59213","title":{"rendered":"Fiocruz Amaz\u00f4nia participa do lan\u00e7amento da 1\u00aa Caravana Interfederativa da Superintend\u00eancia do Minist\u00e9rio da Sa\u00fade no Amazonas"},"content":{"rendered":"\n<p>A Fiocruz Amaz\u00f4nia participou nesta ter\u00e7a-feira, 28\/04, do lan\u00e7amento da&nbsp;1a&nbsp;Caravana&nbsp;Interfederativa&nbsp;da Superintend\u00eancia do Minist\u00e9rio da Sa\u00fade no Estado do Amazonas (SMSA). A iniciativa tem como finalidade fortalecer o di\u00e1logo com gestores locais, proporcionar o acolhimento e resolutividade \u00e0s principais demandas nas regi\u00f5es de sa\u00fade do Estado, bem como fomentar as discuss\u00f5es em torno da regionaliza\u00e7\u00e3o da sa\u00fade no territ\u00f3rio amaz\u00f4nico, por meio de caravanas \u00e0s diversas microrregi\u00f5es do Estado reunindo os \u00f3rg\u00e3os do Minist\u00e9rio da Sa\u00fade e Governo do Amazonas. O lan\u00e7amento ocorreu na sede da SMSA-AM e contou com a presen\u00e7a de representantes do poder p\u00fablico estadual, prefeituras e secretarias municipais de Sa\u00fade. Representando a diretora da Fiocruz Amaz\u00f4nia, Stefanie Lopes, a vice-diretora de Pesquisa e Inova\u00e7\u00e3o, Michele Rocha El Kadri, destacou a complexidade do territ\u00f3rio amaz\u00f4nico e suas diferentes realidades como as principais caracter\u00edsticas do Estado a serem reconhecidas no cumprimento desse desafio.<\/p>\n\n\n\n<p>\u201cTemos realidades distintas entre as regi\u00f5es do Estado e esse esfor\u00e7o da Superintend\u00eancia do Minist\u00e9rio da Sa\u00fade no Amazonas \u00e9 louv\u00e1vel no sentido de refor\u00e7ar e de fazer tamb\u00e9m chegar ao Minist\u00e9rio da Sa\u00fade a mensagem de que n\u00e3o d\u00e1 para termos a mesma pol\u00edtica, as mesmas m\u00e9tricas e o mesmo financiamento da sa\u00fade, que os lugares que s\u00e3o urbano centrados, que tem localiza\u00e7\u00e3o acess\u00edvel por estradas e sofrem com os mesmos problemas e desafios, a exemplo da viol\u00eancia que impacta os indicadores da sa\u00fade. \u00c9 importante pensar nos diversos territ\u00f3rios para que sejamos capazes de construir pol\u00edticas e orienta\u00e7\u00f5es espec\u00edficas, pensando em desenvolver solu\u00e7\u00f5es e parcerias para essa regi\u00e3o que \u00e9 t\u00e3o importante n\u00e3o s\u00f3 para o nosso Estado e para o Brasil, mas para o mundo inteiro\u201d, afirmou El Kadri.<\/p>\n\n\n\n<figure class=\"wp-block-image size-large\"><img decoding=\"async\" width=\"2000\" height=\"1333\" src=\"https:\/\/amazonia.fiocruz.br\/wp-content\/uploads\/2026\/04\/IMG_8044-2000x1333.jpg\" alt=\"\" class=\"wp-image-59215\" srcset=\"https:\/\/amazonia.fiocruz.br\/wp-content\/uploads\/2026\/04\/IMG_8044-2000x1333.jpg 2000w, https:\/\/amazonia.fiocruz.br\/wp-content\/uploads\/2026\/04\/IMG_8044-300x200.jpg 300w, https:\/\/amazonia.fiocruz.br\/wp-content\/uploads\/2026\/04\/IMG_8044-768x512.jpg 768w, https:\/\/amazonia.fiocruz.br\/wp-content\/uploads\/2026\/04\/IMG_8044-1536x1024.jpg 1536w, https:\/\/amazonia.fiocruz.br\/wp-content\/uploads\/2026\/04\/IMG_8044-2048x1365.jpg 2048w, https:\/\/amazonia.fiocruz.br\/wp-content\/uploads\/2026\/04\/IMG_8044-1500x1000.jpg 1500w, https:\/\/amazonia.fiocruz.br\/wp-content\/uploads\/2026\/04\/IMG_8044-705x470.jpg 705w\" sizes=\"(max-width: 2000px) 100vw, 2000px\" \/><\/figure>\n\n\n\n<p>O superintendente do MS no Amazonas, Geraldo Henrique Medeiros, explicou que a finalidade principal da caravana interfederativa \u00e9 garantir o amplo acesso a programas e servi\u00e7os do SUS em todas as microrregi\u00f5es do Estado. \u201cA caravana vai levar conhecimento e estrutura\u00e7\u00e3o para os munic\u00edpios, permitindo o acesso a tudo que o SUS oferece, inaugurando um novo momento com o apoio de todos os \u00f3rg\u00e3os\u201d, refor\u00e7ou. Com a iniciativa, a SMSA-AM pretende ampliar a resolutividade de encaminhamentos e demandas priorit\u00e1rias apresentadas pelos gestores locais, ampliar o acesso aos munic\u00edpis a programas, recursos e pol\u00edticas p\u00fablicas de sa\u00fade do Governo Federal, fortalecer a governan\u00e7a interfederativa e do relacionamento institucional entre os entes e consolidar a caravana como espa\u00e7o estrat\u00e9gico de apoio, integra\u00e7\u00e3o e qualifica\u00e7\u00e3o da gest\u00e3o em sa\u00fade no Estado do Amazonas.<\/p>\n\n\n\n<figure class=\"wp-block-image size-large\"><img decoding=\"async\" width=\"2000\" height=\"1333\" src=\"https:\/\/amazonia.fiocruz.br\/wp-content\/uploads\/2026\/04\/IMG_8036-2000x1333.jpg\" alt=\"\" class=\"wp-image-59217\" srcset=\"https:\/\/amazonia.fiocruz.br\/wp-content\/uploads\/2026\/04\/IMG_8036-2000x1333.jpg 2000w, https:\/\/amazonia.fiocruz.br\/wp-content\/uploads\/2026\/04\/IMG_8036-300x200.jpg 300w, https:\/\/amazonia.fiocruz.br\/wp-content\/uploads\/2026\/04\/IMG_8036-768x512.jpg 768w, https:\/\/amazonia.fiocruz.br\/wp-content\/uploads\/2026\/04\/IMG_8036-1536x1024.jpg 1536w, https:\/\/amazonia.fiocruz.br\/wp-content\/uploads\/2026\/04\/IMG_8036-2048x1365.jpg 2048w, https:\/\/amazonia.fiocruz.br\/wp-content\/uploads\/2026\/04\/IMG_8036-1500x1000.jpg 1500w, https:\/\/amazonia.fiocruz.br\/wp-content\/uploads\/2026\/04\/IMG_8036-705x470.jpg 705w\" sizes=\"(max-width: 2000px) 100vw, 2000px\" \/><\/figure>\n\n\n\n<p>A mesa de abertura do evento contou com a presen\u00e7a de representantes da Secretaria de Estado da Sa\u00fade (SES-AM), Funda\u00e7\u00e3o de Vigil\u00e2ncia em Sa\u00fade do Amazonas Dra Rosemary Costa Pinto (FVSRCP-AM), Conselho de Secretarias Municipais de Sa\u00fade (Cosems-AM), Associa\u00e7\u00e3o Amazonense de Munic\u00edpios (AAM), Ag\u00eancia Brasileira de Apoio \u00e0 Gest\u00e3o do Sistema \u00danico de Sa\u00fade (AgSUS) no Amazonas, Secretaria de Aten\u00e7\u00e3o Prim\u00e1ria \u00e0 Sa\u00fade (SAPS), Secretaria de Vigil\u00e2ncia em Sa\u00fade e Ambiente (SVSA) do Minist\u00e9rio da Sa\u00fade.<\/p>\n\n\n\n<p><strong><em>ILMD\/Fiocruz Amaz\u00f4nia, por J\u00falio Pedrosa<\/em><\/strong><\/p>\n\n\n\n<p><strong><em>Fotos: J\u00falio Pedrosa \/ Fiocruz Amaz\u00f4nia<\/em><\/strong><\/p>\n\n\n\n<p><\/p>\n","protected":false},"excerpt":{"rendered":"<p>Evento ocorreu na sede da SMSA-AM e contou com a presen\u00e7a de representantes do poder p\u00fablico estadual, prefeituras e secretarias municipais de Sa\u00fade.<\/p>\n","protected":false},"author":60,"featured_media":59214,"comment_status":"closed","ping_status":"closed","sticky":false,"template":"","format":"image","meta":{"footnotes":""},"categories":[15],"tags":[1463,1464,1465],"class_list":["post-59213","post","type-post","status-publish","format-image","has-post-thumbnail","hentry","category-noticias","tag-atencaoprimariaasaude-3","tag-caravanainterfederativa","tag-ministeriodasaude-3","post_format-post-format-image"],"_links":{"self":[{"href":"https:\/\/amazonia.fiocruz.br\/index.php?rest_route=\/wp\/v2\/posts\/59213","targetHints":{"allow":["GET"]}}],"collection":[{"href":"https:\/\/amazonia.fiocruz.br\/index.php?rest_route=\/wp\/v2\/posts"}],"about":[{"href":"https:\/\/amazonia.fiocruz.br\/index.php?rest_route=\/wp\/v2\/types\/post"}],"author":[{"embeddable":true,"href":"https:\/\/amazonia.fiocruz.br\/index.php?rest_route=\/wp\/v2\/users\/60"}],"replies":[{"embeddable":true,"href":"https:\/\/amazonia.fiocruz.br\/index.php?rest_route=%2Fwp%2Fv2%2Fcomments&post=59213"}],"version-history":[{"count":2,"href":"https:\/\/amazonia.fiocruz.br\/index.php?rest_route=\/wp\/v2\/posts\/59213\/revisions"}],"predecessor-version":[{"id":59220,"href":"https:\/\/amazonia.fiocruz.br\/index.php?rest_route=\/wp\/v2\/posts\/59213\/revisions\/59220"}],"wp:featuredmedia":[{"embeddable":true,"href":"https:\/\/amazonia.fiocruz.br\/index.php?rest_route=\/wp\/v2\/media\/59214"}],"wp:attachment":[{"href":"https:\/\/amazonia.fiocruz.br\/index.php?rest_route=%2Fwp%2Fv2%2Fmedia&parent=59213"}],"wp:term":[{"taxonomy":"category","embeddable":true,"href":"https:\/\/amazonia.fiocruz.br\/index.php?rest_route=%2Fwp%2Fv2%2Fcategories&post=59213"},{"taxonomy":"post_tag","embeddable":true,"href":"https:\/\/amazonia.fiocruz.br\/index.php?rest_route=%2Fwp%2Fv2%2Ftags&post=59213"}],"curies":[{"name":"wp","href":"https:\/\/api.w.org\/{rel}","templated":true}]}}