{"id":58167,"date":"2026-03-12T18:57:10","date_gmt":"2026-03-12T22:57:10","guid":{"rendered":"https:\/\/amazonia.fiocruz.br\/?p=58167"},"modified":"2026-03-12T18:58:26","modified_gmt":"2026-03-12T22:58:26","slug":"fiocruz-amazonia-destaca-papel-da-instituicao-como-centro-estrategico-de-vigilancia-na-amazonia-durante-visita-do-senador-omar-aziz","status":"publish","type":"post","link":"https:\/\/amazonia.fiocruz.br\/?p=58167","title":{"rendered":"Fiocruz Amaz\u00f4nia destaca papel da institui\u00e7\u00e3o como centro estrat\u00e9gico de vigil\u00e2ncia na Amaz\u00f4nia durante visita do senador Omar Aziz"},"content":{"rendered":"\n<p>A Fiocruz Amaz\u00f4nia recebeu na manh\u00e3 desta quinta-feira, 12\/03, a visita do senador Omar Aziz, para um momento de escuta e di\u00e1logo do parlamentar com a comunidade cient\u00edfica local durante encontro institucional promovido pela institui\u00e7\u00e3o. O objetivo foi o de possibilitar a escuta de propostas para o fortalecimento das pol\u00edticas p\u00fablicas de sa\u00fade e desenvolvimento de pesquisas que reforcem o papel da Fiocruz Amaz\u00f4nia enquanto centro estrat\u00e9gico de vigil\u00e2ncia, forma\u00e7\u00e3o e qualifica\u00e7\u00e3o profissional e inova\u00e7\u00e3o cient\u00edfica na Amaz\u00f4nia, e buscar o apoio do senador \u00e0 pauta do cumprimento do acordo firmado pelo Governo Federal com os trabalhadores da Fiocruz referente ao decreto que regulamenta o benef\u00edcio do Reconhecimento de Resultado de Aprendizagem (RRA) para os servidores.<\/p>\n\n\n\n<p>O RRA \u00e9 um mecanismo de valoriza\u00e7\u00e3o profissional que reconhece a qualifica\u00e7\u00e3o acad\u00eamica e t\u00e9cnica dos trabalhadores da Fiocruz, permitindo aumento remunerat\u00f3rio. Trata-se de uma luta nacional encampada por todas as categorias de trabalhadores das unidades da Fiocruz no Pa\u00eds. Omar Aziz destacou a import\u00e2ncia do papel da Ci\u00eancia e da valoriza\u00e7\u00e3o dos trabalhadores da \u00e1rea, se solidarizando com o movimento e assumindo o compromisso de defender a pauta junto ao Poder Executivo, no sentido de fortalecer a luta e cobrar a agiliza\u00e7\u00e3o do processo de regulamenta\u00e7\u00e3o.&nbsp; &nbsp;&nbsp;<\/p>\n\n\n\n<figure class=\"wp-block-image size-large\"><img decoding=\"async\" width=\"2000\" height=\"1333\" src=\"https:\/\/amazonia.fiocruz.br\/wp-content\/uploads\/2026\/03\/foto-omar-fachada-2000x1333.jpg\" alt=\"\" class=\"wp-image-58170\" srcset=\"https:\/\/amazonia.fiocruz.br\/wp-content\/uploads\/2026\/03\/foto-omar-fachada-2000x1333.jpg 2000w, https:\/\/amazonia.fiocruz.br\/wp-content\/uploads\/2026\/03\/foto-omar-fachada-300x200.jpg 300w, https:\/\/amazonia.fiocruz.br\/wp-content\/uploads\/2026\/03\/foto-omar-fachada-768x512.jpg 768w, https:\/\/amazonia.fiocruz.br\/wp-content\/uploads\/2026\/03\/foto-omar-fachada-1536x1024.jpg 1536w, https:\/\/amazonia.fiocruz.br\/wp-content\/uploads\/2026\/03\/foto-omar-fachada-2048x1365.jpg 2048w, https:\/\/amazonia.fiocruz.br\/wp-content\/uploads\/2026\/03\/foto-omar-fachada-1500x1000.jpg 1500w, https:\/\/amazonia.fiocruz.br\/wp-content\/uploads\/2026\/03\/foto-omar-fachada-705x470.jpg 705w\" sizes=\"(max-width: 2000px) 100vw, 2000px\" \/><\/figure>\n\n\n\n<p>Apoiador da Ci\u00eancia, o senador foi recebido pela comunidade do ILMD\/Fiocruz Amaz\u00f4nia, representada pela diretora Stefanie Lopes, e o dirigente da Regional Amazonas do Sindicato dos Trabalhadores da Fiocruz (Asfoc-AM), Andr\u00e9 Ivan Lopes de Oliveira. Stefanie Lopes fez uma breve apresenta\u00e7\u00e3o da institui\u00e7\u00e3o, ressaltando o papel estrat\u00e9gico do Amazonas para o Brasil na produ\u00e7\u00e3o de conhecimento cient\u00edfico e na resolu\u00e7\u00e3o de problemas complexos, como poss\u00edveis novas epidemias, o impacto das mudan\u00e7as clim\u00e1ticas na sa\u00fade e o apoio cient\u00edfico ao SUS na produ\u00e7\u00e3o de evid\u00eancias para tomada de decis\u00f5es.<\/p>\n\n\n\n<p>Outra importante contribui\u00e7\u00e3o, destacada pela diretora, \u00e9 a da produ\u00e7\u00e3o de tecnologia com o DNA da Amaz\u00f4nia. \u201cPor meio da Fiocruz, contribu\u00edmos para o desenvolvimento de plataformas de Inova\u00e7\u00e3o em Sa\u00fade e Biotecnologia, exames moleculares e testes r\u00e1pidos adaptados \u00e0 realidade local e uso estrat\u00e9gico de biodiversidade para novos f\u00e1rmacos, sendo tamb\u00e9m um importante p\u00f3lo para atra\u00e7\u00e3o de investimentos\u201d, resumiu. Stefanie ressaltou ainda a relev\u00e2ncia do monitoramento cont\u00ednuo desempenhado pelas institui\u00e7\u00f5es de ci\u00eancia e pesquisa no tocante \u00e0s doen\u00e7as tropicais e emergentes e da detec\u00e7\u00e3o precoce para barrar poss\u00edveis surtos.<\/p>\n\n\n\n<p>\u201cPor esses e outros tantos motivos, necessitamos de investimentos e apoio para o desenvolvimento de nossas atividades e, de forma especial, ao projeto da nova estrutura f\u00edsica para sede da Fiocruz Amaz\u00f4nia, que j\u00e1 est\u00e1 com planta arquitet\u00f4nica e licen\u00e7as aprovadas e \u00e9 de grande import\u00e2ncia para o futuro da sa\u00fade e da ci\u00eancia na Amaz\u00f4nia\u201d, enfatizou, mencionando o apoio concedido por meio de emendas parlamentares do senador que possibilitaram, entre outras a\u00e7\u00f5es, o desenvolvimento do Programa QualificaSUS, destinado \u00e0 interioriza\u00e7\u00e3o cont\u00ednua da forma\u00e7\u00e3o em sa\u00fade, capacitando entre 2019 e 2023, 6.476 profissionais de sa\u00fade nos 62 munic\u00edpios do Amazonas, e entre 2024 e 2025, mais 474.&nbsp;<\/p>\n\n\n\n<p><strong><em>ILMD\/Fiocruz Amaz\u00f4nia, Por J\u00falio Pedrosa<\/em><\/strong><\/p>\n\n\n\n<p><strong><em>Fotos: Eduardo Gomes \/ Fiocruz Amaz\u00f4nia<\/em><\/strong> &nbsp;<\/p>\n","protected":false},"excerpt":{"rendered":"<p>Objetivo foi o de possibilitar a escuta de propostas para o fortalecimento das pol\u00edticas p\u00fablicas de sa\u00fade e desenvolvimento de pesquisas da Fiocruz Amaz\u00f4nia<\/p>\n","protected":false},"author":60,"featured_media":58168,"comment_status":"closed","ping_status":"closed","sticky":false,"template":"","format":"image","meta":{"footnotes":""},"categories":[15],"tags":[1411,1410,1412],"class_list":["post-58167","post","type-post","status-publish","format-image","has-post-thumbnail","hentry","category-noticias","tag-asfoc","tag-politicaspublicas","tag-vigilancia-2","post_format-post-format-image"],"_links":{"self":[{"href":"https:\/\/amazonia.fiocruz.br\/index.php?rest_route=\/wp\/v2\/posts\/58167","targetHints":{"allow":["GET"]}}],"collection":[{"href":"https:\/\/amazonia.fiocruz.br\/index.php?rest_route=\/wp\/v2\/posts"}],"about":[{"href":"https:\/\/amazonia.fiocruz.br\/index.php?rest_route=\/wp\/v2\/types\/post"}],"author":[{"embeddable":true,"href":"https:\/\/amazonia.fiocruz.br\/index.php?rest_route=\/wp\/v2\/users\/60"}],"replies":[{"embeddable":true,"href":"https:\/\/amazonia.fiocruz.br\/index.php?rest_route=%2Fwp%2Fv2%2Fcomments&post=58167"}],"version-history":[{"count":2,"href":"https:\/\/amazonia.fiocruz.br\/index.php?rest_route=\/wp\/v2\/posts\/58167\/revisions"}],"predecessor-version":[{"id":58171,"href":"https:\/\/amazonia.fiocruz.br\/index.php?rest_route=\/wp\/v2\/posts\/58167\/revisions\/58171"}],"wp:featuredmedia":[{"embeddable":true,"href":"https:\/\/amazonia.fiocruz.br\/index.php?rest_route=\/wp\/v2\/media\/58168"}],"wp:attachment":[{"href":"https:\/\/amazonia.fiocruz.br\/index.php?rest_route=%2Fwp%2Fv2%2Fmedia&parent=58167"}],"wp:term":[{"taxonomy":"category","embeddable":true,"href":"https:\/\/amazonia.fiocruz.br\/index.php?rest_route=%2Fwp%2Fv2%2Fcategories&post=58167"},{"taxonomy":"post_tag","embeddable":true,"href":"https:\/\/amazonia.fiocruz.br\/index.php?rest_route=%2Fwp%2Fv2%2Ftags&post=58167"}],"curies":[{"name":"wp","href":"https:\/\/api.w.org\/{rel}","templated":true}]}}