{"id":58164,"date":"2026-03-10T17:35:39","date_gmt":"2026-03-10T21:35:39","guid":{"rendered":"https:\/\/amazonia.fiocruz.br\/?p=58164"},"modified":"2026-03-10T17:35:40","modified_gmt":"2026-03-10T21:35:40","slug":"prorrogadas-as-inscricoes-para-o-processo-seletivo-do-curso-de-mestrado-profissional-em-saude-da-familia-profsaude-turma-6","status":"publish","type":"post","link":"https:\/\/amazonia.fiocruz.br\/?p=58164","title":{"rendered":"Prorrogadas as inscri\u00e7\u00f5es para o processo seletivo do curso de Mestrado Profissional em Sa\u00fade da Fam\u00edlia (ProfSa\u00fade) \/ Turma 6"},"content":{"rendered":"\n<p>As inscri\u00e7\u00f5es para o curso de\u00a0<a href=\"https:\/\/amazonia.fiocruz.br\/?page_id=57386\" target=\"_blank\" rel=\"noreferrer noopener\">Mestrado Profissional em Sa\u00fade da Fam\u00edlia (ProfSa\u00fade)<\/a> \/ Turma 2026, foram prorrogadas at\u00e9 o dia <strong>16\/03<\/strong>. No total, 600 vagas ser\u00e3o distribu\u00eddas em 45 Institui\u00e7\u00f5es de Ensino Superior (IES) de todas as regi\u00f5es do pa\u00eds, com carga hor\u00e1ria de 975 horas e dura\u00e7\u00e3o prevista entre 18 e 24 meses.\u00a0\u00a0<\/p>\n\n\n\n<p>O Instituto Le\u00f4nidas &amp; Maria Deane (ILMD \/ Fiocruz Amaz\u00f4nia) vai ofertar 12 vagas, sendo oito para m\u00e9dicos do Programa Mais M\u00e9dicos para o Brasil (PMMB), e quatro vagas para profissionais com diploma de gradua\u00e7\u00e3o reconhecido pelo MEC, em \u00e1reas relacionadas diretamente \u00e0 sa\u00fade, com reserva para a\u00e7\u00f5es afirmativas.<\/p>\n\n\n\n<p>A sele\u00e7\u00e3o \u00e9 destinada a profissionais com diploma de gradua\u00e7\u00e3o reconhecido pelo Minist\u00e9rio da Educa\u00e7\u00e3o (MEC) em \u00e1reas relacionadas diretamente \u00e0 sa\u00fade, definidas pelo Conselho Nacional de Sa\u00fade (CNS) pela Resolu\u00e7\u00e3o n\u00b0 287\/1998. S\u00e3o elas: bacharelado em educa\u00e7\u00e3o f\u00edsica, enfermagem, farm\u00e1cia, fisioterapia; fonoaudiologia, nutri\u00e7\u00e3o, odontologia, psicologia, sa\u00fade coletiva, servi\u00e7o social, terapia ocupacional e medicina.<\/p>\n\n\n\n<p>A a\u00e7\u00e3o possui foco na forma\u00e7\u00e3o de profissionais, professores e preceptores para a \u00e1rea de Sa\u00fade da Fam\u00edlia. O curso \u00e9 destinado especialmente \u00e0queles profissionais ligados \u00e0 Aten\u00e7\u00e3o Prim\u00e1ria \u00e0 Sa\u00fade (APS) no Sistema \u00danico de Sa\u00fade (SUS).&nbsp;<\/p>\n\n\n\n<p>&nbsp;A sele\u00e7\u00e3o se dar\u00e1 em tr\u00eas etapas: prova de conhecimentos, an\u00e1lise do&nbsp;<em>Curr\u00edculo Lattes<\/em>&nbsp;e entrevista.&nbsp;Mais informa\u00e7\u00f5es sobre os documentos obrigat\u00f3rios, cronograma e outras,&nbsp;confira&nbsp;a chamada p\u00fablica.<\/p>\n\n\n\n<p><strong>COMO FAZER A INSCRI\u00c7\u00c3O:<\/strong><\/p>\n\n\n\n<p>Acesse a plataforma SIGA:&nbsp;<a href=\"http:\/\/www.sigass.fiocruz.br\/\">www.sigass.fiocruz.br<\/a>&nbsp;&nbsp;&gt; Link inscri\u00e7\u00e3o &gt; Sa\u00fade da Fam\u00edlia \u2013 PROFSA\u00daDE. No campo \u201c\u00c1rea de Concentra\u00e7\u00e3o\u201d, informe o polo da Fiocruz Amaz\u00f4nia. Preencha o formul\u00e1rio de inscri\u00e7\u00e3o on-line na plataforma, envie os documentos obrigat\u00f3rios para o e-mail:&nbsp;<a href=\"mailto:profsaude.ilmd@fiocruz.br\">profsaude.ilmd@fiocruz.br<\/a>&nbsp;\u2013 Escreva o t\u00edtulo do e-mail da seguinte forma: INSCRI\u00c7\u00c3O \u2013 PROFSA\u00daDE 2025 \u2013 SEU NOME.<\/p>\n\n\n\n<p><strong><em>ILMD \/ Fiocruz Amaz\u00f4nia, por Eduardo Gomes<\/em><\/strong><\/p>\n\n\n\n<p><strong><em>Imagem: Mackesy Nascimento<\/em><\/strong><\/p>\n\n\n\n<p><\/p>\n","protected":false},"excerpt":{"rendered":"<p>As inscri\u00e7\u00f5es foram prorrogadas at\u00e9 o dia 16\/3. <\/p>\n","protected":false},"author":20,"featured_media":58165,"comment_status":"closed","ping_status":"closed","sticky":false,"template":"","format":"image","meta":{"footnotes":""},"categories":[15],"tags":[136,120,119,131],"class_list":["post-58164","post","type-post","status-publish","format-image","has-post-thumbnail","hentry","category-noticias","tag-fiocruz","tag-fiocruz-amazonia","tag-ilmd","tag-ilmdfiocruz-amazonia","post_format-post-format-image"],"_links":{"self":[{"href":"https:\/\/amazonia.fiocruz.br\/index.php?rest_route=\/wp\/v2\/posts\/58164","targetHints":{"allow":["GET"]}}],"collection":[{"href":"https:\/\/amazonia.fiocruz.br\/index.php?rest_route=\/wp\/v2\/posts"}],"about":[{"href":"https:\/\/amazonia.fiocruz.br\/index.php?rest_route=\/wp\/v2\/types\/post"}],"author":[{"embeddable":true,"href":"https:\/\/amazonia.fiocruz.br\/index.php?rest_route=\/wp\/v2\/users\/20"}],"replies":[{"embeddable":true,"href":"https:\/\/amazonia.fiocruz.br\/index.php?rest_route=%2Fwp%2Fv2%2Fcomments&post=58164"}],"version-history":[{"count":1,"href":"https:\/\/amazonia.fiocruz.br\/index.php?rest_route=\/wp\/v2\/posts\/58164\/revisions"}],"predecessor-version":[{"id":58166,"href":"https:\/\/amazonia.fiocruz.br\/index.php?rest_route=\/wp\/v2\/posts\/58164\/revisions\/58166"}],"wp:featuredmedia":[{"embeddable":true,"href":"https:\/\/amazonia.fiocruz.br\/index.php?rest_route=\/wp\/v2\/media\/58165"}],"wp:attachment":[{"href":"https:\/\/amazonia.fiocruz.br\/index.php?rest_route=%2Fwp%2Fv2%2Fmedia&parent=58164"}],"wp:term":[{"taxonomy":"category","embeddable":true,"href":"https:\/\/amazonia.fiocruz.br\/index.php?rest_route=%2Fwp%2Fv2%2Fcategories&post=58164"},{"taxonomy":"post_tag","embeddable":true,"href":"https:\/\/amazonia.fiocruz.br\/index.php?rest_route=%2Fwp%2Fv2%2Ftags&post=58164"}],"curies":[{"name":"wp","href":"https:\/\/api.w.org\/{rel}","templated":true}]}}