{"id":57593,"date":"2026-01-27T19:22:41","date_gmt":"2026-01-27T23:22:41","guid":{"rendered":"https:\/\/amazonia.fiocruz.br\/?p=57593"},"modified":"2026-01-27T19:45:44","modified_gmt":"2026-01-27T23:45:44","slug":"fiocruz-amazonia-qualifica-agentes-de-saude-na-capital-e-interior-do-amazonas-em-qualidade-da-agua-e-consciencia-sanitaria","status":"publish","type":"post","link":"https:\/\/amazonia.fiocruz.br\/?p=57593","title":{"rendered":"Fiocruz Amaz\u00f4nia qualifica agentes de sa\u00fade na capital e interior do Amazonas em \u201cQualidade da \u00e1gua e Consci\u00eancia Sanit\u00e1ria\u201d\u00a0"},"content":{"rendered":"\n<p>A Fiocruz, por meio do Instituto Le\u00f4nidas e Maria Deane (ILMD\/Fiocruz Amaz\u00f4nia), deu in\u00edcio, neste m\u00eas de janeiro, ao projeto \u201cEduca Sa\u00fade Ambiental: forma\u00e7\u00e3o continuada em sa\u00fade e ambiente na Amaz\u00f4nia\u201d, desenvolvido em parceria com o Conselho de Secretarias Municipais de Sa\u00fade do Amazonas (Cosems-AM) e a Funda\u00e7\u00e3o de Vigil\u00e2ncia em Sa\u00fade (FVS-AM), visando a forma\u00e7\u00e3o de agentes comunit\u00e1rios de sa\u00fade, agentes de combate a endemias e agentes ind\u00edgenas de sa\u00fade, no monitoramento da qualidade da \u00e1gua utilizada em comunidades rurais ribeirinhas, localizadas em \u00e1reas remotas do Estado. O projeto tem como finalidade qualificar 4.500 profissionais vinculados ao sistema \u00fanico de sa\u00fade nos munic\u00edpios, visando combater a desinforma\u00e7\u00e3o acerca dos processos de adoecimento e a import\u00e2ncia dos cuidados com a qualidade da \u00e1gua e a consci\u00eancia sanit\u00e1ria na Amaz\u00f4nia para a redu\u00e7\u00e3o da ocorr\u00eancia de doen\u00e7as. O curso, com carga hor\u00e1ria de 20 horas, ser\u00e1 oferecido a diferentes turmas ao longo deste ano.<\/p>\n\n\n\n<figure class=\"wp-block-image size-large\"><img decoding=\"async\" width=\"2000\" height=\"1333\" src=\"https:\/\/amazonia.fiocruz.br\/wp-content\/uploads\/2026\/01\/projeto-educa-saude-ambiental-coordenacao-2000x1333.jpg\" alt=\"\" class=\"wp-image-57595\" srcset=\"https:\/\/amazonia.fiocruz.br\/wp-content\/uploads\/2026\/01\/projeto-educa-saude-ambiental-coordenacao-2000x1333.jpg 2000w, https:\/\/amazonia.fiocruz.br\/wp-content\/uploads\/2026\/01\/projeto-educa-saude-ambiental-coordenacao-300x200.jpg 300w, https:\/\/amazonia.fiocruz.br\/wp-content\/uploads\/2026\/01\/projeto-educa-saude-ambiental-coordenacao-768x512.jpg 768w, https:\/\/amazonia.fiocruz.br\/wp-content\/uploads\/2026\/01\/projeto-educa-saude-ambiental-coordenacao-1536x1024.jpg 1536w, https:\/\/amazonia.fiocruz.br\/wp-content\/uploads\/2026\/01\/projeto-educa-saude-ambiental-coordenacao-2048x1365.jpg 2048w, https:\/\/amazonia.fiocruz.br\/wp-content\/uploads\/2026\/01\/projeto-educa-saude-ambiental-coordenacao-1500x1000.jpg 1500w, https:\/\/amazonia.fiocruz.br\/wp-content\/uploads\/2026\/01\/projeto-educa-saude-ambiental-coordenacao-705x470.jpg 705w\" sizes=\"(max-width: 2000px) 100vw, 2000px\" \/><\/figure>\n\n\n\n<p>Na pr\u00f3xima sexta-feira, 30\/01, a coordena\u00e7\u00e3o geral do projeto realizar\u00e1 um semin\u00e1rio na sede da Fiocruz Amaz\u00f4nia, em Manaus, com a finalidade de marcar o lan\u00e7amento oficial do projeto, que j\u00e1 iniciou as forma\u00e7\u00f5es de turmas de agentes comunit\u00e1rios de sa\u00fade na capital e interior. Na oportunidade, estar\u00e3o presentes as institui\u00e7\u00f5es envolvidas no apoio e execu\u00e7\u00e3o da iniciativa, juntamente com o Escrit\u00f3rio de Capta\u00e7\u00e3o de Recursos, vinculado \u00e0 Diretoria Executiva da Fiocruz, respons\u00e1vel pela articula\u00e7\u00e3o interinstitucional.<\/p>\n\n\n\n<figure class=\"wp-block-image size-large\"><img decoding=\"async\" width=\"2000\" height=\"1333\" src=\"https:\/\/amazonia.fiocruz.br\/wp-content\/uploads\/2026\/01\/acs-manacapuru-2-2000x1333.jpg\" alt=\"\" class=\"wp-image-57601\" srcset=\"https:\/\/amazonia.fiocruz.br\/wp-content\/uploads\/2026\/01\/acs-manacapuru-2-2000x1333.jpg 2000w, https:\/\/amazonia.fiocruz.br\/wp-content\/uploads\/2026\/01\/acs-manacapuru-2-300x200.jpg 300w, https:\/\/amazonia.fiocruz.br\/wp-content\/uploads\/2026\/01\/acs-manacapuru-2-768x512.jpg 768w, https:\/\/amazonia.fiocruz.br\/wp-content\/uploads\/2026\/01\/acs-manacapuru-2-1536x1024.jpg 1536w, https:\/\/amazonia.fiocruz.br\/wp-content\/uploads\/2026\/01\/acs-manacapuru-2-2048x1365.jpg 2048w, https:\/\/amazonia.fiocruz.br\/wp-content\/uploads\/2026\/01\/acs-manacapuru-2-1500x1000.jpg 1500w, https:\/\/amazonia.fiocruz.br\/wp-content\/uploads\/2026\/01\/acs-manacapuru-2-705x470.jpg 705w\" sizes=\"(max-width: 2000px) 100vw, 2000px\" \/><\/figure>\n\n\n\n<p>O semin\u00e1rio acontecer\u00e1 no audit\u00f3rio do Sal\u00e3o Canoas, das 9h \u00e0s 12h, contando com a presen\u00e7a de representantes da Secretaria de Estado da Sa\u00fade (SES-AM), Funda\u00e7\u00e3o de Vigil\u00e2ncia em Sa\u00fade Dra Rosemary Costa Pinto (FVS-RCP) e Cosems-AM e agentes de sa\u00fade, que ser\u00e3o recebidos pela diretora da Fiocruz Amaz\u00f4nia, Stefanie Lopes, e os integrantes da coordena\u00e7\u00e3o do projeto. Ap\u00f3s a apresenta\u00e7\u00e3o pela coordena\u00e7\u00e3o geral, ser\u00e1 realizada uma mesa-redonda com o tema \u201cTerrit\u00f3rio, sa\u00fade e ambiente: os agentes de sa\u00fade como protagonistas das transforma\u00e7\u00f5es locais\u201d, com a finalidade de estabelecer um di\u00e1logo entre gestores, pesquisadores, trabalhadores em sa\u00fade sobre o papel estrat\u00e9gico dos ACS, ACE e AIS e a import\u00e2ncia das parcerias interinstitucionais na promo\u00e7\u00e3o da sa\u00fade e sustentabilidade nos territ\u00f3rios amaz\u00f4nicos.<\/p>\n\n\n\n<figure class=\"wp-block-image size-large\"><img decoding=\"async\" width=\"2000\" height=\"1333\" src=\"https:\/\/amazonia.fiocruz.br\/wp-content\/uploads\/2026\/01\/curso-educa-saude-ambiental-manacapuru-1-2000x1333.jpg\" alt=\"\" class=\"wp-image-57597\" srcset=\"https:\/\/amazonia.fiocruz.br\/wp-content\/uploads\/2026\/01\/curso-educa-saude-ambiental-manacapuru-1-2000x1333.jpg 2000w, https:\/\/amazonia.fiocruz.br\/wp-content\/uploads\/2026\/01\/curso-educa-saude-ambiental-manacapuru-1-300x200.jpg 300w, https:\/\/amazonia.fiocruz.br\/wp-content\/uploads\/2026\/01\/curso-educa-saude-ambiental-manacapuru-1-768x512.jpg 768w, https:\/\/amazonia.fiocruz.br\/wp-content\/uploads\/2026\/01\/curso-educa-saude-ambiental-manacapuru-1-1536x1024.jpg 1536w, https:\/\/amazonia.fiocruz.br\/wp-content\/uploads\/2026\/01\/curso-educa-saude-ambiental-manacapuru-1-2048x1365.jpg 2048w, https:\/\/amazonia.fiocruz.br\/wp-content\/uploads\/2026\/01\/curso-educa-saude-ambiental-manacapuru-1-1500x1000.jpg 1500w, https:\/\/amazonia.fiocruz.br\/wp-content\/uploads\/2026\/01\/curso-educa-saude-ambiental-manacapuru-1-705x470.jpg 705w\" sizes=\"(max-width: 2000px) 100vw, 2000px\" \/><\/figure>\n\n\n\n<p>Segundo a coordenadora geral do projeto, a pesquisadora em Sa\u00fade P\u00fablica, da Fiocruz Amaz\u00f4nia, Ani Beatriz Matsuura, pelo menos 22 dos 62 munic\u00edpios do Estado do Amazonas j\u00e1 confirmaram ades\u00e3o ao projeto, para a forma\u00e7\u00e3o de turmas ao longo deste ano. Manaus, Careiro Castanho e Manacapuru foram os primeiros munic\u00edpios a receberem as equipes de facilitadores do projeto. Em seguida, ocorrer\u00e3o forma\u00e7\u00f5es em Borba, Autazes, Tabatinga, Presidente Figueiredo, nos meses de fevereiro e mar\u00e7o. As demais turmas ainda est\u00e3o sendo definidas. Em Manaus, a primeira turma \u00e9 composta por Agentes de Combate a Endemias da Funda\u00e7\u00e3o de Vigil\u00e2ncia em Sa\u00fade Dra Rosemary Costa Pinto (FVS-RCP). A forma\u00e7\u00e3o teve in\u00edcio nesta ter\u00e7a-feira, 27\/01, e se estender\u00e1 at\u00e9 a quinta-feira, 29\/01.<\/p>\n\n\n\n<p>Nos dias 19, 20 e 21\/01, duas equipes de facilitadores do projeto estiveram nos munic\u00edpios de Manacapuru e Careiro Castanho, distantes, respectivamente, 98 e 124 quil\u00f4metros de Manaus, para a realiza\u00e7\u00e3o das primeiras forma\u00e7\u00f5es de turmas de ACS do projeto no interior. &nbsp;&nbsp;<\/p>\n\n\n\n<figure class=\"wp-block-image size-large\"><img decoding=\"async\" width=\"2000\" height=\"1333\" src=\"https:\/\/amazonia.fiocruz.br\/wp-content\/uploads\/2026\/01\/curso-educa-saude-ambiental-manacapuru-2000x1333.jpg\" alt=\"\" class=\"wp-image-57598\" srcset=\"https:\/\/amazonia.fiocruz.br\/wp-content\/uploads\/2026\/01\/curso-educa-saude-ambiental-manacapuru-2000x1333.jpg 2000w, https:\/\/amazonia.fiocruz.br\/wp-content\/uploads\/2026\/01\/curso-educa-saude-ambiental-manacapuru-300x200.jpg 300w, https:\/\/amazonia.fiocruz.br\/wp-content\/uploads\/2026\/01\/curso-educa-saude-ambiental-manacapuru-768x512.jpg 768w, https:\/\/amazonia.fiocruz.br\/wp-content\/uploads\/2026\/01\/curso-educa-saude-ambiental-manacapuru-1536x1024.jpg 1536w, https:\/\/amazonia.fiocruz.br\/wp-content\/uploads\/2026\/01\/curso-educa-saude-ambiental-manacapuru-2048x1365.jpg 2048w, https:\/\/amazonia.fiocruz.br\/wp-content\/uploads\/2026\/01\/curso-educa-saude-ambiental-manacapuru-1500x1000.jpg 1500w, https:\/\/amazonia.fiocruz.br\/wp-content\/uploads\/2026\/01\/curso-educa-saude-ambiental-manacapuru-705x470.jpg 705w\" sizes=\"(max-width: 2000px) 100vw, 2000px\" \/><\/figure>\n\n\n\n<p>Ani Matsuura explica que o curso aborda a quest\u00e3o da \u00e1gua sob v\u00e1rios aspectos, entre eles o das doen\u00e7as veiculadas pela \u00e1gua, os conceitos de potabilidade e os riscos de contamina\u00e7\u00e3o da \u00e1gua para o consumo humano. O curso tem um total de cinco m\u00f3dulos que abordam diferentes tem\u00e1ticas como \u201cAcesso a \u00e1gua e o papel das mulheres\u201d, \u201cEscassez da \u00e1gua\u201d, \u201cQualidade da \u00e1gua e a detec\u00e7\u00e3o de microrganismos\u201d, \u201cEsgoto e leptospirose\u201d, \u201c\u00c1gua e hepatite A\u201d, \u201cDiarreias infecciosas e parasitoses\u201d, \u201cInfec\u00e7\u00f5es f\u00fangicas\u201d, \u201cContamina\u00e7\u00e3o qu\u00edmica dos rios e a \u00e1gua para consumo\u201d, \u201cHigieniza\u00e7\u00e3o das m\u00e3os\u201d, \u201cDesinfetantes e o controle de microrganismos\u201d. As aulas s\u00e3o compostas por atividades pr\u00e1ticas e coletivas, estimulando o protagonismo comunit\u00e1rio.<\/p>\n\n\n\n<figure class=\"wp-block-image size-large\"><img decoding=\"async\" width=\"2000\" height=\"1333\" src=\"https:\/\/amazonia.fiocruz.br\/wp-content\/uploads\/2026\/01\/acs-manacapuru-2000x1333.jpg\" alt=\"\" class=\"wp-image-57603\" srcset=\"https:\/\/amazonia.fiocruz.br\/wp-content\/uploads\/2026\/01\/acs-manacapuru-2000x1333.jpg 2000w, https:\/\/amazonia.fiocruz.br\/wp-content\/uploads\/2026\/01\/acs-manacapuru-300x200.jpg 300w, https:\/\/amazonia.fiocruz.br\/wp-content\/uploads\/2026\/01\/acs-manacapuru-768x512.jpg 768w, https:\/\/amazonia.fiocruz.br\/wp-content\/uploads\/2026\/01\/acs-manacapuru-1536x1024.jpg 1536w, https:\/\/amazonia.fiocruz.br\/wp-content\/uploads\/2026\/01\/acs-manacapuru-2048x1365.jpg 2048w, https:\/\/amazonia.fiocruz.br\/wp-content\/uploads\/2026\/01\/acs-manacapuru-1500x1000.jpg 1500w, https:\/\/amazonia.fiocruz.br\/wp-content\/uploads\/2026\/01\/acs-manacapuru-705x470.jpg 705w\" sizes=\"(max-width: 2000px) 100vw, 2000px\" \/><\/figure>\n\n\n\n<p>\u201cCom o curso, esperamos obter uma maior compreens\u00e3o das rela\u00e7\u00f5es entre ambiente e sa\u00fade, especialmente sobre os mecanismos de transmiss\u00e3o de doen\u00e7as relacionadas \u00e0 \u00e1gua contaminada, como leptospirose, hepatite A, diarreias infecciosas, parasitoses e infec\u00e7\u00f5es f\u00fangicas\u201d, explica a pesquisadora. A iniciativa pretende tamb\u00e9m fortalecer a capacidade dos profissionais para identificar e orientar a popula\u00e7\u00e3o local sobre pr\u00e1ticas de higiene, saneamento b\u00e1sico e cuidados com a qualidade da \u00e1gua, promovendo a\u00e7\u00f5es de preven\u00e7\u00e3o; capacita\u00e7\u00e3o inicial e aumento do conhecimento dos ACS, ACE e AIS sobre os impactos da seca e cheias na qualidade da \u00e1gua e na sa\u00fade das popula\u00e7\u00f5es ribeirinhas.<\/p>\n\n\n\n<p>O projeto tem tamb\u00e9m, entre outras expectativas, promover o engajamento ativo dos participantes nas atividades formativas, com aplica\u00e7\u00e3o pr\u00e1tica dos conhecimentos adquiridos em suas rotinas de trabalho e nas comunidades onde atuam, al\u00e9m de desenvolver redes de comunica\u00e7\u00e3o e colabora\u00e7\u00e3o entre os agentes de sa\u00fade e suas comunidades para troca de informa\u00e7\u00f5es e suporte m\u00fatuo.<\/p>\n\n\n\n<figure class=\"wp-block-image size-large\"><img decoding=\"async\" width=\"2000\" height=\"1333\" src=\"https:\/\/amazonia.fiocruz.br\/wp-content\/uploads\/2026\/01\/educa-saude-ambiental-facilitadores-2000x1333.jpg\" alt=\"\" class=\"wp-image-57599\" srcset=\"https:\/\/amazonia.fiocruz.br\/wp-content\/uploads\/2026\/01\/educa-saude-ambiental-facilitadores-2000x1333.jpg 2000w, https:\/\/amazonia.fiocruz.br\/wp-content\/uploads\/2026\/01\/educa-saude-ambiental-facilitadores-300x200.jpg 300w, https:\/\/amazonia.fiocruz.br\/wp-content\/uploads\/2026\/01\/educa-saude-ambiental-facilitadores-768x512.jpg 768w, https:\/\/amazonia.fiocruz.br\/wp-content\/uploads\/2026\/01\/educa-saude-ambiental-facilitadores-1536x1024.jpg 1536w, https:\/\/amazonia.fiocruz.br\/wp-content\/uploads\/2026\/01\/educa-saude-ambiental-facilitadores-2048x1365.jpg 2048w, https:\/\/amazonia.fiocruz.br\/wp-content\/uploads\/2026\/01\/educa-saude-ambiental-facilitadores-1500x1000.jpg 1500w, https:\/\/amazonia.fiocruz.br\/wp-content\/uploads\/2026\/01\/educa-saude-ambiental-facilitadores-705x470.jpg 705w\" sizes=\"(max-width: 2000px) 100vw, 2000px\" \/><\/figure>\n\n\n\n<p>A equipe respons\u00e1vel pela execu\u00e7\u00e3o do projeto \u00e9 composta pelas pesquisadoras Ani Beatriz Jackisch Matsuura (coordena\u00e7\u00e3o geral), Cl\u00e1udia Nayara da Silva Alves (coordena\u00e7\u00e3o executiva\/campo), Ormezinda Celeste Cristo Fernandes, Priscila Ferreira de Aquino e Luciete Almeida Silva (coordena\u00e7\u00e3o pedag\u00f3gica\/conteudistas). Durante o semin\u00e1rio de lan\u00e7amento do projeto, al\u00e9m da celebra\u00e7\u00e3o da parceria, ser\u00e1 feita a entrega simb\u00f3lica de certificados para os agentes de sa\u00fade que participaram da forma\u00e7\u00e3o no m\u00eas de janeiro.<\/p>\n\n\n\n<p><strong><em>ILMD\/Fiocruz Amaz\u00f4nia, Por J\u00falio Pedrosa<\/em><\/strong><\/p>\n\n\n\n<p><strong><em>Imagem:Mackesy Nascimento \/ Fiocruz e Fotos: J\u00falio Pedrosa e <\/em><\/strong><em><strong>Eduardo Gomes<\/strong> <\/em><\/p>\n\n\n\n<p><\/p>\n","protected":false},"excerpt":{"rendered":"<p>Projeto tem como finalidade qualificar 4.500 profissionais vinculados ao Sistema \u00danico de Sa\u00fade nos munic\u00edpios, visando combater a desinforma\u00e7\u00e3o acerca dos processos de adoecimento <\/p>\n","protected":false},"author":60,"featured_media":57594,"comment_status":"closed","ping_status":"closed","sticky":false,"template":"","format":"image","meta":{"footnotes":""},"categories":[15],"tags":[1370,1368,1192,1369],"class_list":["post-57593","post","type-post","status-publish","format-image","has-post-thumbnail","hentry","category-noticias","tag-conscienciasanitaria","tag-educasaudeambiental","tag-fiocruz125anos-ilmdfiocruzamazonia","tag-qualidadedaagua","post_format-post-format-image"],"_links":{"self":[{"href":"https:\/\/amazonia.fiocruz.br\/index.php?rest_route=\/wp\/v2\/posts\/57593","targetHints":{"allow":["GET"]}}],"collection":[{"href":"https:\/\/amazonia.fiocruz.br\/index.php?rest_route=\/wp\/v2\/posts"}],"about":[{"href":"https:\/\/amazonia.fiocruz.br\/index.php?rest_route=\/wp\/v2\/types\/post"}],"author":[{"embeddable":true,"href":"https:\/\/amazonia.fiocruz.br\/index.php?rest_route=\/wp\/v2\/users\/60"}],"replies":[{"embeddable":true,"href":"https:\/\/amazonia.fiocruz.br\/index.php?rest_route=%2Fwp%2Fv2%2Fcomments&post=57593"}],"version-history":[{"count":2,"href":"https:\/\/amazonia.fiocruz.br\/index.php?rest_route=\/wp\/v2\/posts\/57593\/revisions"}],"predecessor-version":[{"id":57604,"href":"https:\/\/amazonia.fiocruz.br\/index.php?rest_route=\/wp\/v2\/posts\/57593\/revisions\/57604"}],"wp:featuredmedia":[{"embeddable":true,"href":"https:\/\/amazonia.fiocruz.br\/index.php?rest_route=\/wp\/v2\/media\/57594"}],"wp:attachment":[{"href":"https:\/\/amazonia.fiocruz.br\/index.php?rest_route=%2Fwp%2Fv2%2Fmedia&parent=57593"}],"wp:term":[{"taxonomy":"category","embeddable":true,"href":"https:\/\/amazonia.fiocruz.br\/index.php?rest_route=%2Fwp%2Fv2%2Fcategories&post=57593"},{"taxonomy":"post_tag","embeddable":true,"href":"https:\/\/amazonia.fiocruz.br\/index.php?rest_route=%2Fwp%2Fv2%2Ftags&post=57593"}],"curies":[{"name":"wp","href":"https:\/\/api.w.org\/{rel}","templated":true}]}}