{"id":57587,"date":"2026-01-27T15:04:06","date_gmt":"2026-01-27T19:04:06","guid":{"rendered":"https:\/\/amazonia.fiocruz.br\/?p=57587"},"modified":"2026-01-27T15:42:02","modified_gmt":"2026-01-27T19:42:02","slug":"fiocruz-amazonia-divulga-homologacao-das-inscricoes-apos-periodo-de-analise-de-recursos-para-selecao-de-bolsistas-de-pesquisa-do-projeto-diagnostico-situacional-das-ubsf","status":"publish","type":"post","link":"https:\/\/amazonia.fiocruz.br\/?p=57587","title":{"rendered":"Fiocruz Amaz\u00f4nia divulga homologa\u00e7\u00e3o das inscri\u00e7\u00f5es ap\u00f3s per\u00edodo de An\u00e1lise de Recursos para sele\u00e7\u00e3o de bolsistas de pesquisa do projeto Diagn\u00f3stico Situacional das UBSF"},"content":{"rendered":"\n<p>O Instituto Le\u00f4nidas e Maria Deane (ILMD\/Fiocruz Amaz\u00f4nia) divulgou nesta ter\u00e7a-feira, 27\/01, a Ata de Homologa\u00e7\u00e3o das Inscri\u00e7\u00f5es ap\u00f3s An\u00e1lise de Recursos\u00a0do Processo Seletivo para Sele\u00e7\u00e3o de Pesquisadores(as) do Projeto Diagn\u00f3stico Situacional das Unidades B\u00e1sicas de Sa\u00fade Fluviais. O projeto \u00e9 realizado pelo Laborat\u00f3rio de Hist\u00f3ria, Pol\u00edticas P\u00fablicas e Sa\u00fade na Amaz\u00f4nia (Lahpsa), em parceria com o Minist\u00e9rio da Sa\u00fade (MS). O objetivo da sele\u00e7\u00e3o ser\u00e1 a forma\u00e7\u00e3o de equipes de campo que atuar\u00e3o no mapeamento dos desafios e potencialidades para o pleno funcionamento das UBS Fluviais em opera\u00e7\u00e3o nos estados do Amazonas, Par\u00e1 e Amap\u00e1. Inicialmente, ser\u00e3o oferecidas 15 vagas de pesquisador e assistente de pesquisa para os estados do Amazonas e Par\u00e1, com um total de cinco expedi\u00e7\u00f5es previstas para acontecer entre os meses de abril e junho de 2026.<\/p>\n\n\n\n<p><strong><em>ILMD\/Fiocruz Amaz\u00f4nia, Por J\u00falio Pedrosa<\/em><\/strong><\/p>\n\n\n\n<p><strong><em>Imagem: Mackesy Nascimento \/ Fiocruz Amaz\u00f4nia<\/em><\/strong><\/p>\n","protected":false},"excerpt":{"rendered":"<p>Ser\u00e3o realizadas, no total, cinco expedi\u00e7\u00f5es previstas para acontecer entre os meses de abril e junho de 2026<\/p>\n","protected":false},"author":60,"featured_media":57588,"comment_status":"closed","ping_status":"closed","sticky":false,"template":"","format":"image","meta":{"footnotes":""},"categories":[15],"tags":[1366,1192,1367],"class_list":["post-57587","post","type-post","status-publish","format-image","has-post-thumbnail","hentry","category-noticias","tag-diagnosticosituacionaldasubsf","tag-fiocruz125anos-ilmdfiocruzamazonia","tag-ministeriodasaude-2","post_format-post-format-image"],"_links":{"self":[{"href":"https:\/\/amazonia.fiocruz.br\/index.php?rest_route=\/wp\/v2\/posts\/57587","targetHints":{"allow":["GET"]}}],"collection":[{"href":"https:\/\/amazonia.fiocruz.br\/index.php?rest_route=\/wp\/v2\/posts"}],"about":[{"href":"https:\/\/amazonia.fiocruz.br\/index.php?rest_route=\/wp\/v2\/types\/post"}],"author":[{"embeddable":true,"href":"https:\/\/amazonia.fiocruz.br\/index.php?rest_route=\/wp\/v2\/users\/60"}],"replies":[{"embeddable":true,"href":"https:\/\/amazonia.fiocruz.br\/index.php?rest_route=%2Fwp%2Fv2%2Fcomments&post=57587"}],"version-history":[{"count":2,"href":"https:\/\/amazonia.fiocruz.br\/index.php?rest_route=\/wp\/v2\/posts\/57587\/revisions"}],"predecessor-version":[{"id":57590,"href":"https:\/\/amazonia.fiocruz.br\/index.php?rest_route=\/wp\/v2\/posts\/57587\/revisions\/57590"}],"wp:featuredmedia":[{"embeddable":true,"href":"https:\/\/amazonia.fiocruz.br\/index.php?rest_route=\/wp\/v2\/media\/57588"}],"wp:attachment":[{"href":"https:\/\/amazonia.fiocruz.br\/index.php?rest_route=%2Fwp%2Fv2%2Fmedia&parent=57587"}],"wp:term":[{"taxonomy":"category","embeddable":true,"href":"https:\/\/amazonia.fiocruz.br\/index.php?rest_route=%2Fwp%2Fv2%2Fcategories&post=57587"},{"taxonomy":"post_tag","embeddable":true,"href":"https:\/\/amazonia.fiocruz.br\/index.php?rest_route=%2Fwp%2Fv2%2Ftags&post=57587"}],"curies":[{"name":"wp","href":"https:\/\/api.w.org\/{rel}","templated":true}]}}