{"id":57570,"date":"2026-01-26T16:28:25","date_gmt":"2026-01-26T20:28:25","guid":{"rendered":"https:\/\/amazonia.fiocruz.br\/?p=57570"},"modified":"2026-01-27T10:12:21","modified_gmt":"2026-01-27T14:12:21","slug":"fiocruz-amazonia-apoia-conducao-do-processo-de-implantacao-da-minuta-de-uma-politica-estadual-de-promocao-da-saude-do-estado-do-amazonas","status":"publish","type":"post","link":"https:\/\/amazonia.fiocruz.br\/?p=57570","title":{"rendered":"Fiocruz Amaz\u00f4nia apoia condu\u00e7\u00e3o do processo de implanta\u00e7\u00e3o da minuta de uma pol\u00edtica estadual de promo\u00e7\u00e3o da sa\u00fade do Estado do Amazonas"},"content":{"rendered":"\n<p>O Instituto Le\u00f4nidas e Maria Deane (ILMD\/Fiocruz Amaz\u00f4nia) \u00e9 uma das institui\u00e7\u00f5es envolvidas na consolida\u00e7\u00e3o do processo de constru\u00e7\u00e3o participativa de uma Pol\u00edtica Estadual de Promo\u00e7\u00e3o da Sa\u00fade (POEPS) para o Amazonas, o primeiro dos 27 estados brasileiros a apoiar a valida\u00e7\u00e3o desse m\u00e9todo de discuss\u00e3o e elabora\u00e7\u00e3o de pol\u00edtica visando a promo\u00e7\u00e3o da sa\u00fade \u00e0 luz das necessidades e caracter\u00edsticas do pr\u00f3prio territ\u00f3rio. Nos \u00faltimos dias 22 e 23\/01, Manaus sediou a oficina estadual de consolida\u00e7\u00e3o da Pol\u00edtica Estadual de Promo\u00e7\u00e3o da Sa\u00fade, com a participa\u00e7\u00e3o de gestores da Secretaria de Estado da Sa\u00fade (SES-AM), Secretaria de Estado de Justi\u00e7a e Cidadania (Sejusc-AM), Secretaria de Estado de Educa\u00e7\u00e3o (Seduc-AM) e Conselho de Secret\u00e1rios Municipais de Sa\u00fade do Amazonas (Cosems-AM), sociedade civil organizada, representantes do controle social em sa\u00fade e trabalhadores da sa\u00fade das nove regionais de sa\u00fade do Estado, juntamente com membros do Departamento de Promo\u00e7\u00e3o da Sa\u00fade do Minist\u00e9rio da Sa\u00fade (MS), Associa\u00e7\u00e3o Brasileira de Sa\u00fade Coletiva (Abrasco) e institui\u00e7\u00f5es acad\u00eamicas e de pesquisa do Pa\u00eds, a exemplo da Universidade Federal de Santa Catarina (UFSC), PUC-Rio de Janeiro, Universidade de Bras\u00edlia (UnB), PUC Paran\u00e1, Universidade Federal do Vale do Acara\u00fa (CE) e Funda\u00e7\u00e3o Oswaldo Cruz (Fiocruz).<\/p>\n\n\n\n<figure class=\"wp-block-image size-large\"><img decoding=\"async\" width=\"2000\" height=\"1333\" src=\"https:\/\/amazonia.fiocruz.br\/wp-content\/uploads\/2026\/01\/dr-rodrigo-poeps-amazonas-2-2000x1333.jpg\" alt=\"\" class=\"wp-image-57572\" srcset=\"https:\/\/amazonia.fiocruz.br\/wp-content\/uploads\/2026\/01\/dr-rodrigo-poeps-amazonas-2-2000x1333.jpg 2000w, https:\/\/amazonia.fiocruz.br\/wp-content\/uploads\/2026\/01\/dr-rodrigo-poeps-amazonas-2-300x200.jpg 300w, https:\/\/amazonia.fiocruz.br\/wp-content\/uploads\/2026\/01\/dr-rodrigo-poeps-amazonas-2-768x512.jpg 768w, https:\/\/amazonia.fiocruz.br\/wp-content\/uploads\/2026\/01\/dr-rodrigo-poeps-amazonas-2-1536x1024.jpg 1536w, https:\/\/amazonia.fiocruz.br\/wp-content\/uploads\/2026\/01\/dr-rodrigo-poeps-amazonas-2-2048x1365.jpg 2048w, https:\/\/amazonia.fiocruz.br\/wp-content\/uploads\/2026\/01\/dr-rodrigo-poeps-amazonas-2-1500x1000.jpg 1500w, https:\/\/amazonia.fiocruz.br\/wp-content\/uploads\/2026\/01\/dr-rodrigo-poeps-amazonas-2-705x470.jpg 705w\" sizes=\"(max-width: 2000px) 100vw, 2000px\" \/><\/figure>\n\n\n\n<p>A oficina de consolida\u00e7\u00e3o foi a etapa final de um processo iniciado em setembro do ano passado, no \u00e2mbito do projeto de pesquisa \u201cConstru\u00e7\u00e3o de Metodologias de Implementa\u00e7\u00e3o e Implanta\u00e7\u00e3o de Pol\u00edticas Estaduais de Promo\u00e7\u00e3o \u00e0 Sa\u00fade\u201d, coordenado nacionalmente pela professora doutora Ivonete Terezinha Schuller Buss Heidemann, da UFSC, em cinco estados. \u201cEsse \u00e9 um momento em que consolidamos todas as percep\u00e7\u00f5es e reivindica\u00e7\u00f5es de gestores, trabalhadores e agentes de controle social, resultantes das oficinas realizadas nas nove regionais de sa\u00fade do Amazonas, para entregarmos uma minuta de uma pol\u00edtica estadual de promo\u00e7\u00e3o da sa\u00fade. A oficina final congrega ci\u00eancia e gest\u00e3o em sa\u00fade p\u00fablica. Estamos satisfeitos em conduzir e validar a metodologia de constru\u00e7\u00e3o de pol\u00edticas p\u00fablicas de forma colaborativa e ascendente, ou seja, que de fato se encontre com as necessidades do territ\u00f3rio em parceria com a equipe gestora da SES-AM\u201d, explica o pesquisador em Sa\u00fade P\u00fablica da Fiocruz Amaz\u00f4nia, Rodrigo Tobias de Sousa Lima, respons\u00e1vel pela coordena\u00e7\u00e3o da etapa do Amazonas.<\/p>\n\n\n\n<p>Financiado pelo Minist\u00e9rio, por meio de edital do CNPq, o projeto tem por base a Pol\u00edtica Nacional de Promo\u00e7\u00e3o \u00e0 Sa\u00fade, criada em mar\u00e7o de 2006, por meio de portaria do Minist\u00e9rio da Sa\u00fade e a partir da qual os atores que fazem o sistema de sa\u00fade na ponta refletem e ressignificam os valores, princ\u00edpios, eixos norteadores, objetivos, indicadores de monitoramento e avalia\u00e7\u00e3o e at\u00e9 financiamento, \u00e0 luz das necessidades das secretarias municipais de sa\u00fade e gest\u00e3o. \u201c\u00c9 um projeto concebido pelo GT de Promo\u00e7\u00e3o da Sa\u00fade da Abrasco, liderado pela Universidade Federal de Santa Catarina. Trouxemos para o Amazonas a discuss\u00e3o com dois grandes benef\u00edcios diretos: primeiro, pensar numa pol\u00edtica nacional com base no territ\u00f3rio e segundo trazer uma discuss\u00e3o de pol\u00edtica nacional para o Norte do Pa\u00eds, onde n\u00e3o se tem protagonismo na constru\u00e7\u00e3o dessas pol\u00edticas p\u00fablicas\u201d, enfatiza Tobias.<\/p>\n\n\n\n<figure class=\"wp-block-image size-large\"><img decoding=\"async\" width=\"2000\" height=\"1333\" src=\"https:\/\/amazonia.fiocruz.br\/wp-content\/uploads\/2026\/01\/dr-rodrigo-poeps-amazonas-2000x1333.jpg\" alt=\"\" class=\"wp-image-57573\" srcset=\"https:\/\/amazonia.fiocruz.br\/wp-content\/uploads\/2026\/01\/dr-rodrigo-poeps-amazonas-2000x1333.jpg 2000w, https:\/\/amazonia.fiocruz.br\/wp-content\/uploads\/2026\/01\/dr-rodrigo-poeps-amazonas-300x200.jpg 300w, https:\/\/amazonia.fiocruz.br\/wp-content\/uploads\/2026\/01\/dr-rodrigo-poeps-amazonas-768x512.jpg 768w, https:\/\/amazonia.fiocruz.br\/wp-content\/uploads\/2026\/01\/dr-rodrigo-poeps-amazonas-1536x1024.jpg 1536w, https:\/\/amazonia.fiocruz.br\/wp-content\/uploads\/2026\/01\/dr-rodrigo-poeps-amazonas-2048x1365.jpg 2048w, https:\/\/amazonia.fiocruz.br\/wp-content\/uploads\/2026\/01\/dr-rodrigo-poeps-amazonas-1500x1000.jpg 1500w, https:\/\/amazonia.fiocruz.br\/wp-content\/uploads\/2026\/01\/dr-rodrigo-poeps-amazonas-705x470.jpg 705w\" sizes=\"(max-width: 2000px) 100vw, 2000px\" \/><\/figure>\n\n\n\n<p>Para o enfermeiro D\u00e1rio Aguiar, gerente de Gest\u00e3o da Aten\u00e7\u00e3o Prim\u00e1ria da Secretaria Municipal de Sa\u00fade de Manaus, a constru\u00e7\u00e3o da pol\u00edtica estadual de forma coletiva e territorial nas regi\u00f5es de sa\u00fade do Estado representa um grande avan\u00e7o. \u201cTrata-se de um movimento amplo de constru\u00e7\u00e3o coletiva e um marco para o Brasil. \u00c9 extremamente positivo ver todos os 62 munic\u00edpios do Estado envolvidos nessa constru\u00e7\u00e3o a partir de diretrizes, valores, objetivos, princ\u00edpios que v\u00e3o compor essa pol\u00edtica estadual de promo\u00e7\u00e3o da sa\u00fade, e termos o Amazonas sendo o norteador da constru\u00e7\u00e3o de pol\u00edticas p\u00fablicas nos munic\u00edpios\u201d, afirmou.\u00a0<\/p>\n\n\n\n<p>A coordenadora do projeto, Ivonete Heidemann, destaca a import\u00e2ncia da implanta\u00e7\u00e3o de uma minuta de uma pol\u00edtica estadual de promo\u00e7\u00e3o da sa\u00fade no Estado como um avan\u00e7o para a Sa\u00fade do Amazonas. \u201cA iniciativa \u00e9 muito importante no sentido de alavancar uma forma de trabalhar a sa\u00fade com o conceito ampliado, olhando os determinantes e a determina\u00e7\u00e3o social, olhando o territ\u00f3rio do Amazonas com suas especificidades, o que se reflete nos servi\u00e7os de sa\u00fade, no SUS. Ser\u00e1 um grande avan\u00e7o para o Sistema \u00danico de Sa\u00fade, possibilitar um modelo de sa\u00fade que atenda todas as necessidades no sentido de trabalhar o contexto como ele \u00e9 realmente, n\u00e3o s\u00f3 a doen\u00e7a. \u00c8 um marco hist\u00f3rico que vai possibilitar um novo modelo de aten\u00e7\u00e3o a sa\u00fade para o povo amazonense\u201d, ressaltou.<\/p>\n\n\n\n<p>Rodrigo Tobias ressalta que a Fiocruz Amaz\u00f4nia, por meio do Laborat\u00f3rio de Hist\u00f3ria, Pol\u00edticas P\u00fablicas e Sa\u00fade na Amaz\u00f4nia (Lahpsa), integra a comiss\u00e3o executiva nacional do projeto e foi respons\u00e1vel pela articula\u00e7\u00e3o junto \u00e0 Secretaria de Estado da Sa\u00fade (SES) e Conselho de Secret\u00e1rios Municipais de Sa\u00fade do Amazonas (Cosems-AM), favorecendo essa discuss\u00e3o e criando knowhow necess\u00e1rio para a constru\u00e7\u00e3o de pol\u00edticas p\u00fablicas com implica\u00e7\u00e3o direta no territ\u00f3rio. \u201cEstamos numa fase de entender e pensar projetos de desenvolvimento do SUS que tenham de fato uma conversa com v\u00e1rios cientistas, mas sobretudo que tenham implica\u00e7\u00e3o em mudan\u00e7as no territ\u00f3rio\u201d, salientou.<\/p>\n\n\n\n<p><\/p>\n\n\n\n<figure class=\"wp-block-image size-large\"><img decoding=\"async\" width=\"2000\" height=\"1333\" src=\"https:\/\/amazonia.fiocruz.br\/wp-content\/uploads\/2026\/01\/dr-rodrigo-poeps-amazonas-1-2000x1333.jpg\" alt=\"\" class=\"wp-image-57574\" srcset=\"https:\/\/amazonia.fiocruz.br\/wp-content\/uploads\/2026\/01\/dr-rodrigo-poeps-amazonas-1-2000x1333.jpg 2000w, https:\/\/amazonia.fiocruz.br\/wp-content\/uploads\/2026\/01\/dr-rodrigo-poeps-amazonas-1-300x200.jpg 300w, https:\/\/amazonia.fiocruz.br\/wp-content\/uploads\/2026\/01\/dr-rodrigo-poeps-amazonas-1-768x512.jpg 768w, https:\/\/amazonia.fiocruz.br\/wp-content\/uploads\/2026\/01\/dr-rodrigo-poeps-amazonas-1-1536x1024.jpg 1536w, https:\/\/amazonia.fiocruz.br\/wp-content\/uploads\/2026\/01\/dr-rodrigo-poeps-amazonas-1-2048x1365.jpg 2048w, https:\/\/amazonia.fiocruz.br\/wp-content\/uploads\/2026\/01\/dr-rodrigo-poeps-amazonas-1-1500x1000.jpg 1500w, https:\/\/amazonia.fiocruz.br\/wp-content\/uploads\/2026\/01\/dr-rodrigo-poeps-amazonas-1-705x470.jpg 705w\" sizes=\"(max-width: 2000px) 100vw, 2000px\" \/><\/figure>\n\n\n\n<p><\/p>\n\n\n\n<p>A Pol\u00edtica Nacional de Promo\u00e7\u00e3o da Sa\u00fade tem por objetivo promover a qualidade de vida e reduzir a vulnerabilidade e os riscos \u00e0 sa\u00fade relacionados aos seus determinantes e condicionantes \u2013 modos de viver, condi\u00e7\u00f5es de trabalho, habita\u00e7\u00e3o, ambiente, educa\u00e7\u00e3o, lazer, cultura, acesso a bens e servi\u00e7os essenciais.No Amazonas, a etapa foi conduzida pela Fiocruz Amaz\u00f4nia, reunindo gestores da Secretaria de Estado de Sa\u00fade (SES-AM), apoiadores do Conselho de Secretarias Municipais de Sa\u00fade do Amazonas (COSEMS-AM), t\u00e9cnicos das regi\u00f5es de sa\u00fade, representantes da sociedade civil organizada e pesquisadores. O objetivo inicial foi o de experimentar e validar a proposta metodol\u00f3gica, para em seguida avan\u00e7ar na escuta regionalizada e, por fim, consolidar uma minuta de pol\u00edtica p\u00fablica para o Estado.<\/p>\n\n\n\n<p>A minuta contempla, entre outros pontos, a quest\u00e3o da interatividade dos sistemas de informa\u00e7\u00e3o em sa\u00fade ind\u00edgena com os dos munic\u00edpios, a\u00e7\u00f5es voltadas para o bem viver, integra\u00e7\u00e3o do sistema de regionaliza\u00e7\u00e3o nos territ\u00f3rios l\u00edquidos, a\u00e7\u00f5es que contemplem o meio ambiente e a seguran\u00e7a alimentar regionalizada, a sa\u00fade do idoso, sa\u00fade da mulher, atividades f\u00edsicas como pol\u00edtica de sa\u00fade dos trabalhadores, promo\u00e7\u00e3o da sa\u00fade bucal, medicina ind\u00edgena, controle e vigil\u00e2ncia das arboviroses. O documento est\u00e1 dispon\u00edvel em <a href=\"https:\/\/amazonia.fiocruz.br\/wp-content\/uploads\/2026\/01\/MINUTA-OFICIAL-Politica-Estadual-Promocao-da-Saude-Amazonas-1.pdf\" target=\"_blank\" rel=\"noreferrer noopener\">https:\/\/amazonia.fiocruz.br\/wp-content\/uploads\/2026\/01\/MINUTA-OFICIAL-Politica-Estadual-Promocao-da-Saude-Amazonas-1.pdf<\/a><\/p>\n\n\n\n<p><strong><em>ILMD\/Fiocruz Amaz\u00f4nia, por J\u00falio Pedrosa<\/em><\/strong><\/p>\n\n\n\n<p><strong><em>Fotos: Michell Mello \/ Divulga\u00e7\u00e3o<\/em><\/strong><\/p>\n\n\n\n<p><\/p>\n","protected":false},"excerpt":{"rendered":"<p>Oficina de consolida\u00e7\u00e3o foi a etapa final de um processo iniciado em setembro do ano passado, no \u00e2mbito do projeto de pesquisa \u201cConstru\u00e7\u00e3o de Metodologias de Implementa\u00e7\u00e3o e Implanta\u00e7\u00e3o de Pol\u00edticas Estaduais de Promo\u00e7\u00e3o \u00e0 Sa\u00fade\u201d, da UFSC <\/p>\n","protected":false},"author":60,"featured_media":57571,"comment_status":"closed","ping_status":"closed","sticky":false,"template":"","format":"image","meta":{"footnotes":""},"categories":[15],"tags":[1225,1364,1365,1192,1362,1361,1255],"class_list":["post-57570","post","type-post","status-publish","format-image","has-post-thumbnail","hentry","category-noticias","tag-cnpq-2","tag-conass","tag-cosems-2","tag-fiocruz125anos-ilmdfiocruzamazonia","tag-politicaestadualdepromocaodasaude","tag-politicanacionaldepromocaodasaude","tag-sesam","post_format-post-format-image"],"_links":{"self":[{"href":"https:\/\/amazonia.fiocruz.br\/index.php?rest_route=\/wp\/v2\/posts\/57570","targetHints":{"allow":["GET"]}}],"collection":[{"href":"https:\/\/amazonia.fiocruz.br\/index.php?rest_route=\/wp\/v2\/posts"}],"about":[{"href":"https:\/\/amazonia.fiocruz.br\/index.php?rest_route=\/wp\/v2\/types\/post"}],"author":[{"embeddable":true,"href":"https:\/\/amazonia.fiocruz.br\/index.php?rest_route=\/wp\/v2\/users\/60"}],"replies":[{"embeddable":true,"href":"https:\/\/amazonia.fiocruz.br\/index.php?rest_route=%2Fwp%2Fv2%2Fcomments&post=57570"}],"version-history":[{"count":2,"href":"https:\/\/amazonia.fiocruz.br\/index.php?rest_route=\/wp\/v2\/posts\/57570\/revisions"}],"predecessor-version":[{"id":57578,"href":"https:\/\/amazonia.fiocruz.br\/index.php?rest_route=\/wp\/v2\/posts\/57570\/revisions\/57578"}],"wp:featuredmedia":[{"embeddable":true,"href":"https:\/\/amazonia.fiocruz.br\/index.php?rest_route=\/wp\/v2\/media\/57571"}],"wp:attachment":[{"href":"https:\/\/amazonia.fiocruz.br\/index.php?rest_route=%2Fwp%2Fv2%2Fmedia&parent=57570"}],"wp:term":[{"taxonomy":"category","embeddable":true,"href":"https:\/\/amazonia.fiocruz.br\/index.php?rest_route=%2Fwp%2Fv2%2Fcategories&post=57570"},{"taxonomy":"post_tag","embeddable":true,"href":"https:\/\/amazonia.fiocruz.br\/index.php?rest_route=%2Fwp%2Fv2%2Ftags&post=57570"}],"curies":[{"name":"wp","href":"https:\/\/api.w.org\/{rel}","templated":true}]}}