{"id":57250,"date":"2025-12-16T15:56:24","date_gmt":"2025-12-16T19:56:24","guid":{"rendered":"https:\/\/amazonia.fiocruz.br\/?p=57250"},"modified":"2025-12-16T15:56:25","modified_gmt":"2025-12-16T19:56:25","slug":"fiocruz-amazonia-participa-da-iii-conferencia-nacional-de-planificacao-da-atencao-a-saude-e-i-encontro-internacional-de-promocao-da-saude","status":"publish","type":"post","link":"https:\/\/amazonia.fiocruz.br\/?p=57250","title":{"rendered":"Fiocruz Amaz\u00f4nia participa da III Confer\u00eancia Nacional de Planifica\u00e7\u00e3o da Aten\u00e7\u00e3o \u00e0 Sa\u00fade e I Encontro Internacional de Promo\u00e7\u00e3o da Sa\u00fade"},"content":{"rendered":"\n<p>O Instituto Le\u00f4nidas e Maria Deane (ILMD\/Fiocruz Amaz\u00f4nia) participou da III Confer\u00eancia Nacional de Planifica\u00e7\u00e3o da Aten\u00e7\u00e3o \u00e0 Sa\u00fade, que aconteceu ontem e hoje, ter\u00e7a-feira, 16\/12, em Bras\u00edlia, com o objetivo de promover o compartilhamento de resultados e boas pr\u00e1ticas da Planifica\u00e7\u00e3o da Aten\u00e7\u00e3o \u00e0 Sa\u00fade (PAS) e da Implementa\u00e7\u00e3o da Pol\u00edtica Nacional de Promo\u00e7\u00e3o da Sa\u00fade (PNPS) no Brasil com vistas ao fortalecimento da equidade e integralidade no Sistema \u00danico de Sa\u00fade (SUS). O evento foi realizado de forma conjunta pelo Hospital Israelita Albert Einstein, Benefic\u00eancia Portuguesa de S\u00e3o Paulo, UMANE, Conselho Nacional de Secret\u00e1rios de Sa\u00fade (CONASS), Organiza\u00e7\u00e3o Pan-Americana de Sa\u00fade (OPAS) e Minist\u00e9rio da Sa\u00fade, por meio do Programa de Apoio ao Desenvolvimento Institucional do SUS (PROADI-SUS).<\/p>\n\n\n\n<p>O pesquisador em Sa\u00fade P\u00fablica da Fiocruz Amaz\u00f4nia Rodrigo Tobias de Sousa Lima, representou a diretora Stefanie Lopes na mesa de abertura da confer\u00eancia e foi mediador na mesa-redonda sobre o tema &#8220;Iniciativas de Planifica\u00e7\u00e3o da Aten\u00e7\u00e3o \u00e0 Sa\u00fade na Regi\u00e3o Amaz\u00f4nica. O evento aconteceu de forma h\u00edbrida e contou com a participa\u00e7\u00e3o de pesquisadores, acad\u00eamicos da sa\u00fade com trabalhos aprovados, trabalhadores, trabalhadoras e gestores do SUS. De acordo com Rodrigo Tobias, a confer\u00eancia se constituiu num f\u00f3rum pol\u00edtico e estrat\u00e9gico do SUS, dedicado \u00e0 escuta e pactua\u00e7\u00e3o com vistas \u00e0 constru\u00e7\u00e3o coletiva de caminhos para o fortalecimento da equidade, da integralidade e da sustentabilidade do nosso sistema de sa\u00fade.&nbsp;<\/p>\n\n\n\n<figure class=\"wp-block-image size-full\"><img decoding=\"async\" width=\"1600\" height=\"1200\" src=\"https:\/\/amazonia.fiocruz.br\/wp-content\/uploads\/2025\/12\/dr-rodrigo-evento-planificacao-2.jpg\" alt=\"\" class=\"wp-image-57252\" srcset=\"https:\/\/amazonia.fiocruz.br\/wp-content\/uploads\/2025\/12\/dr-rodrigo-evento-planificacao-2.jpg 1600w, https:\/\/amazonia.fiocruz.br\/wp-content\/uploads\/2025\/12\/dr-rodrigo-evento-planificacao-2-300x225.jpg 300w, https:\/\/amazonia.fiocruz.br\/wp-content\/uploads\/2025\/12\/dr-rodrigo-evento-planificacao-2-768x576.jpg 768w, https:\/\/amazonia.fiocruz.br\/wp-content\/uploads\/2025\/12\/dr-rodrigo-evento-planificacao-2-1536x1152.jpg 1536w, https:\/\/amazonia.fiocruz.br\/wp-content\/uploads\/2025\/12\/dr-rodrigo-evento-planificacao-2-1500x1125.jpg 1500w, https:\/\/amazonia.fiocruz.br\/wp-content\/uploads\/2025\/12\/dr-rodrigo-evento-planificacao-2-705x529.jpg 705w\" sizes=\"(max-width: 1600px) 100vw, 1600px\" \/><\/figure>\n\n\n\n<p>O pesquisador refor\u00e7a que reunir, em um mesmo espa\u00e7o, a planifica\u00e7\u00e3o da aten\u00e7\u00e3o e a promo\u00e7\u00e3o da sa\u00fade \u00e9 reconhecer que n\u00e3o h\u00e1 cuidado integral sem redes bem organizadas, assim como n\u00e3o h\u00e1 redes potentes sem compromisso com a promo\u00e7\u00e3o da sa\u00fade, com a preven\u00e7\u00e3o e com a justi\u00e7a social.<\/p>\n\n\n\n<p>A mostra reuniu trabalhos nos seguintes eixos tem\u00e1ticos: Resultados da Planifica\u00e7\u00e3o da Aten\u00e7\u00e3o \u00e0 Sa\u00fade (PAS) no cuidado \u00e0s condi\u00e7\u00f5es cr\u00f4nicas (Sa\u00fade Mental,&nbsp; Sa\u00fade Materno-infantil, Hipertens\u00e3o e Diabetes,&nbsp; Sa\u00fade da pessoa idosa e C\u00e2ncer),&nbsp; Constru\u00e7\u00e3o Social da Aten\u00e7\u00e3o Prim\u00e1ria \u00e0 Sa\u00fade (APS), Organiza\u00e7\u00e3o da AAE no modelo do Ponto de Aten\u00e7\u00e3o Secund\u00e1ria Ambulatorial (PASA) para o cuidado \u00e0s condi\u00e7\u00f5es cr\u00f4nicas, Cuidados paliativos na APS e na Aten\u00e7\u00e3o Ambulatorial Especializada (AAE), Seguran\u00e7a do paciente na APS e na AAE,&nbsp;Iniciativas para promo\u00e7\u00e3o da equidade em sa\u00fade na Planifica\u00e7\u00e3o da Aten\u00e7\u00e3o \u00e0 Sa\u00fade (PAS) e Iniciativas para Implementa\u00e7\u00e3o da Pol\u00edtica Nacional de Promo\u00e7\u00e3o da Sa\u00fade (PNPS), este \u00faltimo com foco na territorializa\u00e7\u00e3o, articula\u00e7\u00e3o e coopera\u00e7\u00e3o intrassetorial e intersetorial, rede de Aten\u00e7\u00e3o \u00e0 Sa\u00fade, participa\u00e7\u00e3o e controle social, gest\u00e3o, vigil\u00e2ncia, monitoramento e avalia\u00e7\u00e3o, educa\u00e7\u00e3o, forma\u00e7\u00e3o, produ\u00e7\u00e3o e dissemina\u00e7\u00e3o de conhecimentos e saberes, al\u00e9m de comunica\u00e7\u00e3o social e m\u00eddia.<\/p>\n\n\n\n<p><strong><em>ILMD\/Fiocruz Amaz\u00f4nia, por J\u00falio Pedrosa<\/em><\/strong><\/p>\n\n\n\n<p><strong><em>Fotos: Divulga\u00e7\u00e3o \/ Fiocruz Amaz\u00f4nia<\/em><\/strong><\/p>\n","protected":false},"excerpt":{"rendered":"<p>Evento foi realizado de forma conjunta pelo Hospital Israelita Albert Einstein, Benefic\u00eancia Portuguesa de S\u00e3o Paulo, UMANE, Conselho Nacional de Secret\u00e1rios de Sa\u00fade (CONASS), Organiza\u00e7\u00e3o Pan-Americana de Sa\u00fade (OPAS) e Minist\u00e9rio da Sa\u00fade, por meio do Programa de Apoio ao Desenvolvimento Institucional do SUS (PROADI-SUS)<\/p>\n","protected":false},"author":60,"featured_media":57251,"comment_status":"closed","ping_status":"closed","sticky":false,"template":"","format":"image","meta":{"footnotes":""},"categories":[15],"tags":[1192,1353,1352],"class_list":["post-57250","post","type-post","status-publish","format-image","has-post-thumbnail","hentry","category-noticias","tag-fiocruz125anos-ilmdfiocruzamazonia","tag-opas-conass-hospitalalberteinstein","tag-planificacaodaatencaoasaude","post_format-post-format-image"],"_links":{"self":[{"href":"https:\/\/amazonia.fiocruz.br\/index.php?rest_route=\/wp\/v2\/posts\/57250","targetHints":{"allow":["GET"]}}],"collection":[{"href":"https:\/\/amazonia.fiocruz.br\/index.php?rest_route=\/wp\/v2\/posts"}],"about":[{"href":"https:\/\/amazonia.fiocruz.br\/index.php?rest_route=\/wp\/v2\/types\/post"}],"author":[{"embeddable":true,"href":"https:\/\/amazonia.fiocruz.br\/index.php?rest_route=\/wp\/v2\/users\/60"}],"replies":[{"embeddable":true,"href":"https:\/\/amazonia.fiocruz.br\/index.php?rest_route=%2Fwp%2Fv2%2Fcomments&post=57250"}],"version-history":[{"count":1,"href":"https:\/\/amazonia.fiocruz.br\/index.php?rest_route=\/wp\/v2\/posts\/57250\/revisions"}],"predecessor-version":[{"id":57253,"href":"https:\/\/amazonia.fiocruz.br\/index.php?rest_route=\/wp\/v2\/posts\/57250\/revisions\/57253"}],"wp:featuredmedia":[{"embeddable":true,"href":"https:\/\/amazonia.fiocruz.br\/index.php?rest_route=\/wp\/v2\/media\/57251"}],"wp:attachment":[{"href":"https:\/\/amazonia.fiocruz.br\/index.php?rest_route=%2Fwp%2Fv2%2Fmedia&parent=57250"}],"wp:term":[{"taxonomy":"category","embeddable":true,"href":"https:\/\/amazonia.fiocruz.br\/index.php?rest_route=%2Fwp%2Fv2%2Fcategories&post=57250"},{"taxonomy":"post_tag","embeddable":true,"href":"https:\/\/amazonia.fiocruz.br\/index.php?rest_route=%2Fwp%2Fv2%2Ftags&post=57250"}],"curies":[{"name":"wp","href":"https:\/\/api.w.org\/{rel}","templated":true}]}}