{"id":57159,"date":"2025-12-08T12:44:19","date_gmt":"2025-12-08T16:44:19","guid":{"rendered":"https:\/\/amazonia.fiocruz.br\/?p=57159"},"modified":"2025-12-08T12:45:33","modified_gmt":"2025-12-08T16:45:33","slug":"fiocruz-amazonia-participa-de-audiencia-publica-em-apoio-a-luta-pela-promocao-da-saude-da-populacao-negra-e-destaca-papel-do-observatorio-de-saude-da-populacao-negra-fiocruz","status":"publish","type":"post","link":"https:\/\/amazonia.fiocruz.br\/?p=57159","title":{"rendered":"Fiocruz Amaz\u00f4nia participa de audi\u00eancia p\u00fablica em apoio \u00e0 luta pela promo\u00e7\u00e3o da sa\u00fade da popula\u00e7\u00e3o negra e destaca papel do Observat\u00f3rio de Sa\u00fade da Popula\u00e7\u00e3o Negra Fiocruz"},"content":{"rendered":"\n<p>A diretora do Instituto Le\u00f4nidas e Maria Deane (ILMD\/Fiocruz Amaz\u00f4nia), Stefanie Lopes, participou na \u00faltima sexta-feira, 5\/12, da audi\u00eancia p\u00fablica realizada na Assembleia Legislativa do Estado do Amazonas (ALEAM) com o objetivo de debater a ado\u00e7\u00e3o de provid\u00eancias para a sa\u00fade da popula\u00e7\u00e3o negra do Amazonas. Na oportunidade, Stefanie prestou solidariedade \u00e0 luta em favor da defesa da popula\u00e7\u00e3o negra e destacou a import\u00e2ncia do Observat\u00f3rio de Sa\u00fade da Popula\u00e7\u00e3o Negra, criado no \u00faltimo m\u00eas de novembro pela Funda\u00e7\u00e3o Oswaldo Cruz, como um instrumento de promo\u00e7\u00e3o e avalia\u00e7\u00e3o da sa\u00fade integral da popula\u00e7\u00e3o negra no Brasil. A audi\u00eancia p\u00fablica teve como principal finalidade chamar aten\u00e7\u00e3o para a quest\u00e3o do atraso na efetiva implementa\u00e7\u00e3o da Lei 12.288\/2010 que instituiu o Estatuto da Igualdade Racial, destinado a garantir \u00e0 popula\u00e7\u00e3o negra a efetiva\u00e7\u00e3o da igualdade de oportunidades, a defesa dos direitos \u00e9tnicos individuais, coletivos e difusos, o acesso \u00e0 sa\u00fade e o combate \u00e0 discrimina\u00e7\u00e3o e \u00e0s demais formas de intoler\u00e2ncia \u00e9tnica.<\/p>\n\n\n\n<figure class=\"wp-block-image size-large\"><img decoding=\"async\" width=\"2000\" height=\"1333\" src=\"https:\/\/amazonia.fiocruz.br\/wp-content\/uploads\/2025\/12\/IMG_4717-2000x1333.jpg\" alt=\"\" class=\"wp-image-57161\" srcset=\"https:\/\/amazonia.fiocruz.br\/wp-content\/uploads\/2025\/12\/IMG_4717-2000x1333.jpg 2000w, https:\/\/amazonia.fiocruz.br\/wp-content\/uploads\/2025\/12\/IMG_4717-300x200.jpg 300w, https:\/\/amazonia.fiocruz.br\/wp-content\/uploads\/2025\/12\/IMG_4717-768x512.jpg 768w, https:\/\/amazonia.fiocruz.br\/wp-content\/uploads\/2025\/12\/IMG_4717-1536x1024.jpg 1536w, https:\/\/amazonia.fiocruz.br\/wp-content\/uploads\/2025\/12\/IMG_4717-2048x1365.jpg 2048w, https:\/\/amazonia.fiocruz.br\/wp-content\/uploads\/2025\/12\/IMG_4717-1500x1000.jpg 1500w, https:\/\/amazonia.fiocruz.br\/wp-content\/uploads\/2025\/12\/IMG_4717-705x470.jpg 705w\" sizes=\"(max-width: 2000px) 100vw, 2000px\" \/><\/figure>\n\n\n\n<p>Em seu pronunciamento, Stefanie Lopes ressaltou a amplitude do problema e a import\u00e2ncia do olhar diferenciado para o recorte territorial do Amazonas, com suas diversas peculiaridades. \u201cTemos uma grande popula\u00e7\u00e3o negra e parda, que merece um olhar diferenciado, mas que tem particularidades nos seus territ\u00f3rios que precisam de diferentes pol\u00edticas caminhando juntas\u201d, enfatizou. Segundo ela, nesses territ\u00f3rios, \u00e9 necess\u00e1rio que haja integra\u00e7\u00e3o de pol\u00edticas de sa\u00fade voltadas para as popula\u00e7\u00f5es dos campos, florestas e \u00e1guas e para as popula\u00e7\u00f5es ind\u00edgenas. \u201cDessa forma, teremos os pilares do SUS sendo cumpridos. Nossa miss\u00e3o, enquanto Fiocruz, \u00e9 entender, atrav\u00e9s da pesquisa, da ci\u00eancia e da investiga\u00e7\u00e3o, se as pol\u00edticas est\u00e3o sendo de fato implementadas e caminhar junto com os movimentos sociais para que essa implementa\u00e7\u00e3o seja efetiva\u201d, pontuou, salientando outro papel fundamental da Fiocruz, que \u00e9 o da forma\u00e7\u00e3o\/qualifica\u00e7\u00e3o de profissionais de sa\u00fade que atuam na assist\u00eancia.<\/p>\n\n\n\n<figure class=\"wp-block-image size-large\"><img decoding=\"async\" width=\"2000\" height=\"1333\" src=\"https:\/\/amazonia.fiocruz.br\/wp-content\/uploads\/2025\/12\/IMG_4722-2000x1333.jpg\" alt=\"\" class=\"wp-image-57162\" srcset=\"https:\/\/amazonia.fiocruz.br\/wp-content\/uploads\/2025\/12\/IMG_4722-2000x1333.jpg 2000w, https:\/\/amazonia.fiocruz.br\/wp-content\/uploads\/2025\/12\/IMG_4722-300x200.jpg 300w, https:\/\/amazonia.fiocruz.br\/wp-content\/uploads\/2025\/12\/IMG_4722-768x512.jpg 768w, https:\/\/amazonia.fiocruz.br\/wp-content\/uploads\/2025\/12\/IMG_4722-1536x1024.jpg 1536w, https:\/\/amazonia.fiocruz.br\/wp-content\/uploads\/2025\/12\/IMG_4722-2048x1365.jpg 2048w, https:\/\/amazonia.fiocruz.br\/wp-content\/uploads\/2025\/12\/IMG_4722-1500x1000.jpg 1500w, https:\/\/amazonia.fiocruz.br\/wp-content\/uploads\/2025\/12\/IMG_4722-705x470.jpg 705w\" sizes=\"(max-width: 2000px) 100vw, 2000px\" \/><\/figure>\n\n\n\n<p>\u201cA forma\u00e7\u00e3o profissional \u00e9 uma contribui\u00e7\u00e3o efetiva para o combate ao racismo estrutural para que aquele profissional entenda o que \u00e9 a aplica\u00e7\u00e3o da pol\u00edtica, como a gente pode apoiar nesses processos formativos, trabalhar nessa integra\u00e7\u00e3o e nesse novo olhar\u201d, salientou a diretora, lembrando que a maioria dos profissionais n\u00e3o enxerga a pol\u00edtica na sua realidade di\u00e1ria e n\u00e3o acredita que na sua unidade de sa\u00fade seja poss\u00edvel fazer diferente. A audi\u00eancia p\u00fablica, proposta pelo deputado estadual Sin\u00e9sio Campos (PT), atendeu solicita\u00e7\u00e3o do Comit\u00ea T\u00e9cnico de Sa\u00fade da Popula\u00e7\u00e3o Negra e contou com a participa\u00e7\u00e3o virtual da coordenadora-geral nacional de Aten\u00e7\u00e3o \u00e0 Sa\u00fade da Popula\u00e7\u00e3o Negra, do Minist\u00e9rio da Sa\u00fade, Rose Santos, al\u00e9m de representantes da Funda\u00e7\u00e3o de Vigil\u00e2ncia em Sa\u00fade Dra Rosemary Costa Pinto (FVS-RCP), representando a Secretaria de Estado da Sa\u00fade (SES), e da Superintend\u00eancia do Minist\u00e9rio da Sa\u00fade no Amazonas.<\/p>\n\n\n\n<p>No \u00faltimo dia 19\/11, a diretora da Fiocruz Amaz\u00f4nia, Stefanie Lopes, recebeu a visita de representantes da Aratrama- Articula\u00e7\u00e3o Amaz\u00f4nica dos Povos e Comunidades Tradicionais de Terreiros de Matriz Africana, para oficializar o convite \u00e0 audi\u00eancia p\u00fablica. Estiveram presentes o coordenador geral da Aratrana, Alberto Jorge da Silva (Heviosonon oba meji Fatadabenono), o presidente da Associa\u00e7\u00e3o de Desenvolvimento Socio Cultural Toy Bad\u00e9, Johnathan Azevedo de Souza (Lissanon Fadamilar\u00ea) e a presidente do Instituto Eruexim, Ekedy Carla de Oy\u00e1. As tr\u00eas entidades integram o Comit\u00ea T\u00e9cnico de Sa\u00fade da Popula\u00e7\u00e3o Negra.<\/p>\n\n\n\n<figure class=\"wp-block-image size-large\"><img decoding=\"async\" width=\"2000\" height=\"1333\" src=\"https:\/\/amazonia.fiocruz.br\/wp-content\/uploads\/2025\/12\/IMG_4695-2000x1333.jpg\" alt=\"\" class=\"wp-image-57164\" srcset=\"https:\/\/amazonia.fiocruz.br\/wp-content\/uploads\/2025\/12\/IMG_4695-2000x1333.jpg 2000w, https:\/\/amazonia.fiocruz.br\/wp-content\/uploads\/2025\/12\/IMG_4695-300x200.jpg 300w, https:\/\/amazonia.fiocruz.br\/wp-content\/uploads\/2025\/12\/IMG_4695-768x512.jpg 768w, https:\/\/amazonia.fiocruz.br\/wp-content\/uploads\/2025\/12\/IMG_4695-1536x1024.jpg 1536w, https:\/\/amazonia.fiocruz.br\/wp-content\/uploads\/2025\/12\/IMG_4695-2048x1365.jpg 2048w, https:\/\/amazonia.fiocruz.br\/wp-content\/uploads\/2025\/12\/IMG_4695-1500x1000.jpg 1500w, https:\/\/amazonia.fiocruz.br\/wp-content\/uploads\/2025\/12\/IMG_4695-705x470.jpg 705w\" sizes=\"(max-width: 2000px) 100vw, 2000px\" \/><\/figure>\n\n\n\n<p>Segundo Alberto Jorge, a audi\u00eancia tem o intuito de chamar a aten\u00e7\u00e3o para o significativo atraso do decolar da sa\u00fade integral da popula\u00e7\u00e3o negra. \u201cDesde que foi criada, a pol\u00edtica vem sendo trabalhada mas com avan\u00e7os pequenos, em se considerando que a maior parte da popula\u00e7\u00e3o brasileira \u00e9 composta por pretos e pardos. No Amazonas, se consideramos que estamos trabalhando com 30% da popula\u00e7\u00e3o, segundo o IBGE, somos um grande quantitativo\u201d, explica Alberto, apontando a diabetes e a hipertens\u00e3o como os maiores problemas da sa\u00fade integral da popula\u00e7\u00e3o negra.<\/p>\n\n\n\n<p>Para o coordenador da Aratrama, os governos Federal, estaduais e municipais falham na oferta de medicamentos e terapias mais eficazes para o enfrentamento a essas duas doen\u00e7as cr\u00f4nicas, que levam, na maioria dos casos, \u00e0 amputa\u00e7\u00e3o dos membros inferiores dos pacientes e \u00e0 morte. \u201cA equidade do SUS n\u00e3o tem permitido que os bons rem\u00e9dios para hipertens\u00e3o estejam sendo distribu\u00eddos. O SUS prefere fragmentar a oferta com medica\u00e7\u00f5es diferentes que nem sempre t\u00eam a efic\u00e1cia de um medicamento bem elaborado\u201d, enfatizou.<\/p>\n\n\n\n<p>Aberto Jorge citou, como exemplo, o tratamento dispensado aos casos de pacientes com p\u00e9 diab\u00e9tico, que muitas das vezes t\u00eam a amputa\u00e7\u00e3o como \u00fanica indica\u00e7\u00e3o de tratamento, e ao diagn\u00f3stico do c\u00e2ncer de colo de \u00fatero. \u201cUma boa estrutura\u00e7\u00e3o da rede prim\u00e1ria, com a ado\u00e7\u00e3o de c\u00e2maras hiperb\u00e1ricas e o uso de \u00e1gua ionizada que comprovadamente ajuda nesse processo de recupera\u00e7\u00e3o do p\u00e9 diab\u00e9tico, j\u00e1 mudaria a realidade dessa assist\u00eancia. No caso do c\u00e2ncer do colo de \u00fatero, a ado\u00e7\u00e3o de t\u00e9cnicas mais modernas de detec\u00e7\u00e3o, tendo em vista que o Amazonas ocupa o terceiro lugar no Brasil em c\u00e2ncer de colo uterino\u201d, declarou, salientando que a maior parte da popula\u00e7\u00e3o negra, que compreende pretos e pardos, encontra-se em situa\u00e7\u00e3o de vulnerabilidade social.<\/p>\n\n\n\n<p><strong>SOBRE O OBSERVAT\u00d3RIO<\/strong><\/p>\n\n\n\n<p>O Observat\u00f3rio de Sa\u00fade da Popula\u00e7\u00e3o Negra nasce alinhado \u00e0s diretrizes da&nbsp;<em>17\u00aa Confer\u00eancia Nacional de Sa\u00fade<\/em>, como um avan\u00e7o estrat\u00e9gico na consolida\u00e7\u00e3o de pol\u00edticas p\u00fablicas comprometidas com a promo\u00e7\u00e3o da equidade em sa\u00fade no Brasil. Lan\u00e7ado no dia 18\/11, o Observat\u00f3rio emerge como um recurso fundamental para o monitoramento e avalia\u00e7\u00e3o das iniciativas direcionadas a essa popula\u00e7\u00e3o, fortalecendo o acesso e a qualidade da aten\u00e7\u00e3o \u00e0 sa\u00fade, apoiado em evid\u00eancias e orientado pelos princ\u00edpios da justi\u00e7a social. Parceria da Fiocruz com a Universidade Federal do Rio de Janeiro (UFRJ) e o Minist\u00e9rio da Sa\u00fade, a iniciativa \u00e9 uma tecnologia social, informacional e comunicacional voltada para monitorar e avaliar, de forma decolonial, como a Pol\u00edtica Nacional de Sa\u00fade Integral da Popula\u00e7\u00e3o Negra (PNSIPN) vem sendo vivenciada nos territ\u00f3rios.<\/p>\n\n\n\n<p><strong><em>ILMD\/Fiocruz Amaz\u00f4nia, por J\u00falio Pedrosa<\/em><\/strong><\/p>\n\n\n\n<p><strong><em>Fotos: J\u00falio Pedrosa<\/em><\/strong><\/p>\n","protected":false},"excerpt":{"rendered":"<p>Audi\u00eancia teve como principal finalidade chamar aten\u00e7\u00e3o para o atraso na efetiva implementa\u00e7\u00e3o da Lei 12.288\/2010 que instituiu o Estatuto da Igualdade Racial, destinado a garantir \u00e0 popula\u00e7\u00e3o negra a efetiva\u00e7\u00e3o da igualdade de oportunidades, a defesa dos direitos \u00e9tnicos individuais, coletivos e difusos, o acesso \u00e0 sa\u00fade e o combate \u00e0 discrimina\u00e7\u00e3o e \u00e0s demais formas de intoler\u00e2ncia \u00e9tnica<\/p>\n","protected":false},"author":60,"featured_media":57160,"comment_status":"closed","ping_status":"closed","sticky":false,"template":"","format":"image","meta":{"footnotes":""},"categories":[15],"tags":[1349,1350,1192,1348],"class_list":["post-57159","post","type-post","status-publish","format-image","has-post-thumbnail","hentry","category-noticias","tag-combateadiscriminacao","tag-estatutodaigualdaderacial","tag-fiocruz125anos-ilmdfiocruzamazonia","tag-sus-ministeriodasaude","post_format-post-format-image"],"_links":{"self":[{"href":"https:\/\/amazonia.fiocruz.br\/index.php?rest_route=\/wp\/v2\/posts\/57159","targetHints":{"allow":["GET"]}}],"collection":[{"href":"https:\/\/amazonia.fiocruz.br\/index.php?rest_route=\/wp\/v2\/posts"}],"about":[{"href":"https:\/\/amazonia.fiocruz.br\/index.php?rest_route=\/wp\/v2\/types\/post"}],"author":[{"embeddable":true,"href":"https:\/\/amazonia.fiocruz.br\/index.php?rest_route=\/wp\/v2\/users\/60"}],"replies":[{"embeddable":true,"href":"https:\/\/amazonia.fiocruz.br\/index.php?rest_route=%2Fwp%2Fv2%2Fcomments&post=57159"}],"version-history":[{"count":1,"href":"https:\/\/amazonia.fiocruz.br\/index.php?rest_route=\/wp\/v2\/posts\/57159\/revisions"}],"predecessor-version":[{"id":57165,"href":"https:\/\/amazonia.fiocruz.br\/index.php?rest_route=\/wp\/v2\/posts\/57159\/revisions\/57165"}],"wp:featuredmedia":[{"embeddable":true,"href":"https:\/\/amazonia.fiocruz.br\/index.php?rest_route=\/wp\/v2\/media\/57160"}],"wp:attachment":[{"href":"https:\/\/amazonia.fiocruz.br\/index.php?rest_route=%2Fwp%2Fv2%2Fmedia&parent=57159"}],"wp:term":[{"taxonomy":"category","embeddable":true,"href":"https:\/\/amazonia.fiocruz.br\/index.php?rest_route=%2Fwp%2Fv2%2Fcategories&post=57159"},{"taxonomy":"post_tag","embeddable":true,"href":"https:\/\/amazonia.fiocruz.br\/index.php?rest_route=%2Fwp%2Fv2%2Ftags&post=57159"}],"curies":[{"name":"wp","href":"https:\/\/api.w.org\/{rel}","templated":true}]}}