{"id":57138,"date":"2025-12-04T19:22:46","date_gmt":"2025-12-04T23:22:46","guid":{"rendered":"https:\/\/amazonia.fiocruz.br\/?p=57138"},"modified":"2025-12-05T15:30:21","modified_gmt":"2025-12-05T19:30:21","slug":"fiocruz-amazonia-participa-da-6a-plenaria-do-conselhao-e-da-entrega-do-livro-com-as-contribuicoes-da-comunidade-cientifica-e-tecnologica-da-amazonia","status":"publish","type":"post","link":"https:\/\/amazonia.fiocruz.br\/?p=57138","title":{"rendered":"Fiocruz Amaz\u00f4nia participa da 6\u00aa Plen\u00e1ria do Conselh\u00e3o e da entrega do livro com as contribui\u00e7\u00f5es da comunidade cient\u00edfica e tecnol\u00f3gica da Amaz\u00f4nia"},"content":{"rendered":"\n<p>BRAS\u00cdLIA (DF) &#8211; A diretora do Instituto Le\u00f4nidas e Maria Deane (ILMD\/Fiocruz Amaz\u00f4nia), a pesquisadora em Sa\u00fade P\u00fablica Stefanie Lopes, participou, nesta quinta-feira, 4\/12, em Bras\u00edlia, da 6\u00aa Plen\u00e1ria do Conselho Econ\u00f4mico de Desenvolvimento Social Sustent\u00e1vel, o Conselh\u00e3o, da Secretaria de Rela\u00e7\u00f5es Institucionais do Governo Federal. A Plen\u00e1ria foi aberta pela manh\u00e3, com a presen\u00e7a do presidente Lula, e contou com as entregas dos produtos resultantes do trabalho do Conselho, entre os quais o livro \u201cContribui\u00e7\u00f5es da Comunidade Cient\u00edfica e Tecnol\u00f3gica da Amaz\u00f4nia para a Presid\u00eancia da COP 30 (2025-2030)\u201d, fruto do esfor\u00e7o&nbsp;coletivo de mais de 70 institui\u00e7\u00f5es de ensino e pesquisa da Amaz\u00f4nia, que, sob a coordena\u00e7\u00e3o do CDESS, consolidaram propostas voltadas ao desenvolvimento cient\u00edfico sustent\u00e1vel da Amaz\u00f4nia a partir das viv\u00eancias e expertise de quem vive, estuda e produz ci\u00eancia na regi\u00e3o.<\/p>\n\n\n\n<figure class=\"wp-block-image size-full\"><img decoding=\"async\" width=\"1600\" height=\"1230\" src=\"https:\/\/amazonia.fiocruz.br\/wp-content\/uploads\/2025\/12\/stefanie-lopes-na-plenaria-do-conselhao-1.jpg\" alt=\"\" class=\"wp-image-57140\" srcset=\"https:\/\/amazonia.fiocruz.br\/wp-content\/uploads\/2025\/12\/stefanie-lopes-na-plenaria-do-conselhao-1.jpg 1600w, https:\/\/amazonia.fiocruz.br\/wp-content\/uploads\/2025\/12\/stefanie-lopes-na-plenaria-do-conselhao-1-300x231.jpg 300w, https:\/\/amazonia.fiocruz.br\/wp-content\/uploads\/2025\/12\/stefanie-lopes-na-plenaria-do-conselhao-1-768x590.jpg 768w, https:\/\/amazonia.fiocruz.br\/wp-content\/uploads\/2025\/12\/stefanie-lopes-na-plenaria-do-conselhao-1-1536x1181.jpg 1536w, https:\/\/amazonia.fiocruz.br\/wp-content\/uploads\/2025\/12\/stefanie-lopes-na-plenaria-do-conselhao-1-1500x1153.jpg 1500w, https:\/\/amazonia.fiocruz.br\/wp-content\/uploads\/2025\/12\/stefanie-lopes-na-plenaria-do-conselhao-1-705x542.jpg 705w\" sizes=\"(max-width: 1600px) 100vw, 1600px\" \/><\/figure>\n\n\n\n<p>Stefanie Lopes participou, como convidada, com a ministra da Ci\u00eancia Tecnologia e Inova\u00e7\u00e3o, Luciana Santos (MCTI), e o ministro da Educa\u00e7\u00e3o e Cultura (MEC), Camilo Santana, da entrega do livro ao presidente, juntamente com a primeira-dama Janja Lula da Silva e demais institui\u00e7\u00f5es envolvidas, a exemplo do Instituto Evandro Chagas (IEC), Universidade Federal do Sul e Sudeste do Par\u00e1 (Unifesspa), Universidade Estadual do Par\u00e1, \u00a0Universidade Federal do Amazonas (UFAM), Universidade Federal do Par\u00e1 (UFPA), Minist\u00e9rio da Ci\u00eancia Tecnologia e Inova\u00e7\u00e3o (MCTI) e Minist\u00e9rio da Educa\u00e7\u00e3o e Cultura (MEC). A diretora da Fiocruz Amaz\u00f4nia destacou a import\u00e2ncia do esfor\u00e7o desenvolvido pelo f\u00f3rum colegiado em articular as institui\u00e7\u00f5es cient\u00edficas e tecnol\u00f3gicas da regi\u00e3o com o intuito de contribuir e fazer ecoar as vozes da Amaz\u00f4nia.<\/p>\n\n\n\n<p>Al\u00e9m da COP 30, foram feitas tamb\u00e9m outras entregas do Conselh\u00e3o, constru\u00eddas a partir de discuss\u00f5es realizadas nos \u00faltimos meses pelas comiss\u00f5es tem\u00e1ticas. Foram elas: a Lei Geral de Direito Internacional Privado, a Estrat\u00e9gia de Compras P\u00fablicas Sustent\u00e1veis, a Pol\u00edtica Nacional de Conectividade em Rodovias, o Guia de Duplicatas Escriturais e Pilares de um Projeto de Na\u00e7\u00e3o. Em seguida, a 6\u00aa Plen\u00e1ria realizou debates em torno do tema \u201cBrasil Justo e Soberano: Perspectivas para 2026\u201d, abrindo para falas institucionais. \u00c0 tarde, foram realizadas reuni\u00f5es das comiss\u00f5es que comp\u00f5em o Conselh\u00e3o, com mesas tem\u00e1ticas.<\/p>\n\n\n\n<p><strong>SOBRE O LIVRO<\/strong><\/p>\n\n\n\n<p>Extra\u00eddo de um total de 400 p\u00e1ginas, o livro \u201cContribui\u00e7\u00f5es da Comunidade Cient\u00edfica e Tecnol\u00f3gica da Amaz\u00f4nia para a Presid\u00eancia da COP 30 (2025-2030)\u201d \u00e9 fruto da mobiliza\u00e7\u00e3o e organiza\u00e7\u00e3o do CDESS, da Secretaria de Rela\u00e7\u00f5es Institucionais\u00a0(SRI\/Presid\u00eancia da Rep\u00fablica), com participa\u00e7\u00e3o ativa de Universidades Federais\u00a0e Estaduais, Institutos Federais de Educa\u00e7\u00e3o, Ci\u00eancia e Tecnologia, Unidades\u00a0de Pesquisa do Minist\u00e9rio da Ci\u00eancia, Tecnologia e Inova\u00e7\u00e3o (MCTI), al\u00e9m de\u00a0importantes parceiros como a Empresa Brasileira de Pesquisa Agropecu\u00e1ria\u00a0(EMBRAPA), Funda\u00e7\u00e3o Oswaldo Cruz (FIOCRUZ), Instituto Evandro Chagas (EC\/SVSA\/MS).<\/p>\n\n\n\n<figure class=\"wp-block-image size-full\"><img decoding=\"async\" width=\"1600\" height=\"901\" src=\"https:\/\/amazonia.fiocruz.br\/wp-content\/uploads\/2025\/12\/stefanie-lopes-na-plenaria-do-conselhao-2.jpg\" alt=\"\" class=\"wp-image-57141\" srcset=\"https:\/\/amazonia.fiocruz.br\/wp-content\/uploads\/2025\/12\/stefanie-lopes-na-plenaria-do-conselhao-2.jpg 1600w, https:\/\/amazonia.fiocruz.br\/wp-content\/uploads\/2025\/12\/stefanie-lopes-na-plenaria-do-conselhao-2-300x169.jpg 300w, https:\/\/amazonia.fiocruz.br\/wp-content\/uploads\/2025\/12\/stefanie-lopes-na-plenaria-do-conselhao-2-768x432.jpg 768w, https:\/\/amazonia.fiocruz.br\/wp-content\/uploads\/2025\/12\/stefanie-lopes-na-plenaria-do-conselhao-2-1536x865.jpg 1536w, https:\/\/amazonia.fiocruz.br\/wp-content\/uploads\/2025\/12\/stefanie-lopes-na-plenaria-do-conselhao-2-1500x845.jpg 1500w, https:\/\/amazonia.fiocruz.br\/wp-content\/uploads\/2025\/12\/stefanie-lopes-na-plenaria-do-conselhao-2-705x397.jpg 705w\" sizes=\"(max-width: 1600px) 100vw, 1600px\" \/><\/figure>\n\n\n\n<p>A publica\u00e7\u00e3o foi materializada a partir do apoio institucional da Funda\u00e7\u00e3o de&nbsp;Amparo e Desenvolvimento da Pesquisa (FADESP) e com recursos viabilizados pela Financiadora de Estudos e Projetos (FINEP), com o objetivo de apresentar uma&nbsp;s\u00edntese do encontro da Comunidade Cient\u00edfica e Tecnol\u00f3gica da Amaz\u00f4nia com a&nbsp;Presid\u00eancia da COP30. S\u00edntese resultante de um esfor\u00e7o coletivo representado por mais de 200 representantes das mais de 70 institui\u00e7\u00f5es regionais consultadas e da&nbsp;sociedade civil, com o objetivo de contribuir para uma tradu\u00e7\u00e3o amaz\u00f4nica da Nova&nbsp;Ind\u00fastria Brasil (NIB Amaz\u00f4nia), fortalecer iniciativas de inova\u00e7\u00e3o socioambiental&nbsp;dos agentes econ\u00f4micos, apoiar a gest\u00e3o p\u00fablica local e potencializar a a\u00e7\u00e3o&nbsp;da sociedade como um todo.<\/p>\n\n\n\n<p><strong>PARTICIPA\u00c7\u00c3O SOCIAL<\/strong><\/p>\n\n\n\n<p>Criado em 2003, no primeiro mandato do presidente Luiz In\u00e1cio Lula da Silva; extinto em 2019 pelo governo do ex-presidente Jair Bolsonaro; e reativado, em 2023, no atual governo de Lula, o Conselh\u00e3o \u00e9 uma importante inst\u00e2ncia de participa\u00e7\u00e3o social cujo objetivo \u00e9 servir como um instrumento de di\u00e1logo plural para a formula\u00e7\u00e3o de pol\u00edticas p\u00fablicas e diretrizes para o desenvolvimento econ\u00f4mico, social e sustent\u00e1vel do Brasil. Atualmente, conta com 298 conselheiros.<\/p>\n\n\n\n<p><strong><em>ILMD\/Fiocruz Amaz\u00f4nia, por J\u00falio Pedrosa, com informa\u00e7\u00f5es da Ag\u00eancia Brasil<\/em><\/strong><\/p>\n\n\n\n<p><strong><em>Fotos: Ricardo Stuckert \/ Presid\u00eancia da Rep\u00fablica Fotografia<\/em><\/strong> <\/p>\n","protected":false},"excerpt":{"rendered":"<p>Resultante de um conjunto de 400 p\u00e1ginas, livro \u00e9 fruto da mobiliza\u00e7\u00e3o e organiza\u00e7\u00e3o do CDESS, da Secretaria de Rela\u00e7\u00f5es Institucionais\u00a0(SRI\/Presid\u00eancia da Rep\u00fablica), com participa\u00e7\u00e3o ativa das instiui\u00e7\u00f5es de pesquisa e ensino da regi\u00e3o <\/p>\n","protected":false},"author":60,"featured_media":57139,"comment_status":"closed","ping_status":"closed","sticky":false,"template":"","format":"image","meta":{"footnotes":""},"categories":[15],"tags":[1343,1344,1192],"class_list":["post-57138","post","type-post","status-publish","format-image","has-post-thumbnail","hentry","category-noticias","tag-comunidadecientificadaamazonia","tag-cop30-2","tag-fiocruz125anos-ilmdfiocruzamazonia","post_format-post-format-image"],"_links":{"self":[{"href":"https:\/\/amazonia.fiocruz.br\/index.php?rest_route=\/wp\/v2\/posts\/57138","targetHints":{"allow":["GET"]}}],"collection":[{"href":"https:\/\/amazonia.fiocruz.br\/index.php?rest_route=\/wp\/v2\/posts"}],"about":[{"href":"https:\/\/amazonia.fiocruz.br\/index.php?rest_route=\/wp\/v2\/types\/post"}],"author":[{"embeddable":true,"href":"https:\/\/amazonia.fiocruz.br\/index.php?rest_route=\/wp\/v2\/users\/60"}],"replies":[{"embeddable":true,"href":"https:\/\/amazonia.fiocruz.br\/index.php?rest_route=%2Fwp%2Fv2%2Fcomments&post=57138"}],"version-history":[{"count":3,"href":"https:\/\/amazonia.fiocruz.br\/index.php?rest_route=\/wp\/v2\/posts\/57138\/revisions"}],"predecessor-version":[{"id":57150,"href":"https:\/\/amazonia.fiocruz.br\/index.php?rest_route=\/wp\/v2\/posts\/57138\/revisions\/57150"}],"wp:featuredmedia":[{"embeddable":true,"href":"https:\/\/amazonia.fiocruz.br\/index.php?rest_route=\/wp\/v2\/media\/57139"}],"wp:attachment":[{"href":"https:\/\/amazonia.fiocruz.br\/index.php?rest_route=%2Fwp%2Fv2%2Fmedia&parent=57138"}],"wp:term":[{"taxonomy":"category","embeddable":true,"href":"https:\/\/amazonia.fiocruz.br\/index.php?rest_route=%2Fwp%2Fv2%2Fcategories&post=57138"},{"taxonomy":"post_tag","embeddable":true,"href":"https:\/\/amazonia.fiocruz.br\/index.php?rest_route=%2Fwp%2Fv2%2Ftags&post=57138"}],"curies":[{"name":"wp","href":"https:\/\/api.w.org\/{rel}","templated":true}]}}