{"id":56952,"date":"2025-11-22T15:41:32","date_gmt":"2025-11-22T19:41:32","guid":{"rendered":"https:\/\/amazonia.fiocruz.br\/?p=56952"},"modified":"2025-11-25T10:18:29","modified_gmt":"2025-11-25T14:18:29","slug":"fiocruz-amazonia-recebe-equipe-da-cogic-para-segunda-inspecao-preventiva-e-corretiva-de-2025","status":"publish","type":"post","link":"https:\/\/amazonia.fiocruz.br\/?p=56952","title":{"rendered":"Fiocruz Amaz\u00f4nia recebe equipe da Cogic para segunda inspe\u00e7\u00e3o preventiva e corretiva de 2025"},"content":{"rendered":"\n<p>O Instituto Le\u00f4nidas &amp; Maria Deane (ILMD\/Fiocruz Amaz\u00f4nia) recebeu, entre os dias 11 e 18\/11, a equipe multidisciplinar da Coordena\u00e7\u00e3o de Engenharia de Manuten\u00e7\u00e3o (CEM) e Gest\u00e3o de Equipamentos (GMEQ), da Coordena\u00e7\u00e3o Geral de Infraestrutura dos Campi (Cogic), da Fiocruz (RJ), com o objetivo de promover a segunda e \u00faltima inspe\u00e7\u00e3o preventiva e corretiva do ano de 2025, realizada na unidade.\u00a0 O procedimento, que ocorre semestralmente, tem como finalidade avaliar as qualifica\u00e7\u00f5es de performance nos equipamentos dos laborat\u00f3rios da unidade, bem como nos instalados nas unidades descentralizadas localizadas na sede da Funda\u00e7\u00e3o Nacional de Sa\u00fade (Funasa), Funda\u00e7\u00e3o de Medicina Tropical Dr Heitor Vieira Dourado (FMT-AM) e Universidade Federal do Amazonas (Ufam). O objetivo \u00e9 manter os equipamentos funcionando em condi\u00e7\u00f5es normais de uso,\u00a0seguran\u00e7a e qualidade, contribuindo para o bom andamento das pesquisas desenvolvidas pelo ILMD\/Fiocruz Amaz\u00f4nia.<\/p>\n\n\n\n<figure class=\"wp-block-image size-large\"><img decoding=\"async\" width=\"2000\" height=\"1333\" src=\"https:\/\/amazonia.fiocruz.br\/wp-content\/uploads\/2025\/11\/cogic-3-2000x1333.jpg\" alt=\"\" class=\"wp-image-56954\" srcset=\"https:\/\/amazonia.fiocruz.br\/wp-content\/uploads\/2025\/11\/cogic-3-2000x1333.jpg 2000w, https:\/\/amazonia.fiocruz.br\/wp-content\/uploads\/2025\/11\/cogic-3-300x200.jpg 300w, https:\/\/amazonia.fiocruz.br\/wp-content\/uploads\/2025\/11\/cogic-3-768x512.jpg 768w, https:\/\/amazonia.fiocruz.br\/wp-content\/uploads\/2025\/11\/cogic-3-1536x1024.jpg 1536w, https:\/\/amazonia.fiocruz.br\/wp-content\/uploads\/2025\/11\/cogic-3-2048x1365.jpg 2048w, https:\/\/amazonia.fiocruz.br\/wp-content\/uploads\/2025\/11\/cogic-3-1500x1000.jpg 1500w, https:\/\/amazonia.fiocruz.br\/wp-content\/uploads\/2025\/11\/cogic-3-705x470.jpg 705w\" sizes=\"(max-width: 2000px) 100vw, 2000px\" \/><\/figure>\n\n\n\n<p>Desta vez, a equipe da Cogic realizou manuten\u00e7\u00e3o em 371 equipamentos, entre servi\u00e7os de manuten\u00e7\u00e3o preventiva, corretiva, calibra\u00e7\u00f5es e aferi\u00e7\u00f5es de equipamentos laboratoriais. A primeira inspe\u00e7\u00e3o do ano ocorreu no m\u00eas de maio e, de acordo com a chefe do Servi\u00e7o de Infraestrutura (Seinfra), da Fiocruz Amaz\u00f4nia, Marcela Cidade, apresentou o mesmo balan\u00e7o positivo com rela\u00e7\u00e3o ao n\u00famero de corre\u00e7\u00f5es necess\u00e1rias. \u201cO trabalho demonstra que estamos manuseando os equipamentos de forma satisfat\u00f3ria e em sintonia com as recomenda\u00e7\u00f5es das inspe\u00e7\u00f5es anteriores feitas pela Cogic\u201d, afirma Marcela, ressaltando que o Servi\u00e7o de Gest\u00e3o de Infraestrutura atua em conjunto com o N\u00facleo T\u00e9cnico de Suporte \u00e0 Pesquisa (NUTP) na gest\u00e3o do parque de equipamentos da unidade.<\/p>\n\n\n\n<p>Durante as inspe\u00e7\u00f5es, o Seinfra atua no suporte \u00e0 atividade, acompanhando o cronograma de trabalho da equipe, que envolveu o traslado entre as diversas unidades descentralizadas, aquisi\u00e7\u00e3o de materiais para a realiza\u00e7\u00e3o das manuten\u00e7\u00f5es, entre outras demandas. A equipe da Cogic\/Demeq foi composta por Hilne Arndt Cabral (microscopia e supervis\u00e3o), S\u00e9rgio Paulo Silveira (refrigera\u00e7\u00e3o fina), Luis Cl\u00e1udio Guimar\u00e3es (balan\u00e7as e medidores de pH), Rafael Farias, Lu\u00eds Claudio Firmino V. de S\u00e1 e Rodrigo Farias Santos (qualifica\u00e7\u00e3o de cabines).<\/p>\n\n\n\n<p><strong><em>ILMD\/Fiocruz Amaz\u00f4nia, por J\u00falio Pedrosa<\/em><\/strong><\/p>\n\n\n\n<p><strong><em>Fotos: J\u00falio Pedrosa<\/em><\/strong><\/p>\n","protected":false},"excerpt":{"rendered":"<p>Objetivo \u00e9 manter os equipamentos funcionando em condi\u00e7\u00f5es normais de uso,\u00a0seguran\u00e7a e qualidade, contribuindo para o bom andamento das pesquisas desenvolvidas pelo ILMD\/Fiocruz Amaz\u00f4nia<\/p>\n","protected":false},"author":60,"featured_media":56953,"comment_status":"closed","ping_status":"closed","sticky":false,"template":"","format":"image","meta":{"footnotes":""},"categories":[15],"tags":[1328,1192],"class_list":["post-56952","post","type-post","status-publish","format-image","has-post-thumbnail","hentry","category-noticias","tag-cogicfiocruz","tag-fiocruz125anos-ilmdfiocruzamazonia","post_format-post-format-image"],"_links":{"self":[{"href":"https:\/\/amazonia.fiocruz.br\/index.php?rest_route=\/wp\/v2\/posts\/56952","targetHints":{"allow":["GET"]}}],"collection":[{"href":"https:\/\/amazonia.fiocruz.br\/index.php?rest_route=\/wp\/v2\/posts"}],"about":[{"href":"https:\/\/amazonia.fiocruz.br\/index.php?rest_route=\/wp\/v2\/types\/post"}],"author":[{"embeddable":true,"href":"https:\/\/amazonia.fiocruz.br\/index.php?rest_route=\/wp\/v2\/users\/60"}],"replies":[{"embeddable":true,"href":"https:\/\/amazonia.fiocruz.br\/index.php?rest_route=%2Fwp%2Fv2%2Fcomments&post=56952"}],"version-history":[{"count":4,"href":"https:\/\/amazonia.fiocruz.br\/index.php?rest_route=\/wp\/v2\/posts\/56952\/revisions"}],"predecessor-version":[{"id":56993,"href":"https:\/\/amazonia.fiocruz.br\/index.php?rest_route=\/wp\/v2\/posts\/56952\/revisions\/56993"}],"wp:featuredmedia":[{"embeddable":true,"href":"https:\/\/amazonia.fiocruz.br\/index.php?rest_route=\/wp\/v2\/media\/56953"}],"wp:attachment":[{"href":"https:\/\/amazonia.fiocruz.br\/index.php?rest_route=%2Fwp%2Fv2%2Fmedia&parent=56952"}],"wp:term":[{"taxonomy":"category","embeddable":true,"href":"https:\/\/amazonia.fiocruz.br\/index.php?rest_route=%2Fwp%2Fv2%2Fcategories&post=56952"},{"taxonomy":"post_tag","embeddable":true,"href":"https:\/\/amazonia.fiocruz.br\/index.php?rest_route=%2Fwp%2Fv2%2Ftags&post=56952"}],"curies":[{"name":"wp","href":"https:\/\/api.w.org\/{rel}","templated":true}]}}