{"id":56946,"date":"2025-11-19T19:37:16","date_gmt":"2025-11-19T23:37:16","guid":{"rendered":"https:\/\/amazonia.fiocruz.br\/?p=56946"},"modified":"2025-11-19T19:37:16","modified_gmt":"2025-11-19T23:37:16","slug":"doutorado-do-ppgbio-interacao-divulga-primeira-republicacao-com-alteracoes-e-supressao-na-chamada-publica-011-2025","status":"publish","type":"post","link":"https:\/\/amazonia.fiocruz.br\/?p=56946","title":{"rendered":"Doutorado do PPGBIO-Intera\u00e7\u00e3o divulga primeira republica\u00e7\u00e3o com altera\u00e7\u00f5es e supress\u00e3o na Chamada P\u00fablica 011\/2025"},"content":{"rendered":"\n<p>Divulgada nesta ter\u00e7a-feira, 18\/11, a 1\u00aa Republica\u00e7\u00e3o da Chamada P\u00fablica n\u00ba 011\/2025 referente ao Processo Seletivo do PPGBIO-Intera\u00e7\u00e3o Doutorado (Turma 2026), com altera\u00e7\u00f5es nos itens 3.5 e 6.5 (al\u00ednea g), supress\u00e3o do item 3.6 e altera\u00e7\u00e3o no Anexo V.<\/p>\n\n\n\n<p>Confira <a href=\"https:\/\/amazonia.fiocruz.br\/?page_id=56505)\">AQUI<\/a> as altera\u00e7\u00f5es divulgadas na republica\u00e7\u00e3o. A divulga\u00e7\u00e3o das inscri\u00e7\u00f5es homologadas ser\u00e1 feita no pr\u00f3ximo dia 24\/11\/2025.<\/p>\n\n\n\n<p><strong>SOBRE O PPGBIO-INTERA\u00c7\u00c3O<\/strong><\/p>\n\n\n\n<p>O Programa de P\u00f3s-Gradua\u00e7\u00e3o em Biologia da Intera\u00e7\u00e3o Pat\u00f3geno-Hospedeiro \u00e9 curso strictu sensu que tem como ess\u00eancia a din\u00e2mica de transmiss\u00e3o das doen\u00e7as e as intera\u00e7\u00f5es moleculares e celulares da rela\u00e7\u00e3o pat\u00f3geno-hospedeiro no \u00e2mbito da maior biodiversidade mundial.<\/p>\n\n\n\n<p>O PPGBIO-Intera\u00e7\u00e3o se enquadra na grande \u00e1rea em Parasitologia devido a pesquisa e ensino terem \u00eanfase na eco-epidemiologia e biodiversidade de micro-organismos e vetores; fatores de virul\u00eancia, mecanismos fisiopatol\u00f3gicos e imunol\u00f3gicos associados na intera\u00e7\u00e3o parasito-hospedeiro.<\/p>\n\n\n\n<p>Estes diversos aspectos s\u00e3o os principais delineadores para escolha da \u00e1rea de concentra\u00e7\u00e3o da Ci\u00eancias Biol\u00f3gicas III, por esta ser uma \u00e1rea multidisciplinar e baseada no eixo bioqu\u00edmica, gen\u00e9tica, biol\u00f3gico, celular e molecular. Os alunos recebem uma forma\u00e7\u00e3o em \u00e1reas estrat\u00e9gicas por sua import\u00e2ncia e que precisam ser desenvolvidas no Estado.<\/p>\n\n\n\n<p><strong><em>ILMD\/Fiocruz Amaz\u00f4nia, por J\u00falio Pedrosa<\/em><\/strong><\/p>\n\n\n\n<p><strong><em>Imagem: Mackesy Nascimento<\/em><\/strong><\/p>\n\n\n\n<p><\/p>\n","protected":false},"excerpt":{"rendered":"<p>Divulga\u00e7\u00e3o das inscri\u00e7\u00f5es homologadas ser\u00e1 feita no dia 24\/11\/2025<\/p>\n","protected":false},"author":60,"featured_media":56947,"comment_status":"closed","ping_status":"closed","sticky":false,"template":"","format":"image","meta":{"footnotes":""},"categories":[15],"tags":[1192,1181],"class_list":["post-56946","post","type-post","status-publish","format-image","has-post-thumbnail","hentry","category-noticias","tag-fiocruz125anos-ilmdfiocruzamazonia","tag-ppgbiointeracao","post_format-post-format-image"],"_links":{"self":[{"href":"https:\/\/amazonia.fiocruz.br\/index.php?rest_route=\/wp\/v2\/posts\/56946","targetHints":{"allow":["GET"]}}],"collection":[{"href":"https:\/\/amazonia.fiocruz.br\/index.php?rest_route=\/wp\/v2\/posts"}],"about":[{"href":"https:\/\/amazonia.fiocruz.br\/index.php?rest_route=\/wp\/v2\/types\/post"}],"author":[{"embeddable":true,"href":"https:\/\/amazonia.fiocruz.br\/index.php?rest_route=\/wp\/v2\/users\/60"}],"replies":[{"embeddable":true,"href":"https:\/\/amazonia.fiocruz.br\/index.php?rest_route=%2Fwp%2Fv2%2Fcomments&post=56946"}],"version-history":[{"count":1,"href":"https:\/\/amazonia.fiocruz.br\/index.php?rest_route=\/wp\/v2\/posts\/56946\/revisions"}],"predecessor-version":[{"id":56948,"href":"https:\/\/amazonia.fiocruz.br\/index.php?rest_route=\/wp\/v2\/posts\/56946\/revisions\/56948"}],"wp:featuredmedia":[{"embeddable":true,"href":"https:\/\/amazonia.fiocruz.br\/index.php?rest_route=\/wp\/v2\/media\/56947"}],"wp:attachment":[{"href":"https:\/\/amazonia.fiocruz.br\/index.php?rest_route=%2Fwp%2Fv2%2Fmedia&parent=56946"}],"wp:term":[{"taxonomy":"category","embeddable":true,"href":"https:\/\/amazonia.fiocruz.br\/index.php?rest_route=%2Fwp%2Fv2%2Fcategories&post=56946"},{"taxonomy":"post_tag","embeddable":true,"href":"https:\/\/amazonia.fiocruz.br\/index.php?rest_route=%2Fwp%2Fv2%2Ftags&post=56946"}],"curies":[{"name":"wp","href":"https:\/\/api.w.org\/{rel}","templated":true}]}}