{"id":56317,"date":"2025-10-02T18:06:45","date_gmt":"2025-10-02T22:06:45","guid":{"rendered":"https:\/\/amazonia.fiocruz.br\/?p=56317"},"modified":"2025-10-02T18:09:13","modified_gmt":"2025-10-02T22:09:13","slug":"pesquisador-da-fiocruz-e-selecionado-para-o-40-under-40-da-rede-pasteur-no-vietna","status":"publish","type":"post","link":"https:\/\/amazonia.fiocruz.br\/?p=56317","title":{"rendered":"Pesquisador da Fiocruz \u00e9 selecionado para o \u201c40 Under 40\u201d da Rede Pasteur no Vietn\u00e3"},"content":{"rendered":"\n<p>O pesquisador em Sa\u00fade P\u00fablica do Instituto Le\u00f4nidas &amp; Maria Deane (ILMD\/Fiocruz Amaz\u00f4nia),&nbsp;Pritesh Jaychand Lalwani, foi selecionado pela&nbsp;Rede Pasteur&nbsp;como um dos&nbsp;40 jovens cientistas de destaque mundial com menos de 40 anos. A iniciativa integra o&nbsp;<em>Pasteur Network Annual Meeting (PNAM) 2025<\/em>, que ser\u00e1 realizado de&nbsp;21 a 23 de outubro, em&nbsp;Ho Chi Minh, Vietn\u00e3, e tem como objetivo dar visibilidade \u00e0 nova gera\u00e7\u00e3o de l\u00edderes cient\u00edficos que j\u00e1 contribuem para a sa\u00fade global.<\/p>\n\n\n\n<p>Os selecionados foram reconhecidos por seu&nbsp;potencial cient\u00edfico, lideran\u00e7a e inova\u00e7\u00e3o, em trabalhos alinhados aos quatro pilares estrat\u00e9gicos da Rede Pasteur: intelig\u00eancia e prepara\u00e7\u00e3o para epidemias, pesquisa e inova\u00e7\u00e3o, comunidades de conhecimento multidisciplinares e colabora\u00e7\u00e3o equitativa.<\/p>\n\n\n\n<p>Lalwani \u00e9 o \u00fanico pesquisador em atua\u00e7\u00e3o no Brasil, entre os selecionados, e foi escolhido pelo impacto de suas pesquisas em&nbsp;doen\u00e7as emergentes, reemergentes e negligenciadas na Amaz\u00f4nia, com \u00eanfase em doen\u00e7as zoon\u00f3ticas. Seu trabalho combina&nbsp;virologia e resposta imune&nbsp;com a abordagem&nbsp;One Health, integrando vigil\u00e2ncia em humanos, animais e ambiente, desenvolvimento de diagn\u00f3sticos inovadores e engajamento direto com comunidades ind\u00edgenas e ribeirinhas.<\/p>\n\n\n\n<figure class=\"wp-block-image size-large\"><img decoding=\"async\" width=\"2000\" height=\"1333\" src=\"https:\/\/amazonia.fiocruz.br\/wp-content\/uploads\/2025\/10\/MIC_9510-2000x1333.jpg\" alt=\"\" class=\"wp-image-56318\" srcset=\"https:\/\/amazonia.fiocruz.br\/wp-content\/uploads\/2025\/10\/MIC_9510-2000x1333.jpg 2000w, https:\/\/amazonia.fiocruz.br\/wp-content\/uploads\/2025\/10\/MIC_9510-300x200.jpg 300w, https:\/\/amazonia.fiocruz.br\/wp-content\/uploads\/2025\/10\/MIC_9510-768x512.jpg 768w, https:\/\/amazonia.fiocruz.br\/wp-content\/uploads\/2025\/10\/MIC_9510-1536x1024.jpg 1536w, https:\/\/amazonia.fiocruz.br\/wp-content\/uploads\/2025\/10\/MIC_9510-2048x1365.jpg 2048w, https:\/\/amazonia.fiocruz.br\/wp-content\/uploads\/2025\/10\/MIC_9510-1500x1000.jpg 1500w, https:\/\/amazonia.fiocruz.br\/wp-content\/uploads\/2025\/10\/MIC_9510-705x470.jpg 705w\" sizes=\"(max-width: 2000px) 100vw, 2000px\" \/><\/figure>\n\n\n\n<p>Formado em Biotecnologia pela University of Pune (\u00cdndia), mestre em Virologia pelo National Institute of Virology (\u00cdndia) e doutor em Imunologia pela Charit\u00e9 \u2013 Universit\u00e4tsmedizin Berlin (Alemanha), Pritesh atua desde 2014 como pesquisador em Sa\u00fade P\u00fablica da Fiocruz Amaz\u00f4nia, no&nbsp;Laborat\u00f3rio de Diagn\u00f3stico e Controle de Doen\u00e7as Infecciosas na Amaz\u00f4nia (DCDIA). Em 2024, recebeu homenagem no&nbsp;Dia Estadual do Pesquisador Cient\u00edfico, concedida pelo Governo do Amazonas por meio da Funda\u00e7\u00e3o de Amparo \u00e0 Pesquisa do Estado do Amazonas (Fapeam), em reconhecimento \u00e0 sua contribui\u00e7\u00e3o para o desenvolvimento da ci\u00eancia, tecnologia e inova\u00e7\u00e3o no Estado. Atualmente, \u00e9&nbsp;presidente da Comiss\u00e3o de Biosseguran\u00e7a do ILMD\/Fiocruz Amaz\u00f4nia&nbsp;e docente permanente dos programas de p\u00f3s-gradua\u00e7\u00e3o&nbsp;em Biologia da Intera\u00e7\u00e3o Pat\u00f3geno-Hospedeiro (PPGIBIO-Intera\u00e7\u00e3o), na Fiocruz Amaz\u00f4nia,&nbsp;e&nbsp;Imunologia B\u00e1sica e Aplicada (PPGIBA), na Universidade Federal do Amazonas (UFAM).<\/p>\n\n\n\n<p>\u201cSer selecionado entre os 40 jovens cientistas da Rede Pasteur \u00e9 uma honra e tamb\u00e9m uma responsabilidade. Quero aproveitar essa oportunidade para fortalecer colabora\u00e7\u00f5es internacionais e dar ainda mais visibilidade \u00e0 ci\u00eancia produzida na Amaz\u00f4nia\u201d, destacou Lalwani.<\/p>\n\n\n\n<p><strong>SOBRE A REDE PASTEUR<\/strong><\/p>\n\n\n\n<p>A&nbsp;Rede Pasteur&nbsp;\u00e9 composta por&nbsp;33 institutos de pesquisa em 25 pa\u00edses, sendo um modelo \u00fanico de coopera\u00e7\u00e3o que re\u00fane uma comunidade cient\u00edfica dedicada a prioridades locais de sa\u00fade p\u00fablica e seus impactos globais. Atuando em diversas \u00e1reas end\u00eamicas, a Rede tem se consolidado como&nbsp;sentinela para doen\u00e7as infecciosas emergentes, demonstrando repetidamente sua relev\u00e2ncia na detec\u00e7\u00e3o precoce, pesquisa e resposta a surtos.<\/p>\n\n\n\n<p>A Rede tamb\u00e9m busca fortalecer a&nbsp;intelig\u00eancia e a prepara\u00e7\u00e3o para epidemias, promover o desenvolvimento de diagn\u00f3sticos, vacinas e terapias acess\u00edveis, al\u00e9m de incentivar a colabora\u00e7\u00e3o e a mobilidade entre seus membros.<\/p>\n\n\n\n<p>No Brasil, a&nbsp;Funda\u00e7\u00e3o Oswaldo Cruz (Fiocruz)&nbsp;\u00e9 membro ativo da Rede Pasteur, contribuindo com sua expertise em ci\u00eancia, inova\u00e7\u00e3o e sa\u00fade p\u00fablica para os esfor\u00e7os coletivos de enfrentamento dos desafios globais de sa\u00fade.<\/p>\n\n\n\n<p>\u00c9 objetivo da Rede Pasteur buscar cultivar a pr\u00f3xima gera\u00e7\u00e3o de l\u00edderes cient\u00edficos, promovendo\u00a0interc\u00e2mbios cient\u00edficos inclusivos e expandindo a educa\u00e7\u00e3o colaborativa e as oportunidades de mobilidade entre\u00a0seus membros. Por meio de treinamento e recursos de pesquisa, promo\u00e7\u00e3o do aprendizado compartilhado e eleva\u00e7\u00e3o das vozes de\u00a0cientistas locais em f\u00f3runs regionais e globais, a Rede fortalecer\u00e1 sua capacidade coletiva de\u00a0enfrentar os desafios de sa\u00fade mais urgentes do mundo.<\/p>\n\n\n\n<p><strong><em>ILMD\/Fiocruz Amaz\u00f4nia, por J\u00falio Pedrosa<\/em><\/strong><\/p>\n\n\n\n<p><strong><em>Fotos: Michell Mello \/ Fiocruz Amaz\u00f4nia Revista<\/em><\/strong><br><br><br><\/p>\n","protected":false},"excerpt":{"rendered":"<p>Evento ser\u00e1 realizado de\u00a021 a 23 de outubro, em\u00a0Ho Chi Minh, Vietn\u00e3, e tem como objetivo dar visibilidade \u00e0 nova gera\u00e7\u00e3o de l\u00edderes cient\u00edficos que j\u00e1 contribuem para a sa\u00fade global<\/p>\n","protected":false},"author":60,"featured_media":56319,"comment_status":"closed","ping_status":"closed","sticky":false,"template":"","format":"image","meta":{"footnotes":""},"categories":[15],"tags":[1277,1192,1279,1278],"class_list":["post-56317","post","type-post","status-publish","format-image","has-post-thumbnail","hentry","category-noticias","tag-doencasnegligenciadas","tag-fiocruz125anos-ilmdfiocruzamazonia","tag-onehealth","tag-redepasteurvietna","post_format-post-format-image"],"_links":{"self":[{"href":"https:\/\/amazonia.fiocruz.br\/index.php?rest_route=\/wp\/v2\/posts\/56317","targetHints":{"allow":["GET"]}}],"collection":[{"href":"https:\/\/amazonia.fiocruz.br\/index.php?rest_route=\/wp\/v2\/posts"}],"about":[{"href":"https:\/\/amazonia.fiocruz.br\/index.php?rest_route=\/wp\/v2\/types\/post"}],"author":[{"embeddable":true,"href":"https:\/\/amazonia.fiocruz.br\/index.php?rest_route=\/wp\/v2\/users\/60"}],"replies":[{"embeddable":true,"href":"https:\/\/amazonia.fiocruz.br\/index.php?rest_route=%2Fwp%2Fv2%2Fcomments&post=56317"}],"version-history":[{"count":1,"href":"https:\/\/amazonia.fiocruz.br\/index.php?rest_route=\/wp\/v2\/posts\/56317\/revisions"}],"predecessor-version":[{"id":56320,"href":"https:\/\/amazonia.fiocruz.br\/index.php?rest_route=\/wp\/v2\/posts\/56317\/revisions\/56320"}],"wp:featuredmedia":[{"embeddable":true,"href":"https:\/\/amazonia.fiocruz.br\/index.php?rest_route=\/wp\/v2\/media\/56319"}],"wp:attachment":[{"href":"https:\/\/amazonia.fiocruz.br\/index.php?rest_route=%2Fwp%2Fv2%2Fmedia&parent=56317"}],"wp:term":[{"taxonomy":"category","embeddable":true,"href":"https:\/\/amazonia.fiocruz.br\/index.php?rest_route=%2Fwp%2Fv2%2Fcategories&post=56317"},{"taxonomy":"post_tag","embeddable":true,"href":"https:\/\/amazonia.fiocruz.br\/index.php?rest_route=%2Fwp%2Fv2%2Ftags&post=56317"}],"curies":[{"name":"wp","href":"https:\/\/api.w.org\/{rel}","templated":true}]}}