{"id":55947,"date":"2025-09-10T23:01:16","date_gmt":"2025-09-11T03:01:16","guid":{"rendered":"https:\/\/amazonia.fiocruz.br\/?p=55947"},"modified":"2025-09-13T12:14:45","modified_gmt":"2025-09-13T16:14:45","slug":"fiocruz-amazonia-participa-de-seminario-sobre-contexto-atual-e-desafios-das-pesquisas-para-o-enfrentamento-do-feminicidio-no-brasil","status":"publish","type":"post","link":"https:\/\/amazonia.fiocruz.br\/?p=55947","title":{"rendered":"Fiocruz Amaz\u00f4nia participa de semin\u00e1rio sobre contexto atual e desafios das pesquisas para o enfrentamento do feminic\u00eddio no Brasil"},"content":{"rendered":"\n<p>O Instituto Le\u00f4nidas e Maria Deane (ILMD\/Fiocruz Amaz\u00f4nia) participou das discuss\u00f5es promovidas pelo Grupo de Pesquisa Viol\u00eancias, G\u00eanero e Sa\u00fade do Instituto Ren\u00e9 Rachou \u2013 Fiocruz Minas, durante o Semin\u00e1rio Pesquisas para o Enfrentamento do Feminic\u00eddio no Brasil: Contexto Atual e Desafios. O evento teve como objetivo promover o encontro de pesquisadoras e pesquisadores da Sa\u00fade Coletiva que trabalham com o tema do enfrentamento do feminic\u00eddio no Brasil, por meio da troca de experi\u00eancias, mapeamento de iniciativas existentes e de desafios, bem\u00a0como a constru\u00e7\u00e3o de uma agenda de trabalho com base no Pacto Nacional de Preven\u00e7\u00e3o aos Feminic\u00eddios. O pesquisador em Sa\u00fade P\u00fablica da Fiocruz Amaz\u00f4nia, Jesem Orellana, do Laborat\u00f3rio de Modelagem em Estat\u00edstica, Geoprocessamento e Epidemiologia (LEGEPI), foi um dos participantes, representando a Regi\u00e3o Norte.<\/p>\n\n\n\n<p>A abertura foi realizada no audit\u00f3rio da Secretaria Municipal de Administra\u00e7\u00e3o Log\u00edstica e Patrimonial da Prefeitura de Belo Horizonte, no dia 2\/09 e reuniu \u00a0dezenas de convidados, incluindo mulheres representantes do Legislativo de Minas Gerais, da C\u00e2mara Municipal de Belo Horizonte, Pol\u00edcia Militar, Universidade Federal de Minas Gerais, Defensoria P\u00fablica de Minas Gerais e Defensoria P\u00fablica do Amazonas, Senado Federal, Minist\u00e9rio das Mulheres, Observat\u00f3rio Minas &#8211; Funda\u00e7\u00e3o Jo\u00e3o Pinheiro, Swiss Tropical and Public Health Institute e representantes de unidades da Fiocruz e da Universidade Federal de Rond\u00f4nia (UNIR), que integram a estrat\u00e9gia Vigifeminic\u00eddio.<\/p>\n\n\n\n<figure class=\"wp-block-image size-full is-resized\"><img decoding=\"async\" width=\"1177\" height=\"1149\" src=\"https:\/\/amazonia.fiocruz.br\/wp-content\/uploads\/2025\/09\/evento-fiocruz-minas-1.jpg\" alt=\"\" class=\"wp-image-55949\" style=\"width:1400px;height:auto\" srcset=\"https:\/\/amazonia.fiocruz.br\/wp-content\/uploads\/2025\/09\/evento-fiocruz-minas-1.jpg 1177w, https:\/\/amazonia.fiocruz.br\/wp-content\/uploads\/2025\/09\/evento-fiocruz-minas-1-300x293.jpg 300w, https:\/\/amazonia.fiocruz.br\/wp-content\/uploads\/2025\/09\/evento-fiocruz-minas-1-768x750.jpg 768w, https:\/\/amazonia.fiocruz.br\/wp-content\/uploads\/2025\/09\/evento-fiocruz-minas-1-36x36.jpg 36w, https:\/\/amazonia.fiocruz.br\/wp-content\/uploads\/2025\/09\/evento-fiocruz-minas-1-705x688.jpg 705w\" sizes=\"(max-width: 1177px) 100vw, 1177px\" \/><\/figure>\n\n\n\n<p>Jesem Orellana considerou o evento uma iniciativa de sucesso pelo ineditismo em reunir tantas representa\u00e7\u00f5es da sociedade e grupos de pesquisa abordando a tem\u00e1tica feminic\u00eddio no Brasil. \u201cRealmente um trabalho pioneiro e extremamente promissor\u201d, pontuou o pesquisador. Al\u00e9m de Orellana, da estrat\u00e9gia \u201cVigifeminic\u00eddio\u201d, da Fiocruz estiveram presentes tamb\u00e9m os pesquisadores respons\u00e1veis pelos estados de Rond\u00f4nia, Ana Emanuela de Carvalho Chagas (UNIR), e Rio de Janeiro, Francimar Oliveira de Jesus. A Rede Vigifeminic\u00eddio da Fiocruz Amaz\u00f4nia foi respons\u00e1vel pela articula\u00e7\u00e3o para a participa\u00e7\u00e3o de membros da Defensoria P\u00fablica do Estado do Amazonas, a exemplo da coordenadora do N\u00facleo de Promo\u00e7\u00e3o e Defesa dos Direitos das Mulheres &#8211; Nudem), da DPAM, Carol Braz e sua assessora, a advogada C\u00e1ssia Oliveira.<\/p>\n\n\n\n<p>\u201cFoi um momento de troca de experi\u00eancias, mas tamb\u00e9m, de frustra\u00e7\u00f5es, como em rela\u00e7\u00e3o ao cr\u00edtico e quase inexistente financiamento de pesquisas exclusivamente orientadas ao tema no pa\u00eds, por parte de ag\u00eancias de fomento e funda\u00e7\u00f5es de amparo \u00e0 pesquisa estaduais. Estamos sentindo na pele esse problema, pois a estrat\u00e9gia Vigifeminic\u00eddio, apesar das duas tentativas no \u00faltimo ano, est\u00e1 sem financiamento espec\u00edfico, desde agosto de 2024. No entanto, eventos como este, sem d\u00favida, servem como fonte de inspira\u00e7\u00e3o e fortalecimento do trabalho em rede\u201d, enfatizou o pesquisador.<\/p>\n\n\n\n<p>Segundo Orellana, o evento renovou a esperan\u00e7a e avan\u00e7ou no sentido da consolida\u00e7\u00e3o de uma agenda de trabalho em rede, com base no Pacto Nacional de Preven\u00e7\u00e3o aos Feminic\u00eddios, em especial dos seus tr\u00eas eixos estruturantes e no seu eixo transversal, em conson\u00e2ncia com as iniciativas pioneiras e o crescente amadurecimento da Estrat\u00e9gia Vigifeminic\u00eddio,<\/p>\n\n\n\n<p>\u201cIniciativas como essa s\u00e3o essenciais \u00e0 produ\u00e7\u00e3o de dados de qualidade, abrangentes e coletados de forma sistem\u00e1tica e padronizada, fortalecendo a compreens\u00e3o dos diferentes contextos que os feminic\u00eddios ocorrem e como afetam os diferentes grupos de mulheres, os \u00f3rf\u00e3os do feminic\u00eddio e familiares impactados com esse tipo repugnante de fatalidade\u201d, ressalta. Na Regi\u00e3o Norte, a rede j\u00e1 conta com campos em Manaus (AM), Rio Branco (AC) e Porto Velho (RO) e prev\u00ea a inser\u00e7\u00e3o de Boa Vista (RR), ainda em 2025, cobrindo quatro capitais da Amaz\u00f4nia Ocidental brasileira, al\u00e9m da capital fluminense, Rio de Janeiro (RJ).<\/p>\n\n\n\n<p><strong><em>ILMD\/Fiocruz Amaz\u00f4nia, por J\u00falio Pedrosa<\/em><\/strong><\/p>\n\n\n\n<p><strong><em>Fotos: Divulga\u00e7\u00e3o \/ Fiocruz Amaz\u00f4nia<\/em><\/strong><\/p>\n\n\n\n<p><\/p>\n","protected":false},"excerpt":{"rendered":"<p>Evento teve como objetivo promover o encontro de pesquisadoras e pesquisadores da Sa\u00fade Coletiva que trabalham com o tema do enfrentamento do feminic\u00eddio no Pa\u00eds<\/p>\n","protected":false},"author":60,"featured_media":55948,"comment_status":"closed","ping_status":"closed","sticky":false,"template":"","format":"image","meta":{"footnotes":""},"categories":[15],"tags":[1192,1250,1251],"class_list":["post-55947","post","type-post","status-publish","format-image","has-post-thumbnail","hentry","category-noticias","tag-fiocruz125anos-ilmdfiocruzamazonia","tag-vigifeminicidio","tag-violenciacontramulher","post_format-post-format-image"],"_links":{"self":[{"href":"https:\/\/amazonia.fiocruz.br\/index.php?rest_route=\/wp\/v2\/posts\/55947","targetHints":{"allow":["GET"]}}],"collection":[{"href":"https:\/\/amazonia.fiocruz.br\/index.php?rest_route=\/wp\/v2\/posts"}],"about":[{"href":"https:\/\/amazonia.fiocruz.br\/index.php?rest_route=\/wp\/v2\/types\/post"}],"author":[{"embeddable":true,"href":"https:\/\/amazonia.fiocruz.br\/index.php?rest_route=\/wp\/v2\/users\/60"}],"replies":[{"embeddable":true,"href":"https:\/\/amazonia.fiocruz.br\/index.php?rest_route=%2Fwp%2Fv2%2Fcomments&post=55947"}],"version-history":[{"count":2,"href":"https:\/\/amazonia.fiocruz.br\/index.php?rest_route=\/wp\/v2\/posts\/55947\/revisions"}],"predecessor-version":[{"id":55995,"href":"https:\/\/amazonia.fiocruz.br\/index.php?rest_route=\/wp\/v2\/posts\/55947\/revisions\/55995"}],"wp:featuredmedia":[{"embeddable":true,"href":"https:\/\/amazonia.fiocruz.br\/index.php?rest_route=\/wp\/v2\/media\/55948"}],"wp:attachment":[{"href":"https:\/\/amazonia.fiocruz.br\/index.php?rest_route=%2Fwp%2Fv2%2Fmedia&parent=55947"}],"wp:term":[{"taxonomy":"category","embeddable":true,"href":"https:\/\/amazonia.fiocruz.br\/index.php?rest_route=%2Fwp%2Fv2%2Fcategories&post=55947"},{"taxonomy":"post_tag","embeddable":true,"href":"https:\/\/amazonia.fiocruz.br\/index.php?rest_route=%2Fwp%2Fv2%2Ftags&post=55947"}],"curies":[{"name":"wp","href":"https:\/\/api.w.org\/{rel}","templated":true}]}}