{"id":55895,"date":"2025-09-08T17:05:03","date_gmt":"2025-09-08T21:05:03","guid":{"rendered":"https:\/\/amazonia.fiocruz.br\/?p=55895"},"modified":"2025-09-08T17:05:04","modified_gmt":"2025-09-08T21:05:04","slug":"olimpiada-brasileira-de-saude-e-meio-ambiente-da-fiocruz-leva-mensagem-dos-ods-a-praca-publica-em-evento-que-uniu-sustentabilidade-musica-e-arte-em-manaus","status":"publish","type":"post","link":"https:\/\/amazonia.fiocruz.br\/?p=55895","title":{"rendered":"Olimp\u00edada Brasileira de Sa\u00fade e Meio Ambiente da Fiocruz leva mensagem dos ODS \u00e0 pra\u00e7a p\u00fablica em evento que uniu sustentabilidade, m\u00fasica e arte em Manaus\u00a0"},"content":{"rendered":"\n<p>As tem\u00e1ticas ligadas aos Objetivos do Desenvolvimento Sustent\u00e1vel (ODS), da Agenda 2030 da ONU, se transformaram em versos e rimas potentes durante a Batalha dos ODS, promovida pelos coletivos Batalha da Malta e Perifa Amaz\u00f4nia, em parceria com a Coordena\u00e7\u00e3o da Regional Norte da Olimp\u00edada Brasileira de Sa\u00fade e Meio Ambiente (Obsma), da Fiocruz, e a Funda\u00e7\u00e3o Rede Amaz\u00f4nica, no evento Glocal Experience Amaz\u00f4nia. Movimentando a cena hip hop da cidade, a Batalha dos ODS levou um p\u00fablico diversificado a conhecer e refletir sobre os 18 Objetivos do Desenvolvimento Sustent\u00e1vel com uma pegada musical a partir das experi\u00eancias vivenciadas pelos MCs participantes. A atividade aconteceu no Largo de S\u00e3o Sebasti\u00e3o, no Centro de Manaus, onde diversas outras experi\u00eancias de sustentabilidade, m\u00fasica e arte foram mostradas em oficinas, shows, paineis, master classes e debates, entre os dias 28 e 30\/08.<\/p>\n\n\n\n<figure class=\"wp-block-image size-large\"><img decoding=\"async\" width=\"2000\" height=\"1333\" src=\"https:\/\/amazonia.fiocruz.br\/wp-content\/uploads\/2025\/09\/IMG_1002-2000x1333.jpg\" alt=\"\" class=\"wp-image-55896\" srcset=\"https:\/\/amazonia.fiocruz.br\/wp-content\/uploads\/2025\/09\/IMG_1002-2000x1333.jpg 2000w, https:\/\/amazonia.fiocruz.br\/wp-content\/uploads\/2025\/09\/IMG_1002-300x200.jpg 300w, https:\/\/amazonia.fiocruz.br\/wp-content\/uploads\/2025\/09\/IMG_1002-768x512.jpg 768w, https:\/\/amazonia.fiocruz.br\/wp-content\/uploads\/2025\/09\/IMG_1002-1536x1024.jpg 1536w, https:\/\/amazonia.fiocruz.br\/wp-content\/uploads\/2025\/09\/IMG_1002-2048x1365.jpg 2048w, https:\/\/amazonia.fiocruz.br\/wp-content\/uploads\/2025\/09\/IMG_1002-1500x1000.jpg 1500w, https:\/\/amazonia.fiocruz.br\/wp-content\/uploads\/2025\/09\/IMG_1002-705x470.jpg 705w\" sizes=\"(max-width: 2000px) 100vw, 2000px\" \/><\/figure>\n\n\n\n<p>De acordo com Andr\u00e9 Santos, assistente da Regional Norte da Obsma e integrante do Coletivo Perifa Amaz\u00f4nia, a Batalha dos ODS teve como objetivo colocar em discuss\u00e3o os 18 Objetivos do Desenvolvimento Sustent\u00e1vel numa linguagem art\u00edstica e voltada para a juventude. \u201cAtrav\u00e9s do jogo de dados, era feita o sorteio do n\u00famero correspondente ao de um dos ODS. T\u00e3o logo, anunci\u00e1vamos qual seria o ODS faz\u00edamos uma apresenta\u00e7\u00e3o das metas referentes ao ODS sorteado e uma pequena explana\u00e7\u00e3o sobre os temas relacionados a ele, a exemplo de viol\u00eancia, empoderamento feminino, igualdade de g\u00eanero e igualdade \u00e9tnico-racial (incorporado pelo presidente Luiz In\u00e1cio Lula da Silva), sensibilizando os presentes e colocando em pauta uma discuss\u00e3o que para muitos naquele momento eram temas desconhecidos\u201d, explica Andr\u00e9.<\/p>\n\n\n\n<p>Atrav\u00e9s da linguagem do hip hop, os MCs puderam conhecer e refletir sobre os ODS, tendo como base o repert\u00f3rio que j\u00e1 possu\u00edam, mas tamb\u00e9m a realidade da comunidade e do movimento do qual fazem parte. Os vencedores da Batalha dos ODS foram os MCs W. Killer, Coy e Akbar. \u201cA Batalha de Malta \u00e9 uma das v\u00e1rias batalhas que acontecem em Manaus e das quais eles participam. Todos s\u00e3o moradores de bairros de periferia da cidade, alguns trabalham como ambulantes de rima, vivendo diferentes contextos de impactos socioambientais e trazem isso para a rima\u201d, enfatiza Andr\u00e9, que atua em parceria com Gabriel Lopes, integrante do coletivo Perifa Amaz\u00f4nia e, tamb\u00e9m, representante da Obsma Fiocruz.<\/p>\n\n\n\n<figure class=\"wp-block-image size-large\"><img decoding=\"async\" width=\"2000\" height=\"1333\" src=\"https:\/\/amazonia.fiocruz.br\/wp-content\/uploads\/2025\/09\/IMG_1013-2000x1333.jpg\" alt=\"\" class=\"wp-image-55897\" srcset=\"https:\/\/amazonia.fiocruz.br\/wp-content\/uploads\/2025\/09\/IMG_1013-2000x1333.jpg 2000w, https:\/\/amazonia.fiocruz.br\/wp-content\/uploads\/2025\/09\/IMG_1013-300x200.jpg 300w, https:\/\/amazonia.fiocruz.br\/wp-content\/uploads\/2025\/09\/IMG_1013-768x512.jpg 768w, https:\/\/amazonia.fiocruz.br\/wp-content\/uploads\/2025\/09\/IMG_1013-1536x1024.jpg 1536w, https:\/\/amazonia.fiocruz.br\/wp-content\/uploads\/2025\/09\/IMG_1013-2048x1365.jpg 2048w, https:\/\/amazonia.fiocruz.br\/wp-content\/uploads\/2025\/09\/IMG_1013-1500x1000.jpg 1500w, https:\/\/amazonia.fiocruz.br\/wp-content\/uploads\/2025\/09\/IMG_1013-705x470.jpg 705w\" sizes=\"(max-width: 2000px) 100vw, 2000px\" \/><\/figure>\n\n\n\n<p>A atividade, que aconteceu na lira do Teatro Amazonas (espa\u00e7o situado entre as escadas que levam ao pr\u00e9dio hist\u00f3rico), abriu espa\u00e7o tamb\u00e9m para a divulga\u00e7\u00e3o da Olimp\u00edada Brasileira de Sa\u00fade e Meio Ambiente da Fiocruz. Gabriel Lopes aproveitou o espa\u00e7o para convidar os estudantes e professores do 6\u00ba ao 9\u00ba ano do Ensino Fundamental para se mobilizar nas escolas e participar da 13\u00aa edi\u00e7\u00e3o, que j\u00e1 est\u00e1 com inscri\u00e7\u00f5es abertas. &nbsp;&nbsp;&nbsp;&nbsp;<\/p>\n\n\n\n<p>O Perifa Amaz\u00f4nia \u00e9 um coletivo que atua nas periferias de Manaus levando a Cultura Hip Hop como ferramenta para Educa\u00e7\u00e3o Clim\u00e1tica e formando uma juventude que luta por justi\u00e7a clim\u00e1tica e se articula politicamente para construir suas comunidades.&nbsp;Seus integrantes s\u00e3o: Patr\u00edcia Patroc\u00ednio, Juliana Motta, Gabriel Lopes e Andr\u00e9 Santos.&nbsp;<\/p>\n\n\n\n<figure class=\"wp-block-image size-large\"><img decoding=\"async\" width=\"2000\" height=\"1333\" src=\"https:\/\/amazonia.fiocruz.br\/wp-content\/uploads\/2025\/09\/IMG_1016-2000x1333.jpg\" alt=\"\" class=\"wp-image-55898\" srcset=\"https:\/\/amazonia.fiocruz.br\/wp-content\/uploads\/2025\/09\/IMG_1016-2000x1333.jpg 2000w, https:\/\/amazonia.fiocruz.br\/wp-content\/uploads\/2025\/09\/IMG_1016-300x200.jpg 300w, https:\/\/amazonia.fiocruz.br\/wp-content\/uploads\/2025\/09\/IMG_1016-768x512.jpg 768w, https:\/\/amazonia.fiocruz.br\/wp-content\/uploads\/2025\/09\/IMG_1016-1536x1024.jpg 1536w, https:\/\/amazonia.fiocruz.br\/wp-content\/uploads\/2025\/09\/IMG_1016-2048x1365.jpg 2048w, https:\/\/amazonia.fiocruz.br\/wp-content\/uploads\/2025\/09\/IMG_1016-1500x1000.jpg 1500w, https:\/\/amazonia.fiocruz.br\/wp-content\/uploads\/2025\/09\/IMG_1016-705x470.jpg 705w\" sizes=\"(max-width: 2000px) 100vw, 2000px\" \/><\/figure>\n\n\n\n<p>A Batalha da Malta promove eventos eventos semanais na \u201cPra\u00e7a da Matinha\u201d, localizada ao lado do terminal 1, que visam desenvolver, profissionalizar e dar visibilidade a MCs de Manaus, fortalecendo a cultura Hip Hop. Seus integrantes s\u00e3o: Wesley Rocha, Amanda Martins e Leonardo Lima. A disputa entre os MC\u2019s foi no formato de \u201cBatalha do Conhecimento\u201d. Na ocasi\u00e3o, foi utilizado o Tapet\u00e3o dos ODS e cada participante teve 45 segundos para desenvolver suas rimas improvisadas. Ap\u00f3s a performance dos MC\u2019s, a decis\u00e3o do vencedor era feita a partir do voto dos jurados convidados e do p\u00fablico.<\/p>\n\n\n\n<p><strong>13\u00aa Edi\u00e7\u00e3o da Olimp\u00edada<\/strong><\/p>\n\n\n\n<p>A atividade integra o conjunto de a\u00e7\u00f5es da Regional Norte desenvolvidas para promover a divulga\u00e7\u00e3o da abertura das inscri\u00e7\u00f5es para a 13\u00ba edi\u00e7\u00e3o da Olimp\u00edada. Nesta edi\u00e7\u00e3o, o Pr\u00eamio Menina Hoje, Cientista Amanh\u00e3, vai homenagear a cientista Juliana de Meis (1972\u20132021), e premiar\u00e1 projetos desenvolvidos por equipes exclusivamente formadas por estudantes e professoras do g\u00eanero feminino. As inscri\u00e7\u00f5es j\u00e1 est\u00e3o abertas e seguem at\u00e9 30 de junho de 2026. A participa\u00e7\u00e3o \u00e9 gratuita e pode ser feita diretamente no site oficial:&nbsp;<a href=\"http:\/\/www.olimpiada.fiocruz.br\/\" target=\"_blank\" rel=\"noreferrer noopener\">&nbsp;www.olimpiada.fiocruz.br<\/a>.<\/p>\n\n\n\n<figure class=\"wp-block-image size-large\"><img decoding=\"async\" width=\"2000\" height=\"1333\" src=\"https:\/\/amazonia.fiocruz.br\/wp-content\/uploads\/2025\/09\/IMG_1026-2000x1333.jpg\" alt=\"\" class=\"wp-image-55899\" srcset=\"https:\/\/amazonia.fiocruz.br\/wp-content\/uploads\/2025\/09\/IMG_1026-2000x1333.jpg 2000w, https:\/\/amazonia.fiocruz.br\/wp-content\/uploads\/2025\/09\/IMG_1026-300x200.jpg 300w, https:\/\/amazonia.fiocruz.br\/wp-content\/uploads\/2025\/09\/IMG_1026-768x512.jpg 768w, https:\/\/amazonia.fiocruz.br\/wp-content\/uploads\/2025\/09\/IMG_1026-1536x1024.jpg 1536w, https:\/\/amazonia.fiocruz.br\/wp-content\/uploads\/2025\/09\/IMG_1026-2048x1365.jpg 2048w, https:\/\/amazonia.fiocruz.br\/wp-content\/uploads\/2025\/09\/IMG_1026-1500x1000.jpg 1500w, https:\/\/amazonia.fiocruz.br\/wp-content\/uploads\/2025\/09\/IMG_1026-705x470.jpg 705w\" sizes=\"(max-width: 2000px) 100vw, 2000px\" \/><\/figure>\n\n\n\n<p><strong>IGUALDADE ETNICO-RACIAL<\/strong><\/p>\n\n\n\n<p>A Coordena\u00e7\u00e3o da Regional Norte da Olimp\u00edada Brasileira de Sa\u00fade e Meio Ambiente (OBSMA), da Fiocruz, decidiu incorporar o 18\u00ba Objetivo do Desenvolvimento Sustent\u00e1vel proposto pelo presidente Luiz In\u00e1cio Lula da Silva, durante o discurso que realizou na Assembleia Geral da ONU, realizado em outubro de 2023. Em seu pronunciamento, Lula incluiu a igualdade \u00e9tnico-racial como mais uma meta adotada de forma volunt\u00e1ria pelo Governo do Brasil. A partir da decis\u00e3o de incorpora\u00e7\u00e3o do 18\u00ba ODS, a Regional Norte da OBSMA acrescentou a meta definida pelo presidente \u00e0 mandala dos ODS, ferramenta utilizada para apresentar e discutir a Agenda 2030 do Desenvolvimento Sustent\u00e1vel junto \u00e0s escolas da rede p\u00fablica e privada do Pa\u00eds.<\/p>\n\n\n\n<p>Como forma de difundir os ODS, a Olimp\u00edada utiliza as metas durante din\u00e2micas com os alunos sobre os desafios globais. A coordenadora da Regional Norte da OBSMA, Rita Bacuri, pesquisadora social da Fiocruz Amaz\u00f4nia, explica a import\u00e2ncia dos ODS para a Olimp\u00edada Brasileira de Sa\u00fade e Meio Ambiente. \u201cFoi com imensa satisfa\u00e7\u00e3o que ouvimos do presidente Lula a informa\u00e7\u00e3o de que o Brasil adotou de forma volunt\u00e1ria o compromisso de erradicar a desigualdade racial, incluindo nesse escopo as popula\u00e7\u00f5es ind\u00edgenas, quilombolas, caboclas, ribeirinhas e migrantes, raz\u00e3o pela qual incluiremos o termo \u201c\u00e9tnico-racial\u201d ao ODS 18, no nosso jogo do tapet\u00e3o das ODS, por meio do qual difundimos esses conceitos durante as oficinas junto a alunos e professores\u201d, observa. Segundo Rita Bacuri, a iniciativa fortalece tamb\u00e9m o compromisso da Fiocruz enquanto institui\u00e7\u00e3o de sa\u00fade, pesquisa e ensino, com foco voltado para a redu\u00e7\u00e3o das desigualdades na sociedade brasileira, em especial no Sistema \u00danico de Sa\u00fade (SUS) e na Educa\u00e7\u00e3o B\u00e1sica, onde atua o projeto OBSMA atua.<\/p>\n\n\n\n<p><strong><em>ILMD\/Fiocruz Amaz\u00f4nia, por J\u00falio Pedrosa<\/em><\/strong><\/p>\n\n\n\n<p><strong><em>Fotos: J\u00falio Pedrosa<\/em><\/strong><\/p>\n\n\n\n<p><\/p>\n","protected":false},"excerpt":{"rendered":"<p>Batalha dos ODS levou um p\u00fablico diversificado a conhecer e refletir sobre os 18 Objetivos do Desenvolvimento Sustent\u00e1vel com uma pegada musical a partir das experi\u00eancias vivenciadas pelos MCs participantes<\/p>\n","protected":false},"author":60,"featured_media":55900,"comment_status":"closed","ping_status":"closed","sticky":false,"template":"","format":"image","meta":{"footnotes":""},"categories":[15],"tags":[1192,1235,1234],"class_list":["post-55895","post","type-post","status-publish","format-image","has-post-thumbnail","hentry","category-noticias","tag-fiocruz125anos-ilmdfiocruzamazonia","tag-glocalexperience","tag-obsmafiocruz","post_format-post-format-image"],"_links":{"self":[{"href":"https:\/\/amazonia.fiocruz.br\/index.php?rest_route=\/wp\/v2\/posts\/55895","targetHints":{"allow":["GET"]}}],"collection":[{"href":"https:\/\/amazonia.fiocruz.br\/index.php?rest_route=\/wp\/v2\/posts"}],"about":[{"href":"https:\/\/amazonia.fiocruz.br\/index.php?rest_route=\/wp\/v2\/types\/post"}],"author":[{"embeddable":true,"href":"https:\/\/amazonia.fiocruz.br\/index.php?rest_route=\/wp\/v2\/users\/60"}],"replies":[{"embeddable":true,"href":"https:\/\/amazonia.fiocruz.br\/index.php?rest_route=%2Fwp%2Fv2%2Fcomments&post=55895"}],"version-history":[{"count":1,"href":"https:\/\/amazonia.fiocruz.br\/index.php?rest_route=\/wp\/v2\/posts\/55895\/revisions"}],"predecessor-version":[{"id":55901,"href":"https:\/\/amazonia.fiocruz.br\/index.php?rest_route=\/wp\/v2\/posts\/55895\/revisions\/55901"}],"wp:featuredmedia":[{"embeddable":true,"href":"https:\/\/amazonia.fiocruz.br\/index.php?rest_route=\/wp\/v2\/media\/55900"}],"wp:attachment":[{"href":"https:\/\/amazonia.fiocruz.br\/index.php?rest_route=%2Fwp%2Fv2%2Fmedia&parent=55895"}],"wp:term":[{"taxonomy":"category","embeddable":true,"href":"https:\/\/amazonia.fiocruz.br\/index.php?rest_route=%2Fwp%2Fv2%2Fcategories&post=55895"},{"taxonomy":"post_tag","embeddable":true,"href":"https:\/\/amazonia.fiocruz.br\/index.php?rest_route=%2Fwp%2Fv2%2Ftags&post=55895"}],"curies":[{"name":"wp","href":"https:\/\/api.w.org\/{rel}","templated":true}]}}