{"id":55873,"date":"2025-09-05T12:57:24","date_gmt":"2025-09-05T16:57:24","guid":{"rendered":"https:\/\/amazonia.fiocruz.br\/?p=55873"},"modified":"2025-09-05T13:15:38","modified_gmt":"2025-09-05T17:15:38","slug":"fiocruz-amazonia-inicia-processo-de-selecao-dos-estudantes-do-ensino-medio-para-a-edicao-2025-do-programa-de-vocacao-cientifica","status":"publish","type":"post","link":"https:\/\/amazonia.fiocruz.br\/?p=55873","title":{"rendered":"Fiocruz Amaz\u00f4nia inicia processo de sele\u00e7\u00e3o dos estudantes do Ensino M\u00e9dio para a edi\u00e7\u00e3o 2025 do Programa de Voca\u00e7\u00e3o Cient\u00edfica"},"content":{"rendered":"\n<p>A Coordena\u00e7\u00e3o do Programa de Voca\u00e7\u00e3o Cient\u00edfica (Provoc), do Instituto Le\u00f4nidas e Maria Deane (ILMD\/Fiocruz Amaz\u00f4nia), se reuniu nesta quarta-feira (3\/09) para discutir o andamento do processo de sele\u00e7\u00e3o de estudantes de quatro escolas de Ensino M\u00e9dio da Rede Estadual (Escola Estadual Sant\u2019Ana, Escola \u00c2ngelo Ramazzotti, Escola Estadual Dom Pedro II e Escola Terezinha), de Manaus, que participar\u00e3o como bolsistas do programa este ano. O programa \u00e9 uma proposta educacional de inicia\u00e7\u00e3o cient\u00edfica destinada a jovens do Ensino M\u00e9dio, com o objetivo de estimular a aprendizagem de conhecimentos t\u00e9cnicos e cient\u00edficos por meio da experimenta\u00e7\u00e3o de pr\u00e1ticas de pesquisa.<\/p>\n\n\n\n<figure class=\"wp-block-image size-large\"><img decoding=\"async\" width=\"2000\" height=\"1500\" src=\"https:\/\/amazonia.fiocruz.br\/wp-content\/uploads\/2025\/09\/Sensibilizacao-Escola-Terezinha-2000x1500.jpg\" alt=\"\" class=\"wp-image-55875\" srcset=\"https:\/\/amazonia.fiocruz.br\/wp-content\/uploads\/2025\/09\/Sensibilizacao-Escola-Terezinha-2000x1500.jpg 2000w, https:\/\/amazonia.fiocruz.br\/wp-content\/uploads\/2025\/09\/Sensibilizacao-Escola-Terezinha-300x225.jpg 300w, https:\/\/amazonia.fiocruz.br\/wp-content\/uploads\/2025\/09\/Sensibilizacao-Escola-Terezinha-768x576.jpg 768w, https:\/\/amazonia.fiocruz.br\/wp-content\/uploads\/2025\/09\/Sensibilizacao-Escola-Terezinha-1536x1152.jpg 1536w, https:\/\/amazonia.fiocruz.br\/wp-content\/uploads\/2025\/09\/Sensibilizacao-Escola-Terezinha-2048x1536.jpg 2048w, https:\/\/amazonia.fiocruz.br\/wp-content\/uploads\/2025\/09\/Sensibilizacao-Escola-Terezinha-1500x1125.jpg 1500w, https:\/\/amazonia.fiocruz.br\/wp-content\/uploads\/2025\/09\/Sensibilizacao-Escola-Terezinha-705x529.jpg 705w\" sizes=\"(max-width: 2000px) 100vw, 2000px\" \/><\/figure>\n\n\n\n<p>De acordo com a coordenadora do Provoc, An\u00edzia Aguiar, o programa este ano teve um total de 59 inscritos e 22 selecionados. \u201cOs candidatos precisaram escrever uma Reda\u00e7\u00e3o em que demonstrassem conhecimento a respeito do papel da Fiocruz na sociedade, al\u00e9m de demonstrar o seu interesse em ingressar no Programa. A pergunta principal era: Por que devo ser selecionado(a) para o Provoc?\u201d, explica Anizia. Os aprovados nessa etapa foram entrevistados por um dos membros da equipe do Provoc ILMD\/Fiocruz Amaz\u00f4nia \u2013 Edilson Soares (Gabinete Institucional), Marizete Duarte (Vice-Diretoria de Pesquisa e Inova\u00e7\u00e3o &#8211; VDPI), Josy Caldas (Laborat\u00f3rio Diversidade Microbiana da Amaz\u00f4nia com Import\u00e2ncia para a Sa\u00fade &#8211; DMAIS), Tatiane Guimar\u00e3es (VDPI), al\u00e9m das coordenadoras do Provoc &nbsp;An\u00edzia Aguiar (Vice-Diretoria de Educa\u00e7\u00e3o, Informa\u00e7\u00e3o e Comunica\u00e7\u00e3o &#8211; VDEIC), Priscila Aquino (DMAIS) e Ormezinda Fernandes (DMAIS), que em 2025 passou a coordenar o Programa Institucional de Bolsas de Inicia\u00e7\u00e3o Cient\u00edfica \u2013 PBIC.&nbsp;<\/p>\n\n\n\n<p>O Provoc \u00e9 dividido em duas etapas: Inicia\u00e7\u00e3o e Avan\u00e7ado. A etapa Inicia\u00e7\u00e3o tem dura\u00e7\u00e3o de 12 meses e \u00e9 destinada a alunos do primeiro ano do Ensino M\u00e9dio, enquanto a etapa Avan\u00e7ado tem dura\u00e7\u00e3o de 22 meses e \u00e9 destinada a alunos que conclu\u00edram a etapa Inicia\u00e7\u00e3o e est\u00e3o cursando o segundo ano do Ensino M\u00e9dio. Durante essas etapas, os estudantes desenvolvem projetos de pesquisa em ci\u00eancia e tecnologia em sa\u00fade, sob a orienta\u00e7\u00e3o de pesquisadores da Fiocruz.<\/p>\n\n\n\n<figure class=\"wp-block-image size-large\"><img decoding=\"async\" width=\"2000\" height=\"1333\" src=\"https:\/\/amazonia.fiocruz.br\/wp-content\/uploads\/2025\/09\/IMG_1234-2000x1333.jpg\" alt=\"\" class=\"wp-image-55876\" srcset=\"https:\/\/amazonia.fiocruz.br\/wp-content\/uploads\/2025\/09\/IMG_1234-2000x1333.jpg 2000w, https:\/\/amazonia.fiocruz.br\/wp-content\/uploads\/2025\/09\/IMG_1234-300x200.jpg 300w, https:\/\/amazonia.fiocruz.br\/wp-content\/uploads\/2025\/09\/IMG_1234-768x512.jpg 768w, https:\/\/amazonia.fiocruz.br\/wp-content\/uploads\/2025\/09\/IMG_1234-1536x1024.jpg 1536w, https:\/\/amazonia.fiocruz.br\/wp-content\/uploads\/2025\/09\/IMG_1234-2048x1365.jpg 2048w, https:\/\/amazonia.fiocruz.br\/wp-content\/uploads\/2025\/09\/IMG_1234-1500x1000.jpg 1500w, https:\/\/amazonia.fiocruz.br\/wp-content\/uploads\/2025\/09\/IMG_1234-705x470.jpg 705w\" sizes=\"(max-width: 2000px) 100vw, 2000px\" \/><\/figure>\n\n\n\n<p>\u201cA reuni\u00e3o discutiu os detalhes do in\u00edcio das atividades do programa, incluindo a sele\u00e7\u00e3o de estudantes, a defini\u00e7\u00e3o de orientadores e a estrutura\u00e7\u00e3o dos projetos de pesquisa\u201d, enfatiza An\u00edzia, ressaltando que o cronograma de atividades prev\u00ea a finaliza\u00e7\u00e3o do processo de matr\u00edcula dos selecionados at\u00e9 o dia 26\/09\/2025, com ingresso imediato no Programa. Na sequ\u00eancia, a coordena\u00e7\u00e3o far\u00e1 um evento de acolhimento dos novos bolsistas, com a participa\u00e7\u00e3o dos pais e dos professores\/gestores das escolas de Ensino M\u00e9dio, al\u00e9m dos orientadores e da coordena\u00e7\u00e3o local e nacional do programa.<\/p>\n\n\n\n<p><strong>SOBRE O PROVOC<\/strong><\/p>\n\n\n\n<p>O Provoc busca promover a inicia\u00e7\u00e3o cient\u00edfica e contribuir para a melhoria da qualidade da forma\u00e7\u00e3o de estudantes do ensino fundamental e m\u00e9dio. Os estudantes que participam do Provoc t\u00eam a oportunidade de desenvolver habilidades importantes, como pesquisa bibliogr\u00e1fica, leitura e fichamento de textos cient\u00edficos, e elabora\u00e7\u00e3o de relatos de atividades. Al\u00e9m disso, o programa organiza eventos cient\u00edficos, como a Jornada de Inicia\u00e7\u00e3o Cient\u00edfica e a Semana de Voca\u00e7\u00e3o Cient\u00edfica, onde os estudantes podem apresentar seus trabalhos e trocar experi\u00eancias.<\/p>\n\n\n\n<p>Com o in\u00edcio das atividades do Provoc, a Fiocruz Amaz\u00f4nia reafirma seu compromisso com a forma\u00e7\u00e3o de jovens cientistas e a promo\u00e7\u00e3o da ci\u00eancia e tecnologia na regi\u00e3o. \u201cO processo de sele\u00e7\u00e3o de 2025 constatou que o Provoc \u00e9 um programa estrat\u00e9gico para a Fiocruz por sua capacidade de promover inclus\u00e3o social e oportunidade de ascens\u00e3o intelectual para jovens estudantes do Ensino M\u00e9dio\u201d, finaliza a coordenadora.<\/p>\n\n\n\n<p><strong><em>ILMD\/Fiocruz Amaz\u00f4nia, Por J\u00falio Pedrosa<\/em><\/strong><\/p>\n\n\n\n<p><strong><em>Fotos: J\u00falio Pedros<\/em>a \/<em>Ascom <\/em>e <em>Tatiane Figueiredo \/ VDPI<\/em><\/strong> <\/p>\n\n\n\n<p><\/p>\n","protected":false},"excerpt":{"rendered":"<p>O Provoc tem como objetivo estimular a aprendizagem de conhecimentos t\u00e9cnicos e cient\u00edficos por meio da experimenta\u00e7\u00e3o de pr\u00e1ticas de pesquisa. Este ano, a Fiocruz Amaz\u00f4nia teve um total de 59 inscritos e 22 selecionados<\/p>\n","protected":false},"author":60,"featured_media":55874,"comment_status":"closed","ping_status":"closed","sticky":false,"template":"","format":"image","meta":{"footnotes":""},"categories":[15],"tags":[1229,1192,1228],"class_list":["post-55873","post","type-post","status-publish","format-image","has-post-thumbnail","hentry","category-noticias","tag-educacao-vocacaocientifica","tag-fiocruz125anos-ilmdfiocruzamazonia","tag-provocfiocruz-vpeicfiocruz","post_format-post-format-image"],"_links":{"self":[{"href":"https:\/\/amazonia.fiocruz.br\/index.php?rest_route=\/wp\/v2\/posts\/55873","targetHints":{"allow":["GET"]}}],"collection":[{"href":"https:\/\/amazonia.fiocruz.br\/index.php?rest_route=\/wp\/v2\/posts"}],"about":[{"href":"https:\/\/amazonia.fiocruz.br\/index.php?rest_route=\/wp\/v2\/types\/post"}],"author":[{"embeddable":true,"href":"https:\/\/amazonia.fiocruz.br\/index.php?rest_route=\/wp\/v2\/users\/60"}],"replies":[{"embeddable":true,"href":"https:\/\/amazonia.fiocruz.br\/index.php?rest_route=%2Fwp%2Fv2%2Fcomments&post=55873"}],"version-history":[{"count":3,"href":"https:\/\/amazonia.fiocruz.br\/index.php?rest_route=\/wp\/v2\/posts\/55873\/revisions"}],"predecessor-version":[{"id":55880,"href":"https:\/\/amazonia.fiocruz.br\/index.php?rest_route=\/wp\/v2\/posts\/55873\/revisions\/55880"}],"wp:featuredmedia":[{"embeddable":true,"href":"https:\/\/amazonia.fiocruz.br\/index.php?rest_route=\/wp\/v2\/media\/55874"}],"wp:attachment":[{"href":"https:\/\/amazonia.fiocruz.br\/index.php?rest_route=%2Fwp%2Fv2%2Fmedia&parent=55873"}],"wp:term":[{"taxonomy":"category","embeddable":true,"href":"https:\/\/amazonia.fiocruz.br\/index.php?rest_route=%2Fwp%2Fv2%2Fcategories&post=55873"},{"taxonomy":"post_tag","embeddable":true,"href":"https:\/\/amazonia.fiocruz.br\/index.php?rest_route=%2Fwp%2Fv2%2Ftags&post=55873"}],"curies":[{"name":"wp","href":"https:\/\/api.w.org\/{rel}","templated":true}]}}