{"id":55247,"date":"2025-07-23T16:58:05","date_gmt":"2025-07-23T20:58:05","guid":{"rendered":"https:\/\/amazonia.fiocruz.br\/?p=55247"},"modified":"2025-07-23T16:58:06","modified_gmt":"2025-07-23T20:58:06","slug":"palestra-do-centro-de-estudos-da-fiocruz-amazonia-vai-abordar-estrategias-de-resistencia-para-superar-defasagem-no-servico-de-saude-em-comunidades-do-rio-unini-am","status":"publish","type":"post","link":"https:\/\/amazonia.fiocruz.br\/?p=55247","title":{"rendered":"Palestra do Centro de Estudos da Fiocruz Amaz\u00f4nia vai abordar estrat\u00e9gias de resist\u00eancia para superar defasagem no servi\u00e7o de sa\u00fade em comunidades do Rio Unini (AM)"},"content":{"rendered":"\n<p>O Centro de Estudos do Instituto Le\u00f4nidas &amp; Maria Deane (ILMD \/ Fiocruz Amaz\u00f4nia) apresenta na sexta-feira, 25\/7, \u00e0s 10h (hor\u00e1rio Manaus), a palestra \u201cA quest\u00e3o da sa\u00fade no Unini: frente aos desafios, novas condutas\u201d, a ser ministrada por J\u00e9ssica Pires Cardoso, pesquisadora de P\u00f3s-Doutorado no Departamento de Sociologia da Universidade Federal de S\u00e3o Carlos (UFSCar).<\/p>\n\n\n\n<p>A palestra ser\u00e1 moderada por Fernando&nbsp;Herkrath, pesquisador do ILMD \/ Fiocruz Amaz\u00f4nia, e ser\u00e1 transmitida via Plataforma Zoom, atrav\u00e9s do link: <a href=\"https:\/\/us06web.zoom.us\/j\/82740473433?pwd=ycxE8aIWzZbScGCiRaQg7pRosDLj5Q.1\">https:\/\/us06web.zoom.us\/j\/82740473433?pwd=ycxE8aIWzZbScGCiRaQg7pRosDLj5Q.1<\/a>. ID: 827 4047 3433 e senha: 466414.<\/p>\n\n\n\n<p>Na oportunidade, a pesquisadora tratar\u00e1 das estrat\u00e9gias de resist\u00eancia adotadas por moradores das comunidades do Rio Unini (AM), para superar as defasagens no servi\u00e7o de sa\u00fade local. Os dados apresentados dialogam com a pesquisa de p\u00f3s-doutorado realizada, no \u00e2mbito do projeto \u201cCidadania dos povos da floresta como forma de resili\u00eancia aos desastres: aprendizados da COVID-19\u201d, em comunidades remotas no Amazonas e no Par\u00e1, e revelam formas diversas de articula\u00e7\u00f5es capazes de responder a um v\u00e1cuo institucional relativo ao direito de sa\u00fade no territ\u00f3rio.<\/p>\n\n\n\n<p><strong>SOBRE A PALESTRANTE<\/strong><\/p>\n\n\n\n<p>J\u00e9ssica \u00e9 pesquisadora de P\u00f3s-Doutorado no Departamento de Sociologia da UFSCar, e integrante do projeto tem\u00e1tico &#8220;Cidadania dos povos da floresta como forma de resili\u00eancia aos desastres: aprendizados da COVID-19&#8221;. Doutora pelo Programa de P\u00f3s-Gradua\u00e7\u00e3o em Sociologia da Universidade Federal de S\u00e3o Carlos com per\u00edodo sandu\u00edche pelo Programa de Desenvolvimento Acad\u00eamico Abdias Nascimento na lUniversit\u00e9 Paris &#8211; Nanterre.<\/p>\n\n\n\n<p>Atua nos campos da sociologia rural e sociologia ambiental, com experi\u00eancia nas tem\u00e1ticas de ruralidades e meio ambiente; conflitos socioambientais; ribeirinhos e atingidos por barragem; quest\u00e3o agr\u00e1ria e grandes projetos h\u00eddricos; sociedade e recursos h\u00eddricos; governan\u00e7a das \u00e1guas. Pesquisadora do RURAS &#8211; Grupo de Pesquisa CNPq Ruralidades, Ambiente e Sociedade.<\/p>\n\n\n\n<p><strong>SOBRE O CENTRO DE ESTUDOS<\/strong><\/p>\n\n\n\n<p>O Centro de Estudos do ILMD\/Fiocruz Amaz\u00f4nia \u00e9 um n\u00facleo que oportuniza encontros, palestras, semin\u00e1rios e debates sobre diversos temas ligados \u00e0 pesquisa e ao ensino para a promo\u00e7\u00e3o da sa\u00fade. Os eventos s\u00e3o gratuitos e ocorrem \u00e0s sextas-feiras. As atividades s\u00e3o destinadas a estudantes de gradua\u00e7\u00e3o e p\u00f3s-gradua\u00e7\u00e3o, pesquisadores, professores e trabalhadores da \u00e1rea da Sa\u00fade.<\/p>\n\n\n\n<p><strong><em>ILMD \/ Fiocruz Amaz\u00f4nia, por Eduardo Gomes<\/em><\/strong><\/p>\n\n\n\n<p><strong><em>Imagem: Mackesy Nascimento<\/em><\/strong><\/p>\n","protected":false},"excerpt":{"rendered":"<p>Os dados apresentados dialogam com a pesquisa de p\u00f3s-doutorado realizada, no \u00e2mbito do projeto \u201cCidadania dos povos da floresta como forma de resili\u00eancia aos desastres: aprendizados da COVID-19\u201d<\/p>\n","protected":false},"author":20,"featured_media":55248,"comment_status":"closed","ping_status":"closed","sticky":false,"template":"","format":"image","meta":{"footnotes":""},"categories":[15],"tags":[118,119,852],"class_list":["post-55247","post","type-post","status-publish","format-image","has-post-thumbnail","hentry","category-noticias","tag-centro-de-estudos","tag-ilmd","tag-ilmd-fiocruz-amazonia","post_format-post-format-image"],"_links":{"self":[{"href":"https:\/\/amazonia.fiocruz.br\/index.php?rest_route=\/wp\/v2\/posts\/55247","targetHints":{"allow":["GET"]}}],"collection":[{"href":"https:\/\/amazonia.fiocruz.br\/index.php?rest_route=\/wp\/v2\/posts"}],"about":[{"href":"https:\/\/amazonia.fiocruz.br\/index.php?rest_route=\/wp\/v2\/types\/post"}],"author":[{"embeddable":true,"href":"https:\/\/amazonia.fiocruz.br\/index.php?rest_route=\/wp\/v2\/users\/20"}],"replies":[{"embeddable":true,"href":"https:\/\/amazonia.fiocruz.br\/index.php?rest_route=%2Fwp%2Fv2%2Fcomments&post=55247"}],"version-history":[{"count":1,"href":"https:\/\/amazonia.fiocruz.br\/index.php?rest_route=\/wp\/v2\/posts\/55247\/revisions"}],"predecessor-version":[{"id":55249,"href":"https:\/\/amazonia.fiocruz.br\/index.php?rest_route=\/wp\/v2\/posts\/55247\/revisions\/55249"}],"wp:featuredmedia":[{"embeddable":true,"href":"https:\/\/amazonia.fiocruz.br\/index.php?rest_route=\/wp\/v2\/media\/55248"}],"wp:attachment":[{"href":"https:\/\/amazonia.fiocruz.br\/index.php?rest_route=%2Fwp%2Fv2%2Fmedia&parent=55247"}],"wp:term":[{"taxonomy":"category","embeddable":true,"href":"https:\/\/amazonia.fiocruz.br\/index.php?rest_route=%2Fwp%2Fv2%2Fcategories&post=55247"},{"taxonomy":"post_tag","embeddable":true,"href":"https:\/\/amazonia.fiocruz.br\/index.php?rest_route=%2Fwp%2Fv2%2Ftags&post=55247"}],"curies":[{"name":"wp","href":"https:\/\/api.w.org\/{rel}","templated":true}]}}