{"id":55194,"date":"2025-07-19T19:55:54","date_gmt":"2025-07-19T23:55:54","guid":{"rendered":"https:\/\/amazonia.fiocruz.br\/?p=55194"},"modified":"2025-07-26T13:54:53","modified_gmt":"2025-07-26T17:54:53","slug":"fiocruz-amazonia-capacita-profissionais-do-ministerio-da-saude-de-angola-em-tecnicas-de-virologia-para-melhoria-da-vigilancia-entomologica-no-pais-africano","status":"publish","type":"post","link":"https:\/\/amazonia.fiocruz.br\/?p=55194","title":{"rendered":"Fiocruz Amaz\u00f4nia capacita profissionais do Minist\u00e9rio da Sa\u00fade de Angola em t\u00e9cnicas de virologia aplicadas para a vigil\u00e2ncia entomol\u00f3gica no pa\u00eds africano"},"content":{"rendered":"\n<p>Durante uma semana, a Fiocruz Amaz\u00f4nia recebeu a visita de profissionais especialistas do Minist\u00e9rio da Sa\u00fade de Angola para a realiza\u00e7\u00e3o de capacita\u00e7\u00e3o em t\u00e9cnicas de virologia voltadas ao isolamento e sequenciamento nucleot\u00eddico (DNA ou RNA) de v\u00edrus, a partir de insetos transmissores de doen\u00e7as como dengue, zika, Chikungunya, febre amarela, entre outras. O treinamento foi ministrado pela equipe do N\u00facleo de Vigil\u00e2ncia de V\u00edrus Emergentes, Reemergentes ou Negligenciados, do Instituto Le\u00f4nidas &amp; Maria Deane (ILMD\/ Fiocruz Amaz\u00f4nia) e fez parte do Curso Internacional sobre T\u00e9cnicas de Detec\u00e7\u00e3o Molecular de Pat\u00f3genos em Artr\u00f3podes, realizado no Brasil pelo Projeto de Melhoria dos Sistemas de Vigil\u00e2ncia Regional (Redisse IV), desenvolvido pelo Governo de Angola, em parceria com a Fiocruz, tendo como objetivo promover a atualiza\u00e7\u00e3o do mapa entomol\u00f3gico daquele pa\u00eds, al\u00e9m de fortalecer o sistema de vigil\u00e2ncia de v\u00edrus nos pa\u00edses pertencentes \u00e0 Comunidade Econ\u00f4mica dos Estados da \u00c1frica Central.<\/p>\n\n\n\n<figure class=\"wp-block-image size-large\"><img decoding=\"async\" width=\"2000\" height=\"1333\" src=\"https:\/\/amazonia.fiocruz.br\/wp-content\/uploads\/2025\/07\/IMG_8838-2000x1333.jpg\" alt=\"\" class=\"wp-image-55195\" srcset=\"https:\/\/amazonia.fiocruz.br\/wp-content\/uploads\/2025\/07\/IMG_8838-2000x1333.jpg 2000w, https:\/\/amazonia.fiocruz.br\/wp-content\/uploads\/2025\/07\/IMG_8838-300x200.jpg 300w, https:\/\/amazonia.fiocruz.br\/wp-content\/uploads\/2025\/07\/IMG_8838-768x512.jpg 768w, https:\/\/amazonia.fiocruz.br\/wp-content\/uploads\/2025\/07\/IMG_8838-1536x1024.jpg 1536w, https:\/\/amazonia.fiocruz.br\/wp-content\/uploads\/2025\/07\/IMG_8838-2048x1365.jpg 2048w, https:\/\/amazonia.fiocruz.br\/wp-content\/uploads\/2025\/07\/IMG_8838-1500x1000.jpg 1500w, https:\/\/amazonia.fiocruz.br\/wp-content\/uploads\/2025\/07\/IMG_8838-705x470.jpg 705w\" sizes=\"(max-width: 2000px) 100vw, 2000px\" \/><\/figure>\n\n\n\n<p>A iniciativa, coordenada pelo Centro de Rela\u00e7\u00f5es Internacionais em Sa\u00fade (CRIS), da Fiocruz, visa o aprimoramento das estrat\u00e9gias de detec\u00e7\u00e3o e respostas r\u00e1pidas a surtos de doen\u00e7as e amea\u00e7as \u00e0 sa\u00fade p\u00fablica. O curso, segundo a bi\u00f3loga Genimar Rebou\u00e7as Juli\u00e3o, pesquisadora da Fiocruz Rond\u00f4nia e coordenadora t\u00e9cnica do projeto, \u00e9 parte de um trabalho que j\u00e1 vem sendo realizado em parceria, entre os dois pa\u00edses, com foco na forma\u00e7\u00e3o de recursos humanos, avan\u00e7o na taxonomia de vetores de Angola e no estabelecimento de coopera\u00e7\u00e3o internacional com vistas a colabora\u00e7\u00e3o em pesquisas cientificas futuras. A forma\u00e7\u00e3o oferecida aos profissionais do Minist\u00e9rio da Sa\u00fade angolano foi realizada em dois m\u00f3dulos. O primeiro, no Laborat\u00f3rio de Virologia Molecular da Fiocruz Rond\u00f4nia, entre os dias 7 e 11\/07. E o segundo, em Manaus, de 14 a 18\/07.<\/p>\n\n\n\n<figure class=\"wp-block-image size-large\"><img decoding=\"async\" width=\"2000\" height=\"1333\" src=\"https:\/\/amazonia.fiocruz.br\/wp-content\/uploads\/2025\/07\/IMG_8973-2000x1333.jpg\" alt=\"\" class=\"wp-image-55201\" srcset=\"https:\/\/amazonia.fiocruz.br\/wp-content\/uploads\/2025\/07\/IMG_8973-2000x1333.jpg 2000w, https:\/\/amazonia.fiocruz.br\/wp-content\/uploads\/2025\/07\/IMG_8973-300x200.jpg 300w, https:\/\/amazonia.fiocruz.br\/wp-content\/uploads\/2025\/07\/IMG_8973-768x512.jpg 768w, https:\/\/amazonia.fiocruz.br\/wp-content\/uploads\/2025\/07\/IMG_8973-1536x1024.jpg 1536w, https:\/\/amazonia.fiocruz.br\/wp-content\/uploads\/2025\/07\/IMG_8973-2048x1365.jpg 2048w, https:\/\/amazonia.fiocruz.br\/wp-content\/uploads\/2025\/07\/IMG_8973-1500x1000.jpg 1500w, https:\/\/amazonia.fiocruz.br\/wp-content\/uploads\/2025\/07\/IMG_8973-705x470.jpg 705w\" sizes=\"(max-width: 2000px) 100vw, 2000px\" \/><\/figure>\n\n\n\n<p>Genimar explica que o Redisse IV \u00e9 um programa regional que apoia pa\u00edses da \u00c1frica Central no enfrentamento de doen\u00e7as e epidemias, e, no Brasil, na atual fase do projeto, envolve pesquisadores do Instituto Oswaldo Cruz (IOC), no Rio de Janeiro, do ILMD\/Fiocruz Amaz\u00f4nia, em Manaus, e da Fiocruz Rond\u00f4nia, em Porto Velho. A iniciativa \u00e9 financiada pelo Banco Mundial e conta tamb\u00e9m com apoio da Funda\u00e7\u00e3o para o Desenvolvimento Cient\u00edfico e Tecnol\u00f3gico em Sa\u00fade (Fiotec), da Fiocruz. \u201cO projeto de amplia\u00e7\u00e3o do mapa entomol\u00f3gico de Angola vem de uma iniciativa anterior do governo angolano, de 2023, com a finalidade de elaborar uma lista das principais esp\u00e9cies de vetores e mapear onde elas ocorrem. Agora, n\u00f3s da Fiocruz estamos participando da atualiza\u00e7\u00e3o desse mapeamento, numa presta\u00e7\u00e3o de servi\u00e7o da Fiocruz para o Minist\u00e9rio da Sa\u00fade de Angola\u201d, enfatiza a pesquisadora.<\/p>\n\n\n\n<figure class=\"wp-block-image size-large\"><img decoding=\"async\" width=\"2000\" height=\"1333\" src=\"https:\/\/amazonia.fiocruz.br\/wp-content\/uploads\/2025\/07\/IMG_8842-2000x1333.jpg\" alt=\"\" class=\"wp-image-55197\" srcset=\"https:\/\/amazonia.fiocruz.br\/wp-content\/uploads\/2025\/07\/IMG_8842-2000x1333.jpg 2000w, https:\/\/amazonia.fiocruz.br\/wp-content\/uploads\/2025\/07\/IMG_8842-300x200.jpg 300w, https:\/\/amazonia.fiocruz.br\/wp-content\/uploads\/2025\/07\/IMG_8842-768x512.jpg 768w, https:\/\/amazonia.fiocruz.br\/wp-content\/uploads\/2025\/07\/IMG_8842-1536x1024.jpg 1536w, https:\/\/amazonia.fiocruz.br\/wp-content\/uploads\/2025\/07\/IMG_8842-2048x1365.jpg 2048w, https:\/\/amazonia.fiocruz.br\/wp-content\/uploads\/2025\/07\/IMG_8842-1500x1000.jpg 1500w, https:\/\/amazonia.fiocruz.br\/wp-content\/uploads\/2025\/07\/IMG_8842-705x470.jpg 705w\" sizes=\"(max-width: 2000px) 100vw, 2000px\" \/><\/figure>\n\n\n\n<p>O interc\u00e2mbio com Angola vem permitindo \u00e0 Fiocruz realizar tamb\u00e9m coletas entomol\u00f3gicas em diferentes prov\u00edncias daquele pa\u00eds, estabelecendo rela\u00e7\u00f5es de coopera\u00e7\u00e3o. Em abril deste ano, um grupo de especialistas da Fiocruz embarcou para Angola a fim de participar de uma miss\u00e3o visando a atualiza\u00e7\u00e3o do mapa entomol\u00f3gico do pa\u00eds africano, necessidade refor\u00e7ada ap\u00f3s o primeiro registro do mosquito \u201ctigre-asi\u00e1tico\u201d (<em>Aedes albopictus<\/em>) no territ\u00f3rio angolano em 2025. \u201cO objetivo do trabalho \u00e9 levantar novos dados sobre a situa\u00e7\u00e3o epidemiol\u00f3gica das doen\u00e7as transmitidas por vetores na regi\u00e3o. Pretendemos voltar a Angola para um segundo treinamento e forma\u00e7\u00e3o dos profissionais nas principais t\u00e9cnicas entomol\u00f3gicas, triagem, armazenamento, conserva\u00e7\u00e3o de amostras entomol\u00f3gicas para transporte e remessa\u201d, observa Genimar. A pr\u00f3xima expedi\u00e7\u00e3o ser\u00e1 em agosto, com a participa\u00e7\u00e3o de 19 pesquisadores.<\/p>\n\n\n\n<figure class=\"wp-block-image size-large\"><img decoding=\"async\" width=\"2000\" height=\"1333\" src=\"https:\/\/amazonia.fiocruz.br\/wp-content\/uploads\/2025\/07\/IMG_8852-2000x1333.jpg\" alt=\"\" class=\"wp-image-55198\" srcset=\"https:\/\/amazonia.fiocruz.br\/wp-content\/uploads\/2025\/07\/IMG_8852-2000x1333.jpg 2000w, https:\/\/amazonia.fiocruz.br\/wp-content\/uploads\/2025\/07\/IMG_8852-300x200.jpg 300w, https:\/\/amazonia.fiocruz.br\/wp-content\/uploads\/2025\/07\/IMG_8852-768x512.jpg 768w, https:\/\/amazonia.fiocruz.br\/wp-content\/uploads\/2025\/07\/IMG_8852-1536x1024.jpg 1536w, https:\/\/amazonia.fiocruz.br\/wp-content\/uploads\/2025\/07\/IMG_8852-2048x1365.jpg 2048w, https:\/\/amazonia.fiocruz.br\/wp-content\/uploads\/2025\/07\/IMG_8852-1500x1000.jpg 1500w, https:\/\/amazonia.fiocruz.br\/wp-content\/uploads\/2025\/07\/IMG_8852-705x470.jpg 705w\" sizes=\"(max-width: 2000px) 100vw, 2000px\" \/><\/figure>\n\n\n\n<p>Felipe Naveca explica que a coopera\u00e7\u00e3o tem como principal objetivo fortalecer o sistema de vigil\u00e2ncia de Angola. Chegamos ao final do treinamento e foi uma semana muito proveitosa onde repassamos diversos aspectos relacionadas \u00e0 vigil\u00e2ncia dos arbov\u00edrus. Eles tiveram experiencia de executar desde tratativas de isolamento de v\u00edrus em cultura de c\u00e9lulas, depois o preparo do material para o sequenciamento gen\u00e9tico e agora as an\u00e1lises do sequenciamento. Passaram por todas as etapas para que possam fazer o mesmo uma vez chegando em Angola, melhorando a sua vigil\u00e2ncia para que possam caminhar sozinhos, identificando poss\u00edveis v\u00edrus que estejam surgindo\u201d, afirma Naveca..<\/p>\n\n\n\n<figure class=\"wp-block-image size-large\"><img decoding=\"async\" width=\"2000\" height=\"1333\" src=\"https:\/\/amazonia.fiocruz.br\/wp-content\/uploads\/2025\/07\/IMG_8900-2000x1333.jpg\" alt=\"\" class=\"wp-image-55199\" srcset=\"https:\/\/amazonia.fiocruz.br\/wp-content\/uploads\/2025\/07\/IMG_8900-2000x1333.jpg 2000w, https:\/\/amazonia.fiocruz.br\/wp-content\/uploads\/2025\/07\/IMG_8900-300x200.jpg 300w, https:\/\/amazonia.fiocruz.br\/wp-content\/uploads\/2025\/07\/IMG_8900-768x512.jpg 768w, https:\/\/amazonia.fiocruz.br\/wp-content\/uploads\/2025\/07\/IMG_8900-1536x1024.jpg 1536w, https:\/\/amazonia.fiocruz.br\/wp-content\/uploads\/2025\/07\/IMG_8900-2048x1365.jpg 2048w, https:\/\/amazonia.fiocruz.br\/wp-content\/uploads\/2025\/07\/IMG_8900-1500x1000.jpg 1500w, https:\/\/amazonia.fiocruz.br\/wp-content\/uploads\/2025\/07\/IMG_8900-705x470.jpg 705w\" sizes=\"(max-width: 2000px) 100vw, 2000px\" \/><\/figure>\n\n\n\n<p>O curso incluiu t\u00e9cnicas para isolamento viral e efeito citop\u00e1tico, produ\u00e7\u00e3o de cDNA, PCR convencional, sequenciamento na Plataforma Illumina, Introdu\u00e7\u00e3o \u00e0 Bioinform\u00e1tica para an\u00e1lise de genomas virais e ferramentas de bioinform\u00e1tica para montagem de genomas e infer\u00eancia filogen\u00e9tica. &nbsp;O biom\u00e9dico angolano Pedro Afonso faz parte do Instituto Nacional de Investiga\u00e7\u00e3o em Sa\u00fade, laborat\u00f3rio de refer\u00eancia nacional do Minist\u00e9rio da Sa\u00fade daquele pa\u00eds. Segundo ele, a experi\u00eancia da forma\u00e7\u00e3o foi bastante proveitosa em termos de aprendizado. \u201cEstamos muito agradecidos pela acolhida e pelos conhecimentos repassados na \u00e1rea laboratorial. Aprendemos v\u00e1rios temas, cultura de c\u00e9lulas, extra\u00e7\u00e3o, DNA, RNA, sequenciamento de genomas, an\u00e1lise bioinform\u00e1tica. Est\u00e1 sendo uma experi\u00eancia agrad\u00e1vel e que superou as nossas expectativas\u201d, afirmou Pedro, que espera colocar em pr\u00e1tica um sistema de vigil\u00e2ncia mais robusto e ativo em Angola ap\u00f3s a forma\u00e7\u00e3o.<\/p>\n\n\n\n<figure class=\"wp-block-image size-large\"><img decoding=\"async\" width=\"2000\" height=\"1333\" src=\"https:\/\/amazonia.fiocruz.br\/wp-content\/uploads\/2025\/07\/IMG_8839-2000x1333.jpg\" alt=\"\" class=\"wp-image-55200\" srcset=\"https:\/\/amazonia.fiocruz.br\/wp-content\/uploads\/2025\/07\/IMG_8839-2000x1333.jpg 2000w, https:\/\/amazonia.fiocruz.br\/wp-content\/uploads\/2025\/07\/IMG_8839-300x200.jpg 300w, https:\/\/amazonia.fiocruz.br\/wp-content\/uploads\/2025\/07\/IMG_8839-768x512.jpg 768w, https:\/\/amazonia.fiocruz.br\/wp-content\/uploads\/2025\/07\/IMG_8839-1536x1024.jpg 1536w, https:\/\/amazonia.fiocruz.br\/wp-content\/uploads\/2025\/07\/IMG_8839-2048x1365.jpg 2048w, https:\/\/amazonia.fiocruz.br\/wp-content\/uploads\/2025\/07\/IMG_8839-1500x1000.jpg 1500w, https:\/\/amazonia.fiocruz.br\/wp-content\/uploads\/2025\/07\/IMG_8839-705x470.jpg 705w\" sizes=\"(max-width: 2000px) 100vw, 2000px\" \/><\/figure>\n\n\n\n<p>O bi\u00f3logo Rafael Dimbu, atua no Programa Nacional de Controle da Mal\u00e1ria de Angola e considerou a oportunidade de capacita\u00e7\u00e3o um passo decisivo no processo de fortalecimento da vigil\u00e2ncia entomol\u00f3gica no pa\u00eds africano. \u201cViemos ter uma forma\u00e7\u00e3o &nbsp;&nbsp;no \u00e2mbito de aten\u00e7\u00e3o de pat\u00f3genos e treinamos aspectos como extra\u00e7\u00e3o do DNA dos artr\u00f3podes, PCR em tempo real, amplifica\u00e7\u00e3o dos genes, e agora dando segmento \u00e0s \u00e1reas relacionadas ao sequenciamento do genoma. Encontramos uma equipe qualificada e que sabe transmitir conhecimento, tanto na Fiocruz em Manaus quanto em Rond\u00f4nia, e temos outra equipe no Rio de Janeiro, se aperfei\u00e7oando na resist\u00eancia dos vetores a inseticidas\u201d, detalhou, destacando as semelhan\u00e7as existentes entre os dois pa\u00edses no controle das doen\u00e7as. \u201cS\u00e3o dois pa\u00edses tropicais que enfrentam os mesmos fen\u00f4menos, sendo o Brasil mais avan\u00e7ado do ponto de vista tecnol\u00f3gico, raz\u00e3o pela qual estamos gratos por essa coopera\u00e7\u00e3o\u201d, refor\u00e7ou.<\/p>\n\n\n\n<figure class=\"wp-block-image size-large\"><img decoding=\"async\" width=\"2000\" height=\"1333\" src=\"https:\/\/amazonia.fiocruz.br\/wp-content\/uploads\/2025\/07\/IMG_8858-2000x1333.jpg\" alt=\"\" class=\"wp-image-55202\" srcset=\"https:\/\/amazonia.fiocruz.br\/wp-content\/uploads\/2025\/07\/IMG_8858-2000x1333.jpg 2000w, https:\/\/amazonia.fiocruz.br\/wp-content\/uploads\/2025\/07\/IMG_8858-300x200.jpg 300w, https:\/\/amazonia.fiocruz.br\/wp-content\/uploads\/2025\/07\/IMG_8858-768x512.jpg 768w, https:\/\/amazonia.fiocruz.br\/wp-content\/uploads\/2025\/07\/IMG_8858-1536x1024.jpg 1536w, https:\/\/amazonia.fiocruz.br\/wp-content\/uploads\/2025\/07\/IMG_8858-2048x1365.jpg 2048w, https:\/\/amazonia.fiocruz.br\/wp-content\/uploads\/2025\/07\/IMG_8858-1500x1000.jpg 1500w, https:\/\/amazonia.fiocruz.br\/wp-content\/uploads\/2025\/07\/IMG_8858-705x470.jpg 705w\" sizes=\"(max-width: 2000px) 100vw, 2000px\" \/><\/figure>\n\n\n\n<p><strong>SOBRE O CURSO<\/strong><\/p>\n\n\n\n<p>Com carga hor\u00e1ria de 40 horas, o Curso Internacional sobre T\u00e9cnicas de Detec\u00e7\u00e3o Molecular de Pat\u00f3genos em Artr\u00f3podes visa apresentar t\u00e9cnicas e metodologias para caracteriza\u00e7\u00e3o molecular dos principais arbov\u00edrus circulantes em Angola, treinar a an\u00e1lise de diagn\u00f3stico molecular diferencial para outras arboviroses emergentes\/reemergentes e\/ou negligenciadas; e realizar a caracteriza\u00e7\u00e3o gen\u00e9tica e infer\u00eancia filogen\u00e9tica dos agentes virais identificados no estudo. Al\u00e9m de Angola, pertencem \u00e0 Comunidade Econ\u00f4mica dos Estados da \u00c1frica Central a Rep\u00fablica Centro-Africana, Chade, Rep\u00fablica do Congo e Rep\u00fablica Democr\u00e1tica do Congo.<\/p>\n\n\n\n<p>O objetivo \u00e9 promover melhorias nos sistemas de sa\u00fade e na capacidade diagn\u00f3stica, de detec\u00e7\u00e3o e de preven\u00e7\u00e3o, que permitam respostas mais r\u00e1pidas e eficientes \u00e0s amea\u00e7as de Sa\u00fade P\u00fablica regional e global. O projeto prev\u00ea a forma\u00e7\u00e3o de t\u00e9cnicos angolanos e a cria\u00e7\u00e3o de capacidade local para garantir a continuidade destes procedimentos em per\u00edodos mais curtos. Segundo Genimar Rebou\u00e7as, o projeto prioriza investimentos em recursos humanos, principalmente os profissionais de \u201clinha de frente\u201d, que executam as a\u00e7\u00f5es de vigil\u00e2ncia e controle no pa\u00eds. \u201cO fortalecimento da capacidade diagn\u00f3stica, com amplia\u00e7\u00e3o do acesso a t\u00e9cnicas moleculares para a identifica\u00e7\u00e3o de pat\u00f3genos e a caracteriza\u00e7\u00e3o dos vetores envolvidos, \u00e9 essencial para a detec\u00e7\u00e3o precoce e a implementa\u00e7\u00e3o de medidas de conten\u00e7\u00e3o mais eficazes\u201d, confirma Genimar.<\/p>\n\n\n\n<p><strong><em>ILMD\/Fiocruz Amaz\u00f4nia, Por J\u00falio Pedrosa<\/em><\/strong><\/p>\n\n\n\n<p><strong><em>Fotos: J\u00falio Pedrosa<\/em><\/strong><\/p>\n","protected":false},"excerpt":{"rendered":"<p>Projeto de Melhoria dos Sistemas de Vigil\u00e2ncia Regional (Redisse IV) \u00e9 desenvolvido pelo Governo de Angola, em parceria com a Fiocruz, com coordena\u00e7\u00e3o do Centro de Rela\u00e7\u00f5es Internacionais em Sa\u00fade (CRIS)<\/p>\n","protected":false},"author":60,"featured_media":55203,"comment_status":"closed","ping_status":"closed","sticky":false,"template":"","format":"image","meta":{"footnotes":""},"categories":[15],"tags":[1192],"class_list":["post-55194","post","type-post","status-publish","format-image","has-post-thumbnail","hentry","category-noticias","tag-fiocruz125anos-ilmdfiocruzamazonia","post_format-post-format-image"],"_links":{"self":[{"href":"https:\/\/amazonia.fiocruz.br\/index.php?rest_route=\/wp\/v2\/posts\/55194","targetHints":{"allow":["GET"]}}],"collection":[{"href":"https:\/\/amazonia.fiocruz.br\/index.php?rest_route=\/wp\/v2\/posts"}],"about":[{"href":"https:\/\/amazonia.fiocruz.br\/index.php?rest_route=\/wp\/v2\/types\/post"}],"author":[{"embeddable":true,"href":"https:\/\/amazonia.fiocruz.br\/index.php?rest_route=\/wp\/v2\/users\/60"}],"replies":[{"embeddable":true,"href":"https:\/\/amazonia.fiocruz.br\/index.php?rest_route=%2Fwp%2Fv2%2Fcomments&post=55194"}],"version-history":[{"count":2,"href":"https:\/\/amazonia.fiocruz.br\/index.php?rest_route=\/wp\/v2\/posts\/55194\/revisions"}],"predecessor-version":[{"id":55287,"href":"https:\/\/amazonia.fiocruz.br\/index.php?rest_route=\/wp\/v2\/posts\/55194\/revisions\/55287"}],"wp:featuredmedia":[{"embeddable":true,"href":"https:\/\/amazonia.fiocruz.br\/index.php?rest_route=\/wp\/v2\/media\/55203"}],"wp:attachment":[{"href":"https:\/\/amazonia.fiocruz.br\/index.php?rest_route=%2Fwp%2Fv2%2Fmedia&parent=55194"}],"wp:term":[{"taxonomy":"category","embeddable":true,"href":"https:\/\/amazonia.fiocruz.br\/index.php?rest_route=%2Fwp%2Fv2%2Fcategories&post=55194"},{"taxonomy":"post_tag","embeddable":true,"href":"https:\/\/amazonia.fiocruz.br\/index.php?rest_route=%2Fwp%2Fv2%2Ftags&post=55194"}],"curies":[{"name":"wp","href":"https:\/\/api.w.org\/{rel}","templated":true}]}}