{"id":54667,"date":"2025-06-04T08:51:31","date_gmt":"2025-06-04T12:51:31","guid":{"rendered":"https:\/\/amazonia.fiocruz.br\/?p=54667"},"modified":"2025-06-04T08:52:49","modified_gmt":"2025-06-04T12:52:49","slug":"fiocruz-amazonia-e-cogic-visitam-cma-para-alinhamento-do-estado-da-arte-do-projeto-da-nova-sede","status":"publish","type":"post","link":"https:\/\/amazonia.fiocruz.br\/?p=54667","title":{"rendered":"Fiocruz Amaz\u00f4nia e Cogic visitam CMA para alinhamento do estado da arte do projeto da nova sede"},"content":{"rendered":"\n<p>A Fiocruz Amaz\u00f4nia e a Coordena\u00e7\u00e3o Geral de Infraestrutura dos Campi da Funda\u00e7\u00e3o Oswaldo Cruz estiveram, em visita \u00e0 sede do Comando Militar da Amaz\u00f4nia (CMA), na \u00faltima segunda-feira, 2\/06, com a finalidade de promover um alinhamento de informa\u00e7\u00f5es atualizadas acerca do andamento do projeto de constru\u00e7\u00e3o da nova sede da Fiocruz Amaz\u00f4nia, que ficar\u00e1 localizada no bairro S\u00e3o Jorge, Zona Oeste, em terreno doado pelo Ex\u00e9rcito Brasileiro. A coordenadora-geral de Infraestrutura dos Campi da Funda\u00e7\u00e3o Oswaldo Cruz (Fiocruz), Ana Beatriz Cuzzatti, apresentou um panorama do estado da arte da obra, ao novo Comando, representado nas pessoas do Chefe do Estado Maior, general Reinaldo S\u00f3t\u00e3o Calderaro, falando em nome, na oportunidade, do Comandante Militar da Amaz\u00f4nia, General de Ex\u00e9rcito Ricardo Augusto Ferreira Costa Neves, juntamente com o Comandante do 1\u00ba Batalh\u00e3o de Infantaria de Selva (BIS), coronel Anderson Xavier Neves.<\/p>\n\n\n\n<figure class=\"wp-block-image size-large\"><img decoding=\"async\" width=\"2000\" height=\"1333\" src=\"https:\/\/amazonia.fiocruz.br\/wp-content\/uploads\/2025\/06\/IMG_7881-2000x1333.jpg\" alt=\"\" class=\"wp-image-54669\" srcset=\"https:\/\/amazonia.fiocruz.br\/wp-content\/uploads\/2025\/06\/IMG_7881-2000x1333.jpg 2000w, https:\/\/amazonia.fiocruz.br\/wp-content\/uploads\/2025\/06\/IMG_7881-300x200.jpg 300w, https:\/\/amazonia.fiocruz.br\/wp-content\/uploads\/2025\/06\/IMG_7881-768x512.jpg 768w, https:\/\/amazonia.fiocruz.br\/wp-content\/uploads\/2025\/06\/IMG_7881-1536x1024.jpg 1536w, https:\/\/amazonia.fiocruz.br\/wp-content\/uploads\/2025\/06\/IMG_7881-2048x1365.jpg 2048w, https:\/\/amazonia.fiocruz.br\/wp-content\/uploads\/2025\/06\/IMG_7881-1500x1000.jpg 1500w, https:\/\/amazonia.fiocruz.br\/wp-content\/uploads\/2025\/06\/IMG_7881-705x470.jpg 705w\" sizes=\"(max-width: 2000px) 100vw, 2000px\" \/><\/figure>\n\n\n\n<p>Acompanhada da diretora da Fiocruz Amaz\u00f4nia, Stefanie Lopes, a coordenadora geral de Infraestrutura dos Campi, Ana Beatriz Cuzzatti, apresentou detalhes da execu\u00e7\u00e3o da obra, com destaque para os procedimentos iniciais de isolamento do terreno e o necess\u00e1rio fechamento do per\u00edmetro para o in\u00edcio dos trabalhos, a abertura frontal, integra\u00e7\u00e3o com sistemas de esgotamento sanit\u00e1rio, conclus\u00e3o do licenciamento e a assinatura de um novo termo aditivo com detalhes t\u00e9cnicos das atividades a serem executadas. De acordo com Ana Beatriz, com o t\u00e9rmino do processo de licenciamento, ser\u00e1 dada autoriza\u00e7\u00e3o para o in\u00edcio da licita\u00e7\u00e3o propriamente dita da obra.<\/p>\n\n\n\n<figure class=\"wp-block-image size-large\"><img decoding=\"async\" width=\"2000\" height=\"1333\" src=\"https:\/\/amazonia.fiocruz.br\/wp-content\/uploads\/2025\/06\/IMG_7906-2000x1333.jpg\" alt=\"\" class=\"wp-image-54670\" srcset=\"https:\/\/amazonia.fiocruz.br\/wp-content\/uploads\/2025\/06\/IMG_7906-2000x1333.jpg 2000w, https:\/\/amazonia.fiocruz.br\/wp-content\/uploads\/2025\/06\/IMG_7906-300x200.jpg 300w, https:\/\/amazonia.fiocruz.br\/wp-content\/uploads\/2025\/06\/IMG_7906-768x512.jpg 768w, https:\/\/amazonia.fiocruz.br\/wp-content\/uploads\/2025\/06\/IMG_7906-1536x1024.jpg 1536w, https:\/\/amazonia.fiocruz.br\/wp-content\/uploads\/2025\/06\/IMG_7906-2048x1365.jpg 2048w, https:\/\/amazonia.fiocruz.br\/wp-content\/uploads\/2025\/06\/IMG_7906-1500x1000.jpg 1500w, https:\/\/amazonia.fiocruz.br\/wp-content\/uploads\/2025\/06\/IMG_7906-705x470.jpg 705w\" sizes=\"(max-width: 2000px) 100vw, 2000px\" \/><\/figure>\n\n\n\n<p>A comitiva foi formada ainda pelo vice-diretor de Gest\u00e3o e Desenvolvimento Institucional da Fiocruz Amaz\u00f4nia, Aldemir Maquin\u00e9, o chefe de gabinete da Cogic\/Fiocruz, Jorge Pessanha, a chefe de gabinete do ILMD\/Fiocruz Amaz\u00f4nia, Helena Coutinho, e a chefe do Servi\u00e7o de Infraestrutura, Marcela Cidade. Jorge Pessanha destacou a import\u00e2ncia desse alinhamento das informa\u00e7\u00f5es a cada mudan\u00e7a de comando na corpora\u00e7\u00e3o. \u201cHav\u00edamos feito tratativas com o comandante do CMA anterior e buscamos essa aproxima\u00e7\u00e3o e alinhamento com o novo comando por entendermos ser de extrema import\u00e2ncia trazer informa\u00e7\u00f5es atuais sobre o projeto &nbsp;e n\u00e3o haver descontinuidade\u201d, afirmou Pessanha.<\/p>\n\n\n\n<p><em><strong>ILMD\/Fiocruz Amaz\u00f4nia, Por J\u00falio Pedrosa<\/strong><\/em><\/p>\n\n\n\n<p><em><strong>Fotos: J\u00falio Pedrosa<\/strong><\/em><\/p>\n\n\n\n<p><\/p>\n","protected":false},"excerpt":{"rendered":"<p>Foram repassadas ao novo Comando do CMA  informa\u00e7\u00f5es atualizadas acerca do andamento do projeto de constru\u00e7\u00e3o da nova sede da Fiocruz Amaz\u00f4nia, que ficar\u00e1 localizada no bairro S\u00e3o Jorge, Zona Oeste, em terreno doado pelo Ex\u00e9rcito Brasileiro<\/p>\n","protected":false},"author":60,"featured_media":54668,"comment_status":"closed","ping_status":"closed","sticky":false,"template":"","format":"image","meta":{"footnotes":""},"categories":[15],"tags":[1192],"class_list":["post-54667","post","type-post","status-publish","format-image","has-post-thumbnail","hentry","category-noticias","tag-fiocruz125anos-ilmdfiocruzamazonia","post_format-post-format-image"],"_links":{"self":[{"href":"https:\/\/amazonia.fiocruz.br\/index.php?rest_route=\/wp\/v2\/posts\/54667","targetHints":{"allow":["GET"]}}],"collection":[{"href":"https:\/\/amazonia.fiocruz.br\/index.php?rest_route=\/wp\/v2\/posts"}],"about":[{"href":"https:\/\/amazonia.fiocruz.br\/index.php?rest_route=\/wp\/v2\/types\/post"}],"author":[{"embeddable":true,"href":"https:\/\/amazonia.fiocruz.br\/index.php?rest_route=\/wp\/v2\/users\/60"}],"replies":[{"embeddable":true,"href":"https:\/\/amazonia.fiocruz.br\/index.php?rest_route=%2Fwp%2Fv2%2Fcomments&post=54667"}],"version-history":[{"count":2,"href":"https:\/\/amazonia.fiocruz.br\/index.php?rest_route=\/wp\/v2\/posts\/54667\/revisions"}],"predecessor-version":[{"id":54673,"href":"https:\/\/amazonia.fiocruz.br\/index.php?rest_route=\/wp\/v2\/posts\/54667\/revisions\/54673"}],"wp:featuredmedia":[{"embeddable":true,"href":"https:\/\/amazonia.fiocruz.br\/index.php?rest_route=\/wp\/v2\/media\/54668"}],"wp:attachment":[{"href":"https:\/\/amazonia.fiocruz.br\/index.php?rest_route=%2Fwp%2Fv2%2Fmedia&parent=54667"}],"wp:term":[{"taxonomy":"category","embeddable":true,"href":"https:\/\/amazonia.fiocruz.br\/index.php?rest_route=%2Fwp%2Fv2%2Fcategories&post=54667"},{"taxonomy":"post_tag","embeddable":true,"href":"https:\/\/amazonia.fiocruz.br\/index.php?rest_route=%2Fwp%2Fv2%2Ftags&post=54667"}],"curies":[{"name":"wp","href":"https:\/\/api.w.org\/{rel}","templated":true}]}}