{"id":54649,"date":"2025-06-02T10:14:35","date_gmt":"2025-06-02T14:14:35","guid":{"rendered":"https:\/\/amazonia.fiocruz.br\/?p=54649"},"modified":"2025-06-02T14:48:32","modified_gmt":"2025-06-02T18:48:32","slug":"22a-reuniao-anual-de-iniciacao-cientifica-da-fiocruz-amazonia-destacara-desafios-para-os-novos-cientistas","status":"publish","type":"post","link":"https:\/\/amazonia.fiocruz.br\/?p=54649","title":{"rendered":"22\u00aa Reuni\u00e3o Anual de Inicia\u00e7\u00e3o Cient\u00edfica da Fiocruz Amaz\u00f4nia destacar\u00e1 \u201cDesafios para os Novos Cientistas\u201d"},"content":{"rendered":"\n<p>Entre os dias 10 e 13\/6, o Instituto Le\u00f4nidas &amp; Maria Deane (ILMD\/Fiocruz Amaz\u00f4nia) realizar\u00e1 a 22\u00aa Reuni\u00e3o Anual de Inicia\u00e7\u00e3o Cient\u00edfica (Raic), no \u00e2mbito do Programa Institucional de Bolsas de Inicia\u00e7\u00e3o Cient\u00edfica (PIC) da Fiocruz Amaz\u00f4nia, com recursos da Funda\u00e7\u00e3o de Amparo \u00e0 Pesquisa do Estado do Amazonas (Fapeam) e do Conselho Nacional de Desenvolvimento Cient\u00edfico e Tecnol\u00f3gico (CNPq). A abertura do evento acontece na ter\u00e7a-feira, 10\/6, \u00e0s 8h, no Sal\u00e3o Canoas, audit\u00f3rio da Institui\u00e7\u00e3o.<\/p>\n\n\n\n<p>A Raic \u00e9 um evento que acontece anualmente em todas as unidades da Fiocruz. Durante a reuni\u00e3o, os bolsistas do PIC-ILMD\/Fiocruz Amaz\u00f4nia apresentam os resultados dos projetos desenvolvidos no per\u00edodo de vig\u00eancia do Programa, por meio da exposi\u00e7\u00e3o e discuss\u00e3o de seus trabalhos, para avalia\u00e7\u00e3o dos projetos e interc\u00e2mbio de experi\u00eancias entre estudantes, pesquisadores e demais profissionais.<\/p>\n\n\n\n<p>Para o coordenador do Programa no ILMD\/ Fiocruz Amaz\u00f4nia, Yury Chaves, o evento representa uma vitrine, que possibilita mostrar as pesquisas desenvolvidas por estes jovens pesquisadores, no \u00e2mbito institucional. \u201cA expectativa que a coordena\u00e7\u00e3o tem hoje \u00e9 de termos apresenta\u00e7\u00f5es de trabalhos com alto n\u00edvel de relev\u00e2ncia, dentro do contexto amaz\u00f4nico, mostrando todo o potencial que a pesquisa da Fiocruz Amaz\u00f4nia vem desenvolvendo, com esses alunos de inicia\u00e7\u00e3o cient\u00edfica\u201d, explica.<\/p>\n\n\n\n<p><a href=\"https:\/\/amazonia.fiocruz.br\/wp-content\/uploads\/2025\/06\/RAIC-2025-PROVOC-Programacao-1.pdf\" data-type=\"link\" data-id=\"https:\/\/amazonia.fiocruz.br\/wp-content\/uploads\/2025\/06\/RAIC-2025-PROVOC-Programacao-1.pdf\" target=\"_blank\" rel=\"noreferrer noopener\">Confira AQUI a programa\u00e7\u00e3o<\/a>.<\/p>\n\n\n\n<p>Essa experi\u00eancia refor\u00e7a a import\u00e2ncia da inicia\u00e7\u00e3o cient\u00edfica na constru\u00e7\u00e3o do conhecimento e incentiva os jovens pesquisadores a prosseguirem nas carreiras acad\u00eamicas. Durante os quatro dias de Raic, ser\u00e3o apresentados 47 trabalhos de graduandos de diferentes Institui\u00e7\u00f5es de Ensino de Manaus, divididos nas seguintes sess\u00f5es tem\u00e1ticas: Microbiologia, Bioqu\u00edmica, Biotecnologia e Bioprospec\u00e7\u00e3o, Parasitologia e Imunologia, Entomologia, Sa\u00fade Coletiva e Epidemiologia.<\/p>\n\n\n\n<p>Dentro da programa\u00e7\u00e3o, tamb\u00e9m ser\u00e1 realizada a III Jornada de Inicia\u00e7\u00e3o Cient\u00edfica do Programa de Voca\u00e7\u00e3o Cient\u00edfica (PROVOC). Nesta edi\u00e7\u00e3o, os alunos e ex-alunos de inicia\u00e7\u00e3o cient\u00edfica que se destacaram Isabele Rodrigues Praxedes, Kamila Pereira de Araujo e Peterson Carvalhal Sousa atuar\u00e3o como avaliadores dos trabalhos na modalidade PROVOC Avan\u00e7ado. Essa iniciativa refor\u00e7a o compromisso do programa com a valoriza\u00e7\u00e3o e o reconhecimento dos nossos jovens talentos, destacando o papel essencial dos alunos de inicia\u00e7\u00e3o cient\u00edfica como futuros pesquisadores<\/p>\n\n\n\n<p><strong>PAINEL DE ABERTURA<\/strong><\/p>\n\n\n\n<p>Com o tema \u201cInicia\u00e7\u00e3o Cient\u00edfica na Amaz\u00f4nia: Desafios para os Novos Cientistas\u201d, a palestra de abertura ser\u00e1 apresentada pela Professora e Doutora K\u00e1tia Luz Torres Silva, Diretora de Ensino e pesquisa da Funda\u00e7\u00e3o Centro de Controle de Oncologia do Amazonas (FCECON). O objetivo \u00e9 promover uma reflex\u00e3o sobre os caminhos da forma\u00e7\u00e3o cient\u00edfica em um territ\u00f3rio de enormes riquezas biol\u00f3gicas e sociais, mas tamb\u00e9m de profundas desigualdades estruturais.<\/p>\n\n\n\n<p>Na oportunidade, K\u00e1tia trar\u00e1 relatos inspiradores de sua atua\u00e7\u00e3o como docente, coordenadora de projetos estrat\u00e9gicos e articuladora de redes de pesquisa no Amazonas, al\u00e9m de sua experi\u00eancia em gest\u00e3o acad\u00eamica e cient\u00edfica na Funda\u00e7\u00e3o CECON e no Conselho Superior da FAPEAM. Ser\u00e3o discutidos os desafios enfrentados por jovens pesquisadores na regi\u00e3o \u2013 desde o acesso a financiamento, infraestrutura e orienta\u00e7\u00e3o qualificada, at\u00e9 as exig\u00eancias de atua\u00e7\u00e3o \u00e9tica, interdisciplinar e voltada para problemas de sa\u00fade p\u00fablica e ambientais locais.<\/p>\n\n\n\n<p>A palestra convidar\u00e1 estudantes e bolsistas a refletirem sobre o papel transformador da inicia\u00e7\u00e3o cient\u00edfica, especialmente quando enraizada nas especificidades da Amaz\u00f4nia, e os incentivar\u00e1 a assumir a ci\u00eancia como instrumento de compromisso social, inova\u00e7\u00e3o e resist\u00eancia.<\/p>\n\n\n\n<p>K\u00e1tia \u00e9 Doutora em Doen\u00e7as Infecciosas e Parasit\u00e1rias pela Faculdade de Medicina da (USP-SP), Mestra em Biologia Parasit\u00e1ria pela Funda\u00e7\u00e3o Oswaldo Cruz (Fiocruz), Especialista em epidemiologia pela Fiocruz, Graduada em Farm\u00e1cia e habilita\u00e7\u00e3o em an\u00e1lises cl\u00ednicas pela Universidade Federal do Amazonas (UFAM).<\/p>\n\n\n\n<p>Desde 2011 \u00e9 Diretora de ensino e pesquisa da Funda\u00e7\u00e3o Centro de Controle de Oncologia do Amazonas (CECON) e membro do Comit\u00ea de \u00e9tica em Pesquisa em seres Humanos da Funda\u00e7\u00e3o CECON. \u00c9 docente do programa de p\u00f3s-gradua\u00e7\u00e3o em Imunologia b\u00e1sica e aplicada da Universidade Federal do Amazonas. Tem experi\u00eancia na \u00e1rea de Bioqu\u00edmica, com \u00eanfase em Biologia Molecular, atuando principalmente nos seguintes temas: tecnologia molecular, epidemiologia molecular do HPV, oncog\u00eanese, rastreio do c\u00e2ncer de colo de \u00fatero, c\u00e2ncer de p\u00eanis, c\u00e2ncer de cavidade oral e orofaringe.<\/p>\n\n\n\n<p>Desde 2019 \u00e9 membro do Conselho Superior da Funda\u00e7\u00e3o de Amparo \u00e0 Pesquisa do Estado do Amazonas &#8211; FAPEAM. \u00c9 coordenadora de projetos financiados pela FAPEAM: Rede gen\u00f4mica de vigil\u00e2ncia em sa\u00fade: Otimiza\u00e7\u00e3o da assist\u00eancia e pesquisa no Estado do Amazonas (PRO-ESTADO), PPSUS, UNIVERSAL, PAIC. \u00c9 tamb\u00e9m investigadora local do estudo internacional MARCO (Manejo do risco do c\u00e2ncer de colo de \u00fatero: Avalia\u00e7\u00e3o de novas estrat\u00e9gias de rastreio.<\/p>\n\n\n\n<p><strong>SOBRE O PIC<\/strong><\/p>\n\n\n\n<p>O Programa de Inicia\u00e7\u00e3o Cient\u00edfica da Fiocruz Amaz\u00f4nia tem como objetivos despertar a voca\u00e7\u00e3o cient\u00edfica e incentivar novos talentos potenciais entre estudantes de gradua\u00e7\u00e3o; contribuir para a forma\u00e7\u00e3o de recursos humanos para a pesquisa e inova\u00e7\u00e3o tecnol\u00f3gica nos Determinantes Socioculturais, Ambientais e Biol\u00f3gicos do Processo Sa\u00fade-Doen\u00e7a-Cuidado para a melhoria das condi\u00e7\u00f5es sociossanit\u00e1rias na Amaz\u00f4nia;&nbsp; estimular pesquisadores produtivos a envolverem estudantes de gradua\u00e7\u00e3o em suas atividades cient\u00edficas, tecnol\u00f3gicas e profissionais; e proporcionar ao bolsista, orientado por pesquisador qualificado, a aprendizagem de t\u00e9cnicas e m\u00e9todos de pesquisa, bem como estimular o desenvolvimento do pensamento cient\u00edfico e da criatividade, decorrentes das condi\u00e7\u00f5es criadas pelo confronto direto com os problemas estudados ou alvo da pesquisa.<\/p>\n\n\n\n<p><strong>PREMIA\u00c7\u00c3O<\/strong><\/p>\n\n\n\n<p>Os projetos que se destacarem durante a 22\u00aa Raic, recebem premia\u00e7\u00e3o, sendo um em cada categoria. A premia\u00e7\u00e3o destaca anualmente projetos desenvolvidos por estudantes que integram o Programa Institucional de Bolsas de Inicia\u00e7\u00e3o Cient\u00edfica (PIC) da Fiocruz Amaz\u00f4nia. Os bolsistas s\u00e3o avaliados por relat\u00f3rios submetidos a uma banca de especialistas de diversas institui\u00e7\u00f5es do Estado e nacionais, de acordo com a tem\u00e1tica.<\/p>\n\n\n\n<p><em>ILMD \/ Fiocruz Amaz\u00f4nia, Por Eduardo Gomes<\/em><\/p>\n\n\n\n<p><em>Imagem: Mackesy Nascimento<\/em><\/p>\n","protected":false},"excerpt":{"rendered":"<p>A abertura do evento acontece na ter\u00e7a-feira, 10\/6, \u00e0s 8h, no Sal\u00e3o Canoas, audit\u00f3rio da Institui\u00e7\u00e3o.<\/p>\n","protected":false},"author":20,"featured_media":54650,"comment_status":"closed","ping_status":"closed","sticky":false,"template":"","format":"image","meta":{"footnotes":""},"categories":[15],"tags":[136,120,256,583],"class_list":["post-54649","post","type-post","status-publish","format-image","has-post-thumbnail","hentry","category-noticias","tag-fiocruz","tag-fiocruz-amazonia","tag-iniciacao-cientifica","tag-raic","post_format-post-format-image"],"_links":{"self":[{"href":"https:\/\/amazonia.fiocruz.br\/index.php?rest_route=\/wp\/v2\/posts\/54649","targetHints":{"allow":["GET"]}}],"collection":[{"href":"https:\/\/amazonia.fiocruz.br\/index.php?rest_route=\/wp\/v2\/posts"}],"about":[{"href":"https:\/\/amazonia.fiocruz.br\/index.php?rest_route=\/wp\/v2\/types\/post"}],"author":[{"embeddable":true,"href":"https:\/\/amazonia.fiocruz.br\/index.php?rest_route=\/wp\/v2\/users\/20"}],"replies":[{"embeddable":true,"href":"https:\/\/amazonia.fiocruz.br\/index.php?rest_route=%2Fwp%2Fv2%2Fcomments&post=54649"}],"version-history":[{"count":4,"href":"https:\/\/amazonia.fiocruz.br\/index.php?rest_route=\/wp\/v2\/posts\/54649\/revisions"}],"predecessor-version":[{"id":54658,"href":"https:\/\/amazonia.fiocruz.br\/index.php?rest_route=\/wp\/v2\/posts\/54649\/revisions\/54658"}],"wp:featuredmedia":[{"embeddable":true,"href":"https:\/\/amazonia.fiocruz.br\/index.php?rest_route=\/wp\/v2\/media\/54650"}],"wp:attachment":[{"href":"https:\/\/amazonia.fiocruz.br\/index.php?rest_route=%2Fwp%2Fv2%2Fmedia&parent=54649"}],"wp:term":[{"taxonomy":"category","embeddable":true,"href":"https:\/\/amazonia.fiocruz.br\/index.php?rest_route=%2Fwp%2Fv2%2Fcategories&post=54649"},{"taxonomy":"post_tag","embeddable":true,"href":"https:\/\/amazonia.fiocruz.br\/index.php?rest_route=%2Fwp%2Fv2%2Ftags&post=54649"}],"curies":[{"name":"wp","href":"https:\/\/api.w.org\/{rel}","templated":true}]}}