{"id":54474,"date":"2025-05-20T08:42:36","date_gmt":"2025-05-20T12:42:36","guid":{"rendered":"https:\/\/amazonia.fiocruz.br\/?p=54474"},"modified":"2025-05-20T08:42:38","modified_gmt":"2025-05-20T12:42:38","slug":"comitiva-da-fiocruz-participa-de-workshop-na-universidade-de-munster-na-alemanha-e-fortalece-construcao-de-parceria-com-a-instituicao","status":"publish","type":"post","link":"https:\/\/amazonia.fiocruz.br\/?p=54474","title":{"rendered":"Comitiva da Fiocruz participa de workshop na Universidade de M\u00fcnster, na Alemanha, e fortalece constru\u00e7\u00e3o de parceria com a institui\u00e7\u00e3o"},"content":{"rendered":"\n<p>Uma comitiva da Funda\u00e7\u00e3o Oswaldo Cruz (Fiocruz), formada por representantes das Vice-Presid\u00eancias de Pesquisa e Cole\u00e7\u00f5es Biol\u00f3gicas (VPPCB), Instituto Oswaldo Cruz (IOC), Instituto Le\u00f4nidas &amp; Maria Deane (ILMD\/Fiocruz Amaz\u00f4nia) e Comiss\u00e3o Geral de Educa\u00e7\u00e3o da Vice-Presid\u00eancia de Educa\u00e7\u00e3o, Informa\u00e7\u00e3o e Comunica\u00e7\u00e3o. (CGE-VPEIC), participou na Universidade de Munster, na Alemanha, entre os dias 14 e 16\/05, de um conjunto de atividades, entre reuni\u00f5es, apresenta\u00e7\u00f5es e visitas,&nbsp;como parte da programa\u00e7\u00e3o do&nbsp;Workshop &#8220;Fiocruz-M\u00fcnster research alliance for infectious disease preparedness&#8221;. O evento \u00e9 o segundo, realizado em parceria entre as duas institui\u00e7\u00f5es, a partir do memorando de entendimento firmado em fevereiro deste ano, entre a Vice-Presid\u00eancia de Pesquisa e Cole\u00e7\u00f5es Biol\u00f3gicas (VPPCB), da Fiocruz, e a Reitoria da institui\u00e7\u00e3o alem\u00e3.<\/p>\n\n\n\n<p>A delega\u00e7\u00e3o da Fiocruz foi formada por Marcelo Pelajo Machado (VPPCB), Vinicius Cotta (CGE\/VPEIC), Pritesh Lalwani (ILMD\/Fiocruz Amaz\u00f4nia), Aline Matos (IOC), Rafael Freitas (IOC), Thiago Moreno (CDTS; \u201conline\u201d). O evento teve como temas Modelagem de doen\u00e7as infecciosas; Plataformas e estrat\u00e9gias de pesquisas na perspectiva de One Health, V\u00edrus Respirat\u00f3rios (influenza, SARS-CoV-2, V\u00edrus Sincicial Respirat\u00f3rio, Papilomav\u00edrus Humano, Terapias antivirais); Inflama\u00e7\u00e3o e terapias em doen\u00e7as inflamat\u00f3rias e c\u00e2ncer. \u201cHouve um conjunto de atividades apresenta\u00e7\u00f5es, discuss\u00f5es, visitas a universidade e \u00e0 pr\u00f3pria cidade, em mais um passo dentro de um conjunto de iniciativas para a conjun\u00e7\u00e3o e o fortalecimento da constru\u00e7\u00e3o institucional de uma parceria entre a Fiocruz e a Universidade de M\u00fcnster\u201d, assegura o coordenador-adjunto da Educa\u00e7\u00e3o Internacional da VPEIC, Vin\u00edcius Cotta.<\/p>\n\n\n\n<p>Segundo Cotta, essa parceria vem se consolidando desde 2023, a partir de um conjunto de iniciativas e atividades, iniciadas com a visita do reitor da Universidade de M\u00fcnster, Johannes Wessels, \u00e0 sede da Fiocruz, no Rio de Janeiro, e a assinatura do memorando de entendimento, que previa, al\u00e9m de um conjunto de semin\u00e1rios, a constru\u00e7\u00e3o de um primeiro projeto financiado pelo Minist\u00e9rio da Educa\u00e7\u00e3o e Pesquisa da Alemanha e coordenado por pesquisadores do Centro Brasil da universidade. &nbsp;\u201cA partir desse projeto, foram montados dois workshops, um no Brasil, em dezembro de 2024, no Rio de Janeiro, e esse agora com a miss\u00e3o da Fiocruz a M\u00fcnster, com a presen\u00e7a de pesquisadores da Fiocruz, sendo um on line, que n\u00e3o pode estar presente\u201d, explica.<\/p>\n\n\n\n<p>Dentre as atividades programadas para M\u00fcnster, foram realizadas, no primeiro dia, visitas ao Hospital Universit\u00e1rio da Faculdade de Medicina, ao Instituto de Virologia e Centro de Modelagem de Doen\u00e7as Infecciosas. Houve tamb\u00e9m encontros com coordenadores dos centros de Imagem e de Nanotecnologia, e o in\u00edcio do workshop propriamente dito com apresenta\u00e7\u00f5es e discuss\u00f5es sobre t\u00f3picos de relev\u00e2ncia global, principalmente relacionados com v\u00edrus respirat\u00f3rios (influenza, SARS-CoV-2, Papiloma v\u00edrus), terapias antivirais na \u00e1rea de infama\u00e7\u00e3o e imunobiologia, terapias em doen\u00e7as inflamat\u00f3rias e autoimunes e em c\u00e2ncer. O segundo dia terminou com uma visita guiada a exposi\u00e7\u00e3o do Museu de Hist\u00f3ria Natural sobre o tema Genes, mostrando toda a evolu\u00e7\u00e3o hist\u00f3rica da Gen\u00e9tica, suas grandes descobertas e aplica\u00e7\u00f5es atuais.<\/p>\n\n\n\n<p>No terceiro dia, a delega\u00e7\u00e3o da Fiocruz foi recebida pelo reitor Johannes Wessels e participou da cerim\u00f4nia de celebra\u00e7\u00e3o dos 100 anos da Faculdade de Medicina da Universidade de M\u00fcnster. Em seguida, foi recebida no Brazil Center de M\u00fcnster para uma visita guiada espec\u00edfica ao centro hist\u00f3rico da universidade, numa intera\u00e7\u00e3o cultural de conhecimento da hist\u00f3ria da organiza\u00e7\u00e3o da cidade de Munster &nbsp;&nbsp;<\/p>\n\n\n\n<p>A coordena\u00e7\u00e3o da visita ficou a cargo do diretor do Instituto de Virologia, Stephan Ludwig, coordenador da Plataforma de One Health, e do diretor cient\u00edfico do Brazil Center M\u00fcnster, Bernd Hellingrath.<\/p>\n\n\n\n<p><strong>SOBRE A UNIVERSIDADE<\/strong><\/p>\n\n\n\n<p>Com mais de 44.000 estudantes a Universidade de M\u00fcnster&nbsp;\u00e9 uma das maiores universidades na Alemanha. Sua ampla oferta de estudos e\u202fa variedade de linhas de pesquisa, assim como a atmosfera e a qualidade de vida da cidade de M\u00fcnster, fazem dela um ponto de atra\u00e7\u00e3o para estudantes e cientistas nacionais e internacionais. Ao contr\u00e1rio dos modernos&nbsp;campi&nbsp;universit\u00e1rios, a Universidade de M\u00fcnster&nbsp;se desenvolveu ao longo de seus dois s\u00e9culos de hist\u00f3ria. Os institutos e departamentos est\u00e3o distribu\u00eddos por mais de 200 edif\u00edcios espalhados por toda a cidade. Possui 280 cursos de gradua\u00e7\u00e3o, 15 faculdades, 44.400 estudantes, 7.600 alunos formados em 2020, quase 600 c\u00e1tedras, 4.870 colaboradores cient\u00edficos, mais de 35 cursos de doutorado estruturados com financiamento pr\u00f3prio e externo, cerca de 50 centros e grupos de pesquisa coordenados com financiamento da DFG e 10 com fomento da Uni\u00e3o Europeia, 2 clusters de excel\u00eancia.&nbsp;<\/p>\n\n\n\n<p><em>I<strong>LMD\/Fiocruz Amaz\u00f4nia, por J\u00falio Pedrosa<\/strong><\/em><\/p>\n\n\n\n<p><em><strong>Fotos: Divulga\u00e7\u00e3o \/ Fiocruz Amaz\u00f4nia<\/strong><\/em><\/p>\n","protected":false},"excerpt":{"rendered":"<p>Parceria vem se consolidando desde 2023, a partir de um conjunto de iniciativas e atividades, iniciadas com a visita do reitor da Universidade de M\u00fcnster, Johannes Wessels, \u00e0 sede da Fiocruz (RJ). Fiocruz Amaz\u00f4nia integrou a miss\u00e3o<\/p>\n","protected":false},"author":60,"featured_media":54475,"comment_status":"closed","ping_status":"closed","sticky":false,"template":"","format":"image","meta":{"footnotes":""},"categories":[15],"tags":[],"class_list":["post-54474","post","type-post","status-publish","format-image","has-post-thumbnail","hentry","category-noticias","post_format-post-format-image"],"_links":{"self":[{"href":"https:\/\/amazonia.fiocruz.br\/index.php?rest_route=\/wp\/v2\/posts\/54474","targetHints":{"allow":["GET"]}}],"collection":[{"href":"https:\/\/amazonia.fiocruz.br\/index.php?rest_route=\/wp\/v2\/posts"}],"about":[{"href":"https:\/\/amazonia.fiocruz.br\/index.php?rest_route=\/wp\/v2\/types\/post"}],"author":[{"embeddable":true,"href":"https:\/\/amazonia.fiocruz.br\/index.php?rest_route=\/wp\/v2\/users\/60"}],"replies":[{"embeddable":true,"href":"https:\/\/amazonia.fiocruz.br\/index.php?rest_route=%2Fwp%2Fv2%2Fcomments&post=54474"}],"version-history":[{"count":1,"href":"https:\/\/amazonia.fiocruz.br\/index.php?rest_route=\/wp\/v2\/posts\/54474\/revisions"}],"predecessor-version":[{"id":54476,"href":"https:\/\/amazonia.fiocruz.br\/index.php?rest_route=\/wp\/v2\/posts\/54474\/revisions\/54476"}],"wp:featuredmedia":[{"embeddable":true,"href":"https:\/\/amazonia.fiocruz.br\/index.php?rest_route=\/wp\/v2\/media\/54475"}],"wp:attachment":[{"href":"https:\/\/amazonia.fiocruz.br\/index.php?rest_route=%2Fwp%2Fv2%2Fmedia&parent=54474"}],"wp:term":[{"taxonomy":"category","embeddable":true,"href":"https:\/\/amazonia.fiocruz.br\/index.php?rest_route=%2Fwp%2Fv2%2Fcategories&post=54474"},{"taxonomy":"post_tag","embeddable":true,"href":"https:\/\/amazonia.fiocruz.br\/index.php?rest_route=%2Fwp%2Fv2%2Ftags&post=54474"}],"curies":[{"name":"wp","href":"https:\/\/api.w.org\/{rel}","templated":true}]}}