{"id":54428,"date":"2025-05-16T12:07:54","date_gmt":"2025-05-16T16:07:54","guid":{"rendered":"https:\/\/amazonia.fiocruz.br\/?p=54428"},"modified":"2025-05-16T12:52:07","modified_gmt":"2025-05-16T16:52:07","slug":"fiocruz-amazonia-realiza-palestra-sobre-o-tema-disseccao-a-laser-para-o-estudo-da-ecologia-de-doencas-transmissiveis-na-amazonia","status":"publish","type":"post","link":"https:\/\/amazonia.fiocruz.br\/?p=54428","title":{"rendered":"Fiocruz Amaz\u00f4nia realiza palestra sobre o tema \u201cDissec\u00e7\u00e3o a laser para o estudo da Ecologia de Doen\u00e7as Transmiss\u00edveis na Amaz\u00f4nia\u201d \u00a0"},"content":{"rendered":"\n<p style=\"text-align: justify;\">O Centro de Estudos do Instituto Le\u00f4nidas &amp; Maria Deane (ILMD\/Fiocruz Amaz\u00f4nia) realizar\u00e1, no pr\u00f3ximo dia 23\/05, a palestra intitulada \u201cDissec\u00e7\u00e3o a laser para o estudo da Ecologia de Doen\u00e7as Transmiss\u00edveis na Amaz\u00f4nia e muito mais\u201d, a ser ministrada pela bi\u00f3loga-doutora em Biodiversidade e Sa\u00fade pelo Instituto Oswaldo Cruz (IOC), Emanuelle de Souza Farias, integrante do grupo de Pesquisa do Laborat\u00f3rio de Ecologia de Doen\u00e7as Transmiss\u00edveis na Amaz\u00f4nia (EDTA) e da rede de compartilhamento de dados e informa\u00e7\u00f5es sobre diversidade de \u00e1rvores na Amaz\u00f4nia da Amazon Tree Diversity Network (ATDN).<\/p>\n<p style=\"text-align: justify;\">\n\n\n\n<\/p>\n<p style=\"text-align: justify;\">O evento ser\u00e1 transmitido via plataforma Zoom, pelo link <a href=\"https:\/\/us06web.zoom.us\/j\/81203723745?pwd=Hd6B2nndmru0sA8wYbWM33AlIGCmN1.1\">https:\/\/us06web.zoom.us\/j\/81203723745?pwd=Hd6B2nndmru0sA8wYbWM33AlIGCmN1.1<\/a> (ID da Reuni\u00e3o: 812 0372 3745 e Senha de acesso: 004331), e ter\u00e1 como moderador o pesquisador da Fiocruz Amaz\u00f4nia James Lee, chefe do Laborat\u00f3rio Ecologia das Doen\u00e7as Transmiss\u00edveis na Amaz\u00f4nia (EDTA).<\/p>\n<p style=\"text-align: justify;\">\n\n\n\n<\/p>\n<p style=\"text-align: justify;\">De acordo com Emanuelle Farias, a dissec\u00e7\u00e3o a laser, ou microdissec\u00e7\u00e3o por captura a laser (LCM), tem se mostrado uma ferramenta essencial para o estudo de doen\u00e7as transmiss\u00edveis na Amaz\u00f4nia, regi\u00e3o marcada por alta biodiversidade e complexidade ecol\u00f3gica. Segundo ela, a t\u00e9cnica permite a coleta precisa e livre de contamina\u00e7\u00e3o de c\u00e9lulas ou tecidos espec\u00edficos, o que \u00e9 fundamental para identificar agentes infecciosos e estudar a intera\u00e7\u00e3o entre pat\u00f3genos, vetores e hospedeiros em n\u00edvel molecular.<\/p>\n<p style=\"text-align: justify;\">\n\n\n\n<\/p>\n<p style=\"text-align: justify;\">\u2018No contexto amaz\u00f4nico, onde doen\u00e7as como mansonelose, mal\u00e1ria, leishmaniose, febre amarela e arboviroses s\u00e3o end\u00eamicas, a LCM possibilita an\u00e1lises detalhadas de amostras biol\u00f3gicas obtidas de insetos vetores, agentes etiol\u00f3gicos, animais silvestres e humanos. Isso pode contribuir para o mapeamento de padr\u00f5es de infec\u00e7\u00e3o, a caracteriza\u00e7\u00e3o de mecanismos de patogenicidade e a identifica\u00e7\u00e3o de poss\u00edveis alvos terap\u00eauticos ou estrat\u00e9gias de controle\u201d, explana a pesquisadora, ressaltando que a dissec\u00e7\u00e3o a laser \u00e9 uma aliada poderosa na pesquisa em sa\u00fade p\u00fablica na regi\u00e3o, permitindo avan\u00e7os no entendimento e no enfrentamento de doen\u00e7as transmiss\u00edveis em um dos biomas mais vulner\u00e1veis e estrat\u00e9gicos do planeta.<\/p>\n<p style=\"text-align: justify;\">\n\n\n\n<\/p>\n<p style=\"text-align: justify;\">A palestrante destaca tamb\u00e9m que a t\u00e9cnica \u00e9 \u00fatil para entender como o desmatamento e outras altera\u00e7\u00f5es ambientais influenciam a ecologia das doen\u00e7as, permitindo a an\u00e1lise de tecidos afetados por agentes infecciosos em diferentes contextos ecol\u00f3gicos. \u201cNo entanto, a efic\u00e1cia da LCM depende da boa preserva\u00e7\u00e3o das amostras e de protocolos laboratoriais bem otimizados, o que pode ser um desafio em \u00e1reas remotas da Amaz\u00f4nia\u201d, observa.<\/p>\n<p style=\"text-align: justify;\">\n\n\n\n<\/p>\n<p style=\"text-align: justify;\"><strong>SOBRE A PALESTRANTE<\/strong><\/p>\n<p style=\"text-align: justify;\">\n\n\n\n<\/p>\n<p style=\"text-align: justify;\">Emanuelle Farias \u00e9 Doutora em Biodiversidade e Sa\u00fade pelo Instituto Oswaldo Cruz &#8211; IOC\/FIOCRUZ\/RJ; Mestre em Sa\u00fade, Sociedade e Endemias na Amaz\u00f4nia pela Universidade Federal do Amazonas (UFAM), em conv\u00eanio com o Instituto Le\u00f4nidas &amp; Maria Deane (ILMD\/Fiocruz Amaz\u00f4nia). Especialista em Gest\u00e3o Ambiental pela Universidade do Estado do Amazonas, ela \u00e9 graduada em Ci\u00eancias Biol\u00f3gicas pela Escola Superior Batista do Amazonas, atuando principalmente em Taxonomia integrativa, Ecologia, estudos gen\u00e9ticos de vetores (Diptera), intera\u00e7\u00e3o pat\u00f3geno-hospedeiro, bem como estudos de impacto ambiental, ecologia, biodiversidade amaz\u00f4nica e manejo de animais silvestres. Atualmente pesquisadora, respons\u00e1vel T\u00e9cnico da plataforma de microscopia de dissec\u00e7\u00e3o a laser do ILMD\/Fiocruz Amaz\u00f4nia.<\/p>\n<p style=\"text-align: justify;\">\n\n\n\n<\/p>\n<p style=\"text-align: justify;\"><strong>SOBRE O CENTRO DE ESTUDOS<\/strong><\/p>\n<p style=\"text-align: justify;\">\n\n\n<p style=\"text-align: justify;\">O Centro de Estudos do ILMD\/Fiocruz Amaz\u00f4nia \u00e9 um n\u00facleo que oportuniza encontros, palestras, semin\u00e1rios e debates sobre diversos temas ligados \u00e0 pesquisa e ao ensino para a promo\u00e7\u00e3o da sa\u00fade. Os eventos s\u00e3o gratuitos e ocorrem \u00e0s sextas-feiras. As atividades s\u00e3o destinadas a estudantes de gradua\u00e7\u00e3o e p\u00f3s-gradua\u00e7\u00e3o, pesquisadores, professores e trabalhadores da \u00e1rea da Sa\u00fade.<\/p>\n<p><em><strong>ILMD\/Fiocruz Amaz\u00f4nia, Por J\u00falio Pedrosa<\/strong><\/em><\/p>\n<p><em><strong>Imagem: Mackesy Nascimento<\/strong><\/em><\/p>","protected":false},"excerpt":{"rendered":"<p>Centro de Estudos acontecer\u00e1 no dia 23\/05 e ter\u00e1 como foco o uso da t\u00e9cnica dissec\u00e7\u00e3o a laser ou microdissec\u00e7\u00e3o por captura a laser como ferramenta para o estudo de doen\u00e7as transmiss\u00edveis na Amaz\u00f4nia<\/p>\n","protected":false},"author":60,"featured_media":54429,"comment_status":"closed","ping_status":"closed","sticky":false,"template":"","format":"image","meta":{"footnotes":""},"categories":[15],"tags":[],"class_list":["post-54428","post","type-post","status-publish","format-image","has-post-thumbnail","hentry","category-noticias","post_format-post-format-image"],"_links":{"self":[{"href":"https:\/\/amazonia.fiocruz.br\/index.php?rest_route=\/wp\/v2\/posts\/54428","targetHints":{"allow":["GET"]}}],"collection":[{"href":"https:\/\/amazonia.fiocruz.br\/index.php?rest_route=\/wp\/v2\/posts"}],"about":[{"href":"https:\/\/amazonia.fiocruz.br\/index.php?rest_route=\/wp\/v2\/types\/post"}],"author":[{"embeddable":true,"href":"https:\/\/amazonia.fiocruz.br\/index.php?rest_route=\/wp\/v2\/users\/60"}],"replies":[{"embeddable":true,"href":"https:\/\/amazonia.fiocruz.br\/index.php?rest_route=%2Fwp%2Fv2%2Fcomments&post=54428"}],"version-history":[{"count":3,"href":"https:\/\/amazonia.fiocruz.br\/index.php?rest_route=\/wp\/v2\/posts\/54428\/revisions"}],"predecessor-version":[{"id":54433,"href":"https:\/\/amazonia.fiocruz.br\/index.php?rest_route=\/wp\/v2\/posts\/54428\/revisions\/54433"}],"wp:featuredmedia":[{"embeddable":true,"href":"https:\/\/amazonia.fiocruz.br\/index.php?rest_route=\/wp\/v2\/media\/54429"}],"wp:attachment":[{"href":"https:\/\/amazonia.fiocruz.br\/index.php?rest_route=%2Fwp%2Fv2%2Fmedia&parent=54428"}],"wp:term":[{"taxonomy":"category","embeddable":true,"href":"https:\/\/amazonia.fiocruz.br\/index.php?rest_route=%2Fwp%2Fv2%2Fcategories&post=54428"},{"taxonomy":"post_tag","embeddable":true,"href":"https:\/\/amazonia.fiocruz.br\/index.php?rest_route=%2Fwp%2Fv2%2Ftags&post=54428"}],"curies":[{"name":"wp","href":"https:\/\/api.w.org\/{rel}","templated":true}]}}