{"id":53994,"date":"2025-04-07T09:50:31","date_gmt":"2025-04-07T13:50:31","guid":{"rendered":"https:\/\/amazonia.fiocruz.br\/?p=53994"},"modified":"2025-04-07T09:50:32","modified_gmt":"2025-04-07T13:50:32","slug":"centro-de-estudos-aborda-o-tema-emergencia-climatica-e-saude-em-um-contexto-de-policrises-perspectivas-de-comunidades-vulneraveis","status":"publish","type":"post","link":"https:\/\/amazonia.fiocruz.br\/?p=53994","title":{"rendered":"<strong>Centro de Estudos aborda o tema \u201cEmerg\u00eancia clim\u00e1tica e sa\u00fade em um contexto de policrises: perspectivas de comunidades vulner\u00e1veis\u201d<\/strong>"},"content":{"rendered":"<section class=\"av_textblock_section \"  itemscope=\"itemscope\" itemtype=\"https:\/\/schema.org\/BlogPosting\" itemprop=\"blogPost\" ><div class='avia_textblock  '   itemprop=\"text\" ><p style=\"text-align: justify;\">O Instituto Le\u00f4nidas e Maria Deane (ILMD\/Fiocruz Amaz\u00f4nia) promover\u00e1 na sexta-feira, 11\/04, o primeiro Centro de Estudos de 2025, com a palestra intitulada \u201cEmerg\u00eancia clim\u00e1tica e sa\u00fade em um contexto de policrises: perspectivas de comunidades vulner\u00e1veis\u201d, a ser ministrada pelo bi\u00f3logo e pesquisador visitante Fiocruz Amaz\u00f4nia, Leandro Giatti, professor associado do Departamento de Sa\u00fade Ambiental da Faculdade de Sa\u00fade P\u00fablica da Universidade de S\u00e3o Paulo (USP).<\/p>\n<p style=\"text-align: justify;\">O evento ser\u00e1 transmitido via plataforma Zoom, pelo link: <a href=\"https:\/\/us06web.zoom.us\/j\/85193070110?pwd=DOeJ5AblhVZUaHnu9qip9ABPyYMpQZ.1\">https:\/\/us06web.zoom.us\/j\/85193070110?pwd=DOeJ5AblhVZUaHnu9qip9ABPyYMpQZ.1<\/a> (ID da Reuni\u00e3o: 851 9307 0110 e Senha de acesso: 088496) e ter\u00e1 como moderadora a psic\u00f3loga Priscila Santana, assessora da Vice-Diretoria de Pesquisa e Inova\u00e7\u00e3o do ILMD\/Fiocruz Amaz\u00f4nia.<\/p>\n<p style=\"text-align: justify;\">De acordo com Giatti, a constata\u00e7\u00e3o da emerg\u00eancia clim\u00e1tica j\u00e1 se torna reconhec\u00edvel para grande parte da sociedade diante do que se verifica em termos de frequ\u00eancia e intensidade de eventos extremos. Segundo ele, a crise clim\u00e1tica que afeta o planeta j\u00e1 \u00e9 constatada por muitos estudiosos como capaz de afetar a sa\u00fade humana, sobretudo na forma de exacerbar problemas e vulnerabilidades j\u00e1 existentes.<\/p>\n<p style=\"text-align: justify;\">Durante a palestra, o pesquisador pretende contextualizar componentes anal\u00edticos atuais sobre policrises, tendo como foco eventos clim\u00e1ticos extremos em intera\u00e7\u00e3o com suas formas de impacto \u00e0 sa\u00fade, que podem ocorrer de maneira imediata e, tamb\u00e9m, de forma prolongada e cumulativa. Em an\u00e1lises de situa\u00e7\u00f5es mais espec\u00edficas, ser\u00e3o tratados aspectos de comunidades urbanas vulner\u00e1veis, em que ocorrem sobreposi\u00e7\u00f5es e retroalimenta\u00e7\u00e3o entre componentes de distintas crises.<\/p>\n<p style=\"text-align: justify;\"><strong>SOBRE O PALESTRANTE<\/strong><\/p>\n<p style=\"text-align: justify;\">Leandro Giatti possui gradua\u00e7\u00e3o em Ci\u00eancias Biol\u00f3gicas pela Universidade S\u00e3o Judas Tadeu (1996). Cursou Mestrado e Doutorado em Sa\u00fade P\u00fablica pela Faculdade de Sa\u00fade P\u00fablica da Universidade de S\u00e3o Paulo, \u00e1rea de concentra\u00e7\u00e3o Sa\u00fade Ambiental, entre 2000 e 2004. \u00c9 pesquisador CNPq n\u00edvel 2, bolsa de produtividade em pesquisa. Pesquisador visitante no Instituto Le\u00f4nidas Maria Deane &#8211; Fiocruz\/Amaz\u00f4nia entre 2023 e 205, foi pesquisador visitante na Universidade de Victoria, Canad\u00e1 (2020). Coordenador e orientador permanente do Programa de P\u00f3s-Gradua\u00e7\u00e3o Mestrado Profissional em Ambiente, Sa\u00fade e Sustentabilidade\/FSP-USP.<\/p>\n<p style=\"text-align: justify;\">Orientador permanente no Programa de P\u00f3s-Gradua\u00e7\u00e3o em Sa\u00fade P\u00fablica\/FSP-USP, Giatti foi editor adjunto da revista Ambiente Sociedade de 2015 \u00e0 2023. Atua na coordena\u00e7\u00e3o de sub-projeto de pesquisa junto ao INCLINE &#8211; INterdisciplinary CLimate INvEstigation Center e \u00e9 membro da Comiss\u00e3o de Cultura e Extens\u00e3o da Faculdade de Sa\u00fade P\u00fablica \u2013 USP, al\u00e9m de pesquisador colaborador no grupo de pesquisa Meio Ambiente e Sociedade do Instituto de Estudos Avan\u00e7ados\/IEA-USP e no Centro de Estudos de Governan\u00e7a Socioambiental &#8211; IEE\/USP. Tem experi\u00eancia na \u00e1rea de Sa\u00fade P\u00fablica e Sustentabilidade, com \u00eanfase em Sa\u00fade Ambiental, atuando principalmente nos seguintes temas: nexo \u00e1gua-energia-alimentos, indicadores de sustentabilidade ambiental e de sa\u00fade, saneamento, ci\u00eancia p\u00f3s-normal, pesquisa-a\u00e7\u00e3o, promo\u00e7\u00e3o da sa\u00fade e governan\u00e7a socioambiental e em sa\u00fade.<\/p>\n<p style=\"text-align: justify;\"><strong>SOBRE O CENTRO DE ESTUDOS<\/strong><\/p>\n<p style=\"text-align: justify;\">O Centro de Estudos do ILMD\/Fiocruz Amaz\u00f4nia \u00e9 um n\u00facleo que oportuniza encontros, palestras, semin\u00e1rios e debates sobre diversos temas ligados \u00e0 pesquisa e ao ensino para a promo\u00e7\u00e3o da sa\u00fade. Os eventos s\u00e3o gratuitos e ocorrem \u00e0s sextas-feiras. As atividades s\u00e3o destinadas a estudantes de gradua\u00e7\u00e3o e p\u00f3s-gradua\u00e7\u00e3o, pesquisadores, professores e trabalhadores da \u00e1rea da Sa\u00fade.<\/p>\n<p><em>ILMD\/Fiocruz Amaz\u00f4nia, por J\u00falio Pedrosa<\/em><\/p>\n<p><em>Imagem: Mackesy Nascimento<\/em><\/p>\n<\/div><\/section>\n","protected":false},"excerpt":{"rendered":"<p>Leandro Giatti \u00e9 bi\u00f3logo, professor associado do Departamento de Sa\u00fade Ambiental da Faculdade de Sa\u00fade P\u00fablica da Universidade de S\u00e3o Paulo (USP) e pesquisador visitante da Fiocruz Amaz\u00f4nia<\/p>\n","protected":false},"author":60,"featured_media":53996,"comment_status":"closed","ping_status":"closed","sticky":false,"template":"","format":"image","meta":{"footnotes":""},"categories":[15],"tags":[],"class_list":["post-53994","post","type-post","status-publish","format-image","has-post-thumbnail","hentry","category-noticias","post_format-post-format-image"],"_links":{"self":[{"href":"https:\/\/amazonia.fiocruz.br\/index.php?rest_route=\/wp\/v2\/posts\/53994","targetHints":{"allow":["GET"]}}],"collection":[{"href":"https:\/\/amazonia.fiocruz.br\/index.php?rest_route=\/wp\/v2\/posts"}],"about":[{"href":"https:\/\/amazonia.fiocruz.br\/index.php?rest_route=\/wp\/v2\/types\/post"}],"author":[{"embeddable":true,"href":"https:\/\/amazonia.fiocruz.br\/index.php?rest_route=\/wp\/v2\/users\/60"}],"replies":[{"embeddable":true,"href":"https:\/\/amazonia.fiocruz.br\/index.php?rest_route=%2Fwp%2Fv2%2Fcomments&post=53994"}],"version-history":[{"count":1,"href":"https:\/\/amazonia.fiocruz.br\/index.php?rest_route=\/wp\/v2\/posts\/53994\/revisions"}],"predecessor-version":[{"id":53997,"href":"https:\/\/amazonia.fiocruz.br\/index.php?rest_route=\/wp\/v2\/posts\/53994\/revisions\/53997"}],"wp:featuredmedia":[{"embeddable":true,"href":"https:\/\/amazonia.fiocruz.br\/index.php?rest_route=\/wp\/v2\/media\/53996"}],"wp:attachment":[{"href":"https:\/\/amazonia.fiocruz.br\/index.php?rest_route=%2Fwp%2Fv2%2Fmedia&parent=53994"}],"wp:term":[{"taxonomy":"category","embeddable":true,"href":"https:\/\/amazonia.fiocruz.br\/index.php?rest_route=%2Fwp%2Fv2%2Fcategories&post=53994"},{"taxonomy":"post_tag","embeddable":true,"href":"https:\/\/amazonia.fiocruz.br\/index.php?rest_route=%2Fwp%2Fv2%2Ftags&post=53994"}],"curies":[{"name":"wp","href":"https:\/\/api.w.org\/{rel}","templated":true}]}}