{"id":53798,"date":"2025-03-24T16:37:08","date_gmt":"2025-03-24T20:37:08","guid":{"rendered":"https:\/\/amazonia.fiocruz.br\/?p=53798"},"modified":"2025-03-24T16:37:08","modified_gmt":"2025-03-24T20:37:08","slug":"expedicao-do-projeto-diagnostico-situacional-das-ubs-fluviais-visita-embarcacoes-que-atendem-a-zona-ribeirinha-de-manaus","status":"publish","type":"post","link":"https:\/\/amazonia.fiocruz.br\/?p=53798","title":{"rendered":"<strong>Expedi\u00e7\u00e3o do Projeto Diagn\u00f3stico Situacional das UBS Fluviais visita embarca\u00e7\u00f5es que atendem a zona ribeirinha de Manaus<\/strong>"},"content":{"rendered":"<section class=\"av_textblock_section \"  itemscope=\"itemscope\" itemtype=\"https:\/\/schema.org\/BlogPosting\" itemprop=\"blogPost\" ><div class='avia_textblock  '   itemprop=\"text\" ><p style=\"text-align: justify;\">O Projeto Diagn\u00f3stico Situacional das UBS Fluviais, desenvolvido pelos parceiros Projeto Sa\u00fade e Alegria, Fiocruz Amaz\u00f4nia, Universidade Federal do Par\u00e1 (UFPA) e Minist\u00e9rio da Sa\u00fade, deu in\u00edcio \u00e0s expedi\u00e7\u00f5es de avalia\u00e7\u00e3o das condi\u00e7\u00f5es de funcionamento das UBS fluviais que atendem as comunidades rurais ribeirinhas na Amaz\u00f4nia. O trabalho de campo nesta primeira fase iniciou no \u00faltimo dia 17\/03, contando com nove equipes cobrindo Expedi\u00e7\u00f5es Maraj\u00f3, Bel\u00e9m, Rio Tocantins, Par\u00e1-Amap\u00e1, M\u00e9dio e Alto Solim\u00f5es e Rio Negro. A equipe respons\u00e1vel pela calha do Rio Negro realizou o trabalho nos dias 17 e 18\/03, em Manaus, com visitas \u00e0s Unidades B\u00e1sicas de Sa\u00fade Fluviais Antonio Levino e Ney Larcerda, mantidas pela Secretaria Municipal de Sa\u00fade (Semsa-Manaus). A atividade, coordenada pelo cirurgi\u00e3o dentista Claudivan Mello, incluiu aplica\u00e7\u00e3o de question\u00e1rios, avalia\u00e7\u00e3o estrutural das condi\u00e7\u00f5es de atendimento e de navega\u00e7\u00e3o das embarca\u00e7\u00f5es, al\u00e9m de entrevistas aos profissionais de sa\u00fade e usu\u00e1rios dos servi\u00e7os oferecidos pelas duas UBS Fluviais.<\/p>\n<p><img decoding=\"async\" class=\"alignnone wp-image-53799\" src=\"https:\/\/amazonia.fiocruz.br\/wp-content\/uploads\/2025\/03\/MIC_7235-300x200.jpg\" alt=\"\" width=\"1694\" height=\"1129\" srcset=\"https:\/\/amazonia.fiocruz.br\/wp-content\/uploads\/2025\/03\/MIC_7235-300x200.jpg 300w, https:\/\/amazonia.fiocruz.br\/wp-content\/uploads\/2025\/03\/MIC_7235-1030x687.jpg 1030w, https:\/\/amazonia.fiocruz.br\/wp-content\/uploads\/2025\/03\/MIC_7235-768x512.jpg 768w, https:\/\/amazonia.fiocruz.br\/wp-content\/uploads\/2025\/03\/MIC_7235-1536x1024.jpg 1536w, https:\/\/amazonia.fiocruz.br\/wp-content\/uploads\/2025\/03\/MIC_7235-2048x1365.jpg 2048w, https:\/\/amazonia.fiocruz.br\/wp-content\/uploads\/2025\/03\/MIC_7235-1500x1000.jpg 1500w, https:\/\/amazonia.fiocruz.br\/wp-content\/uploads\/2025\/03\/MIC_7235-705x470.jpg 705w\" sizes=\"(max-width: 1694px) 100vw, 1694px\" \/><\/p>\n<p style=\"text-align: justify;\">Para Claudivan Mello, a primeira experi\u00eancia foi bastante positiva. \u201cEncontramos uma equipe superqualificada e empenhada com os objetivos da Estrat\u00e9gia de Sa\u00fade Fluvial e, tamb\u00e9m, com a finalidade do projeto. Estamos todos entusiasmados com a pesquisa e, como equipe, unidos para superar os desafios que vir\u00e3o\u201d, afirmou o coordenador. Segundo ele, a equipe se saiu muito bem na aplica\u00e7\u00e3o dos instrumentos de pesquisa (question\u00e1rios no sistema REDCap), fechando o primeiro m\u00f3dulo de avalia\u00e7\u00e3o no munic\u00edpio de Manaus. A equipe \u00e9 formada pela nutricionista e especialista em Estrat\u00e9gia de Sa\u00fade na Fam\u00edlia, Ingrid Tom\u00e9 de Souza, que atua como pesquisadora em sa\u00fade; o tecn\u00f3logo naval Alberto Coelho (pesquisador naval) e a sanitarista Fernanda Fernandes (assistente de campo).<\/p>\n<p><img decoding=\"async\" class=\"alignnone wp-image-53800\" src=\"https:\/\/amazonia.fiocruz.br\/wp-content\/uploads\/2025\/03\/MIC_7293-300x200.jpg\" alt=\"\" width=\"1688\" height=\"1125\" srcset=\"https:\/\/amazonia.fiocruz.br\/wp-content\/uploads\/2025\/03\/MIC_7293-300x200.jpg 300w, https:\/\/amazonia.fiocruz.br\/wp-content\/uploads\/2025\/03\/MIC_7293-1030x687.jpg 1030w, https:\/\/amazonia.fiocruz.br\/wp-content\/uploads\/2025\/03\/MIC_7293-768x512.jpg 768w, https:\/\/amazonia.fiocruz.br\/wp-content\/uploads\/2025\/03\/MIC_7293-1536x1024.jpg 1536w, https:\/\/amazonia.fiocruz.br\/wp-content\/uploads\/2025\/03\/MIC_7293-2048x1365.jpg 2048w, https:\/\/amazonia.fiocruz.br\/wp-content\/uploads\/2025\/03\/MIC_7293-1500x1000.jpg 1500w, https:\/\/amazonia.fiocruz.br\/wp-content\/uploads\/2025\/03\/MIC_7293-705x470.jpg 705w\" sizes=\"(max-width: 1688px) 100vw, 1688px\" \/><\/p>\n<p style=\"text-align: justify;\">Como resultado do trabalho, ser\u00e1 produzido um relat\u00f3rio de ambi\u00eancia e avalia\u00e7\u00e3o estrutural das embarca\u00e7\u00f5es. Claudivan explica que, para cada expedi\u00e7\u00e3o realizada, ser\u00e1 necess\u00e1rio um planejamento pr\u00e9vio que inclui agendamento das entrevistas com os coordenadores de sa\u00fade, bem como com os profissionais que atuam no atendimento \u00e0s comunidades. \u201cNesta primeira atividade, tivemos que avaliar duas embarca\u00e7\u00f5es utilizadas na implementa\u00e7\u00e3o da estrat\u00e9gia de sa\u00fade na fam\u00edlia, e para aplicar as entrevistas com usu\u00e1rios e ACS das duas equipes, foi preciso articular a vinda de um usu\u00e1rio ao ponto de embarque (Porto do S\u00e3o Raimundo) e aproveitarmos a reuni\u00e3o de alinhamento da viagem para entrevistar os ACS\u201d, relata.<\/p>\n<p style=\"text-align: justify;\">A expedi\u00e7\u00e3o Manaus\/Madeira vai visitar 12 munic\u00edpios das calhas dos rios Amazonas, Negro, Solim\u00f5es, Purus e Madeira. \u201cEstamos entrando em contato com os secret\u00e1rios municipais de Sa\u00fade, para articular cada atividade, que ter\u00e1 um total de tr\u00eas dias para cada munic\u00edpio, e buscando agendar as entrevistas em momentos diferentes para n\u00e3o sobrecarregar as equipes, uma vez que a avalia\u00e7\u00e3o da parte estrutural das embarca\u00e7\u00f5es tem que ser criteriosa\u201d, explica o coordenador.<\/p>\n<p><img decoding=\"async\" class=\"alignnone wp-image-53801\" src=\"https:\/\/amazonia.fiocruz.br\/wp-content\/uploads\/2025\/03\/MIC_7313-300x200.jpg\" alt=\"\" width=\"1692\" height=\"1128\" srcset=\"https:\/\/amazonia.fiocruz.br\/wp-content\/uploads\/2025\/03\/MIC_7313-300x200.jpg 300w, https:\/\/amazonia.fiocruz.br\/wp-content\/uploads\/2025\/03\/MIC_7313-1030x687.jpg 1030w, https:\/\/amazonia.fiocruz.br\/wp-content\/uploads\/2025\/03\/MIC_7313-768x512.jpg 768w, https:\/\/amazonia.fiocruz.br\/wp-content\/uploads\/2025\/03\/MIC_7313-1536x1024.jpg 1536w, https:\/\/amazonia.fiocruz.br\/wp-content\/uploads\/2025\/03\/MIC_7313-2048x1365.jpg 2048w, https:\/\/amazonia.fiocruz.br\/wp-content\/uploads\/2025\/03\/MIC_7313-1500x1000.jpg 1500w, https:\/\/amazonia.fiocruz.br\/wp-content\/uploads\/2025\/03\/MIC_7313-705x470.jpg 705w\" sizes=\"(max-width: 1692px) 100vw, 1692px\" \/><\/p>\n<p style=\"text-align: justify;\">A expedi\u00e7\u00e3o come\u00e7ou pela UBSF Dr Antonio Levino, que tem 30 metros de comprimento, da rampa \u00e0 popa, e \u00e9 equipada com consult\u00f3rios, laborat\u00f3rio de an\u00e1lises cl\u00ednicas, \u00a0sala de vacina, farm\u00e1cia e instala\u00e7\u00f5es para alojamento da equipe, com capacidade para 22 pessoas. O gerente de Aten\u00e7\u00e3o \u00e0 Sa\u00fade do Distrito de Sa\u00fade Rural da Semsa-Manaus, Francisco Santiago de Souza, destacou a import\u00e2ncia da Estrat\u00e9gia de Sa\u00fade Fluvial no acompanhamento das comunidades ribeirinhas rurais. \u201cO territ\u00f3rio do munic\u00edpio \u00e9 mais de 95% \u00e1reas rurais e esse trabalho das equipes de sa\u00fade \u00e9 muito importante, porque possibilita o acesso dos ribeirinhos aos servi\u00e7os de sa\u00fade oferecidos nas unidades urbanas\u201d, explica Santiago.<\/p>\n<p><img decoding=\"async\" class=\"alignnone wp-image-53802\" src=\"https:\/\/amazonia.fiocruz.br\/wp-content\/uploads\/2025\/03\/MIC_7246-300x200.jpg\" alt=\"\" width=\"1686\" height=\"1124\" srcset=\"https:\/\/amazonia.fiocruz.br\/wp-content\/uploads\/2025\/03\/MIC_7246-300x200.jpg 300w, https:\/\/amazonia.fiocruz.br\/wp-content\/uploads\/2025\/03\/MIC_7246-1030x687.jpg 1030w, https:\/\/amazonia.fiocruz.br\/wp-content\/uploads\/2025\/03\/MIC_7246-768x512.jpg 768w, https:\/\/amazonia.fiocruz.br\/wp-content\/uploads\/2025\/03\/MIC_7246-1536x1024.jpg 1536w, https:\/\/amazonia.fiocruz.br\/wp-content\/uploads\/2025\/03\/MIC_7246-2048x1365.jpg 2048w, https:\/\/amazonia.fiocruz.br\/wp-content\/uploads\/2025\/03\/MIC_7246-1500x1000.jpg 1500w, https:\/\/amazonia.fiocruz.br\/wp-content\/uploads\/2025\/03\/MIC_7246-705x470.jpg 705w\" sizes=\"(max-width: 1686px) 100vw, 1686px\" \/><\/p>\n<p style=\"text-align: justify;\">Segundo ele, al\u00e9m das comunidades, o servi\u00e7o oferece atendimento a localidades dispersas ao longo do trajeto. \u201cExiste uma dispers\u00e3o de popula\u00e7\u00e3o muito grande. \u00c0s vezes, entre um morador e outro, s\u00e3o quil\u00f4metros de dist\u00e2ncia e as unidades usam\u00a0 botes pequenos para poder chegar a pontos que a estrutura fluvial n\u00e3o consegue atingir\u201d, explica, acrescentando que as duas UBSF cumprem rotas diferentes com datas alternadas e equipes de sa\u00fade pr\u00f3prias, sendo sempre a mesma tripula\u00e7\u00e3o. \u201cA UBSF Dr Antonio Levino cobre a \u00e1rea do Rio Amazonas e a unidade Dr Ney Lacerda, a \u00e1rea do Rio Negro, com viagens mensais, que duram, em m\u00e9dia, 10 dias. No total, atendemos 19 comunidades, entre as duas calhas (Rio Amazonas e Rio Negro), e mais cerca de 70 pequenas localidades espalhadas nesses percursos\u201d, afirmou.<\/p>\n<p style=\"text-align: justify;\">As duas embarca\u00e7\u00f5es possuem a mesma estrutura de consult\u00f3rios para as consultas m\u00e9dicas, de enfermagem e odontol\u00f3gicas, al\u00e9m de laborat\u00f3rio e farm\u00e1cia, com a carteira de medicamentos similares \u00e0s oferecidas pelas unidades urbanas. Independentemente das condi\u00e7\u00f5es do clima, as UBSF cumprem rigorosamente os cronogramas de viagens, at\u00e9 mesmo em per\u00edodo de estiagem, exigindo o uso dos botes para chegar aos locais de atendimento. A expedi\u00e7\u00e3o foi recebida tamb\u00e9m pelo comandante das embarca\u00e7\u00f5es, Ant\u00f4nio Nascimento Tavares, e o diretor da UBSF Antonio Levino, Deronilson Silva da Cunha.<\/p>\n<p style=\"text-align: justify;\"><strong>SOBRE O PROJETO<\/strong><\/p>\n<p style=\"text-align: justify;\">O objetivo do Projeto Diagn\u00f3stico Situacional das UBSF \u00e9 identificar as condi\u00e7\u00f5es de funcionamento das UBS fluviais que recebem financiamento do Governo Federal. O trabalho ser\u00e1 realizado por meio de expedi\u00e7\u00f5es \u00e0s calhas dos rios nos Estados do Amazonas, Acre, Par\u00e1, Amap\u00e1 e Roraima, com a aplica\u00e7\u00e3o de question\u00e1rios que permitir\u00e3o um diagn\u00f3stico completo da situa\u00e7\u00e3o atual das UBSF. Nesta primeira fase, o projeto abranger\u00e1 um total de 51 munic\u00edpios, com as expedi\u00e7\u00f5es ao Maraj\u00f3, Bel\u00e9m\/Rio Tocantins, Par\u00e1\/Amap\u00e1, M\u00e9dio\/Alto Solim\u00f5es, Rio Negro, Parintins, Manaus, Madeira e Acre.\u00a0Na segunda fase, est\u00e3o previstos mais 43 munic\u00edipos de modo a cobrir as 96 embarca\u00e7\u00f5es. Com dois anos de dura\u00e7\u00e3o, a pesquisa visa subsidiar projetos de reativa\u00e7\u00e3o, amplia\u00e7\u00e3o e qualifica\u00e7\u00e3o das Estrat\u00e9gias de Sa\u00fade Fluvial na Amaz\u00f4nia.<\/p>\n<p style=\"text-align: justify;\">As atividades de campo foram iniciadas no dia 17\/03 e dever\u00e3o se estender at\u00e9 o m\u00eas de maio. Ser\u00e3o avaliadas no total 53 embarca\u00e7\u00f5es, ao longo das seis expedi\u00e7\u00f5es. Ap\u00f3s o levantamento das informa\u00e7\u00f5es pelas equipes de campo, ser\u00e1 feita a an\u00e1lise dos dados pela Fiocruz Amaz\u00f4nia e os apontamentos necess\u00e1rios em melhorias que podem ser feitas nas embarca\u00e7\u00f5es, tais como reloca\u00e7\u00f5es, instala\u00e7\u00e3o de placas solares, sistema de diminui\u00e7\u00e3o de ru\u00eddo, tratamento de esgotos, entre outras.<\/p>\n<p><em>ILMD\/Fiocruz Amaz\u00f4nia, por J\u00falio Pedrosa<\/em><\/p>\n<p><em>Fotos: Michell Mello \/ Especial para Fiocruz Amaz\u00f4nia<\/em><\/p>\n<\/div><\/section>\n","protected":false},"excerpt":{"rendered":"<p>Equipe respons\u00e1vel pela calha do Rio Negro realizou o trabalho nos dias 17 e 18\/03, com visitas \u00e0s Unidades B\u00e1sicas de Sa\u00fade Fluviais Antonio Levino e Ney Larcerda, mantidas pela Secretaria Municipal de Sa\u00fade (Semsa-Manaus)<\/p>\n","protected":false},"author":60,"featured_media":53803,"comment_status":"closed","ping_status":"closed","sticky":true,"template":"","format":"image","meta":{"footnotes":""},"categories":[15],"tags":[],"class_list":["post-53798","post","type-post","status-publish","format-image","has-post-thumbnail","hentry","category-noticias","post_format-post-format-image"],"_links":{"self":[{"href":"https:\/\/amazonia.fiocruz.br\/index.php?rest_route=\/wp\/v2\/posts\/53798","targetHints":{"allow":["GET"]}}],"collection":[{"href":"https:\/\/amazonia.fiocruz.br\/index.php?rest_route=\/wp\/v2\/posts"}],"about":[{"href":"https:\/\/amazonia.fiocruz.br\/index.php?rest_route=\/wp\/v2\/types\/post"}],"author":[{"embeddable":true,"href":"https:\/\/amazonia.fiocruz.br\/index.php?rest_route=\/wp\/v2\/users\/60"}],"replies":[{"embeddable":true,"href":"https:\/\/amazonia.fiocruz.br\/index.php?rest_route=%2Fwp%2Fv2%2Fcomments&post=53798"}],"version-history":[{"count":1,"href":"https:\/\/amazonia.fiocruz.br\/index.php?rest_route=\/wp\/v2\/posts\/53798\/revisions"}],"predecessor-version":[{"id":53804,"href":"https:\/\/amazonia.fiocruz.br\/index.php?rest_route=\/wp\/v2\/posts\/53798\/revisions\/53804"}],"wp:featuredmedia":[{"embeddable":true,"href":"https:\/\/amazonia.fiocruz.br\/index.php?rest_route=\/wp\/v2\/media\/53803"}],"wp:attachment":[{"href":"https:\/\/amazonia.fiocruz.br\/index.php?rest_route=%2Fwp%2Fv2%2Fmedia&parent=53798"}],"wp:term":[{"taxonomy":"category","embeddable":true,"href":"https:\/\/amazonia.fiocruz.br\/index.php?rest_route=%2Fwp%2Fv2%2Fcategories&post=53798"},{"taxonomy":"post_tag","embeddable":true,"href":"https:\/\/amazonia.fiocruz.br\/index.php?rest_route=%2Fwp%2Fv2%2Ftags&post=53798"}],"curies":[{"name":"wp","href":"https:\/\/api.w.org\/{rel}","templated":true}]}}