{"id":53608,"date":"2025-03-20T11:12:08","date_gmt":"2025-03-20T15:12:08","guid":{"rendered":"https:\/\/amazonia.fiocruz.br\/?p=53608"},"modified":"2025-03-20T16:46:25","modified_gmt":"2025-03-20T20:46:25","slug":"projeto-moeta-inicia-segunda-fase-de-atuacao-com-atividades-de-educacao-em-saude-na-zona-leste-de-manaus","status":"publish","type":"post","link":"https:\/\/amazonia.fiocruz.br\/?p=53608","title":{"rendered":"Projeto Moet\u00e1 inicia segunda fase de atua\u00e7\u00e3o com atividades de educa\u00e7\u00e3o em sa\u00fade na Zona Leste de Manaus"},"content":{"rendered":"<section class=\"av_textblock_section \"  itemscope=\"itemscope\" itemtype=\"https:\/\/schema.org\/BlogPosting\" itemprop=\"blogPost\" ><div class='avia_textblock  '   itemprop=\"text\" ><p style=\"text-align: justify;\">O Projeto Moet\u00e1, que integra o Programa Fortalece SUS, desenvolvido pela Fiocruz Amaz\u00f4nia, promove ao longo desta semana atividades com seus comunicadores populares especializados em sa\u00fade (CPES) na Casa Mam\u00e3e Margarida, abrigo para crian\u00e7as e adolescentes do g\u00eanero feminino em situa\u00e7\u00e3o de vulnerabilidade social, situado no bairro S\u00e3o Jos\u00e9, na Zona Leste de Manaus. A atividade d\u00e1 prosseguimento ao trabalho, iniciado em 2024 pelo Moet\u00e1, de dissemina\u00e7\u00e3o de informa\u00e7\u00f5es cient\u00edficas, de orienta\u00e7\u00e3o em sa\u00fade e sobre import\u00e2ncia do autocuidado e dos servi\u00e7os de assist\u00eancia em sa\u00fade da Aten\u00e7\u00e3o Prim\u00e1ria, oferecida pelo SUS. Na \u00faltima sexta-feira, 14\/03, a equipe do projeto realizou a abertura simb\u00f3lica das atividades, que contam com o Trailer da Sa\u00fade, unidade m\u00f3vel da Fiocruz Amaz\u00f4nia, equipado com laborat\u00f3rio e utilizado de modo itinerante para atendimentos e pesquisas de campo em Manaus e Regi\u00e3o Metropolitana. O trailer fica na Casa Mam\u00e3e Margarida at\u00e9 sexta-feira, 21\/03.<\/p>\n<p><img decoding=\"async\" class=\"alignnone wp-image-53609\" src=\"https:\/\/amazonia.fiocruz.br\/wp-content\/uploads\/2025\/03\/IMG_6057-300x200.jpg\" alt=\"\" width=\"1691\" height=\"1127\" srcset=\"https:\/\/amazonia.fiocruz.br\/wp-content\/uploads\/2025\/03\/IMG_6057-300x200.jpg 300w, https:\/\/amazonia.fiocruz.br\/wp-content\/uploads\/2025\/03\/IMG_6057-1030x687.jpg 1030w, https:\/\/amazonia.fiocruz.br\/wp-content\/uploads\/2025\/03\/IMG_6057-768x512.jpg 768w, https:\/\/amazonia.fiocruz.br\/wp-content\/uploads\/2025\/03\/IMG_6057-1536x1024.jpg 1536w, https:\/\/amazonia.fiocruz.br\/wp-content\/uploads\/2025\/03\/IMG_6057-2048x1365.jpg 2048w, https:\/\/amazonia.fiocruz.br\/wp-content\/uploads\/2025\/03\/IMG_6057-1500x1000.jpg 1500w, https:\/\/amazonia.fiocruz.br\/wp-content\/uploads\/2025\/03\/IMG_6057-705x470.jpg 705w\" sizes=\"(max-width: 1691px) 100vw, 1691px\" \/><\/p>\n<p style=\"text-align: justify;\">\u201cNesta nova fase do Moet\u00e1 retomamos o processo de divulga\u00e7\u00e3o da informa\u00e7\u00e3o cient\u00edfica em sa\u00fade, rompendo a fronteira da cidade de Manaus e desenvolvendo a\u00e7\u00f5es em munic\u00edpios do entorno, a exemplo de Manacapuru, Iranduba, Careiro da V\u00e1rzea, Autazes, entre outros, contando com parceiros como o Instituto Nacional de Coloniza\u00e7\u00e3o e Reforma Agr\u00e1ria (INCRA), secretarias municipais de Sa\u00fade, institui\u00e7\u00f5es sociais, associa\u00e7\u00f5es comunit\u00e1rias e cooperativas\u201d, explica o coordenador executivo do Moet\u00e1, Elton Aleme. Segundo ele, nessa nova fase, o projeto pretende fortalecer ainda mais o processo de educa\u00e7\u00e3o em sa\u00fade e a import\u00e2ncia do SUS no processo preventivo contra doen\u00e7as, reunindo com grupos locais, permanecendo por mais tempo nas \u00e1reas atendidas e abordando temas como sa\u00fade bucal, preven\u00e7\u00e3o, import\u00e2ncia da higieniza\u00e7\u00e3o e lavagem das m\u00e3os para evitar o adoecimento, sa\u00fade da mulher, problem\u00e1ticas da gravidez na adolesc\u00eancia, sa\u00fade nutricional, alimenta\u00e7\u00e3o saud\u00e1vel, vacina e combate \u00e0 viol\u00eancia contra a mulher.<\/p>\n<p><img decoding=\"async\" class=\"alignnone wp-image-53610\" src=\"https:\/\/amazonia.fiocruz.br\/wp-content\/uploads\/2025\/03\/IMG_5948-300x200.jpg\" alt=\"\" width=\"1685\" height=\"1123\" srcset=\"https:\/\/amazonia.fiocruz.br\/wp-content\/uploads\/2025\/03\/IMG_5948-300x200.jpg 300w, https:\/\/amazonia.fiocruz.br\/wp-content\/uploads\/2025\/03\/IMG_5948-1030x687.jpg 1030w, https:\/\/amazonia.fiocruz.br\/wp-content\/uploads\/2025\/03\/IMG_5948-768x512.jpg 768w, https:\/\/amazonia.fiocruz.br\/wp-content\/uploads\/2025\/03\/IMG_5948-1536x1024.jpg 1536w, https:\/\/amazonia.fiocruz.br\/wp-content\/uploads\/2025\/03\/IMG_5948-2048x1365.jpg 2048w, https:\/\/amazonia.fiocruz.br\/wp-content\/uploads\/2025\/03\/IMG_5948-1500x1000.jpg 1500w, https:\/\/amazonia.fiocruz.br\/wp-content\/uploads\/2025\/03\/IMG_5948-705x470.jpg 705w\" sizes=\"(max-width: 1685px) 100vw, 1685px\" \/><\/p>\n<p style=\"text-align: justify;\">Na Casa Mam\u00e3e Margarida, foram realizadas palestras sobre sa\u00fade da mulher, com foco na preven\u00e7\u00e3o ao c\u00e2ncer de colo de \u00fatero e de mama, atendimento a gestantes, informa\u00e7\u00f5es sobre m\u00e9todos contraceptivos, a exemplo do dispositivo intrauterino de cobre (DIU), benef\u00edcios das boas pr\u00e1ticas em atividades f\u00edsicas, com o apoio da Secretaria Municipal de Sa\u00fade (Semsa-Manaus), por meio do Departamento de Sa\u00fade da Mulher,\u00a0 Conselho Regional de Enfermagem (Coren) e Conselho Tutelar da Zona Leste. O Projeto Moet\u00e1 conta, nesta nova fase, com seis bolsistas, todos profissionais da \u00e1rea da sa\u00fade, entre os quais enfermeiros, t\u00e9cnico de enfermagem, nutricionista, odont\u00f3loga e uma fisioterapeuta (volunt\u00e1ria). Foram coletados dados antropom\u00e9tricos das crian\u00e7as e adolescentes do abrigo e feitas an\u00e1lises microbiol\u00f3gicas e demonstra\u00e7\u00e3o sobre lavagem correta das m\u00e3os, com o apoio do Laborat\u00f3rio Diversidade Microbiana da Amaz\u00f4nia com Import\u00e2ncia para a Sa\u00fade (DMAIS), da Fiocruz Amaz\u00f4nia.<\/p>\n<p><img decoding=\"async\" class=\"alignnone wp-image-53611\" src=\"https:\/\/amazonia.fiocruz.br\/wp-content\/uploads\/2025\/03\/IMG_5955-300x200.jpg\" alt=\"\" width=\"1686\" height=\"1124\" srcset=\"https:\/\/amazonia.fiocruz.br\/wp-content\/uploads\/2025\/03\/IMG_5955-300x200.jpg 300w, https:\/\/amazonia.fiocruz.br\/wp-content\/uploads\/2025\/03\/IMG_5955-1030x687.jpg 1030w, https:\/\/amazonia.fiocruz.br\/wp-content\/uploads\/2025\/03\/IMG_5955-768x512.jpg 768w, https:\/\/amazonia.fiocruz.br\/wp-content\/uploads\/2025\/03\/IMG_5955-1536x1024.jpg 1536w, https:\/\/amazonia.fiocruz.br\/wp-content\/uploads\/2025\/03\/IMG_5955-2048x1365.jpg 2048w, https:\/\/amazonia.fiocruz.br\/wp-content\/uploads\/2025\/03\/IMG_5955-1500x1000.jpg 1500w, https:\/\/amazonia.fiocruz.br\/wp-content\/uploads\/2025\/03\/IMG_5955-705x470.jpg 705w\" sizes=\"(max-width: 1686px) 100vw, 1686px\" \/><\/p>\n<p style=\"text-align: justify;\">A Casa Mam\u00e3e Margarida \u00e9 uma institui\u00e7\u00e3o n\u00e3o-governamental, vinculada \u00e0 Inspetoria Laura Vicun\u00e3. Fundada em 1986, a entidade abriga atualmente 210 crian\u00e7as e adolescentes do g\u00eanero feminino, mas tem capacidade para at\u00e9 300 meninas em situa\u00e7\u00e3o de vulnerabilidade social, com projetos de fortalecimento de v\u00ednculos familiares e o acolhimento para crian\u00e7as e adolescentes que tiveram direitos violados e com medida protetiva vigente. Atualmente, a institui\u00e7\u00e3o se mant\u00e9m por meio de doa\u00e7\u00f5es e conta com fomento p\u00fablico (Prefeitura de Manaus e Governo do Estado). Para a assistente social da Casa, Roselande de Souza Vieira, a presen\u00e7a da Fiocruz na institui\u00e7\u00e3o \u00e9 uma oportunidade para a oferta de servi\u00e7os para as crian\u00e7as e adolescentes assistidos, bem como suas fam\u00edlias.<\/p>\n<p style=\"text-align: justify;\"><strong>SOBRE A CASA<\/strong><\/p>\n<p style=\"text-align: justify;\">A Casa Mam\u00e3e Margarida nasceu para responder \u00e0s quest\u00f5es sociais que atingiam a dignidade, cidadania e a individualidade de crian\u00e7as, adolescentes, jovens e fam\u00edlias desta regi\u00e3o. A situa\u00e7\u00e3o de crian\u00e7as, adolescentes na periferia da cidade de Manaus, vitimados pelas v\u00e1rias formas de viol\u00eancia, sendo as principais tr\u00e1fico e o uso de drogas, abuso e viol\u00eancia sexual e a viol\u00eancia dom\u00e9stica, neglig\u00eancia, situa\u00e7\u00e3o e rua afetam diretamente as fam\u00edlias sendo os motivos mais frequentes da desestrutura\u00e7\u00e3o familiar. Esta realidade foi determinante para o empenho e investimento institucional na busca de parceiros, para suprir tanto o aspecto econ\u00f4mico como tamb\u00e9m em dispensar recursos humanos qualificados para responder aos anseios e necessidades da comunidade. Entre as viola\u00e7\u00f5es de diretos das quais as crian\u00e7as e adolescentes da Casa s\u00e3o v\u00edtimas, est\u00e3o abandono, neglig\u00eancia, explora\u00e7\u00e3o sexual, viol\u00eancia juvenil, vis\u00edvel nas ruas.<\/p>\n<p><img decoding=\"async\" class=\"alignnone wp-image-53612\" src=\"https:\/\/amazonia.fiocruz.br\/wp-content\/uploads\/2025\/03\/IMG_6010-300x200.jpg\" alt=\"\" width=\"1694\" height=\"1129\" srcset=\"https:\/\/amazonia.fiocruz.br\/wp-content\/uploads\/2025\/03\/IMG_6010-300x200.jpg 300w, https:\/\/amazonia.fiocruz.br\/wp-content\/uploads\/2025\/03\/IMG_6010-1030x687.jpg 1030w, https:\/\/amazonia.fiocruz.br\/wp-content\/uploads\/2025\/03\/IMG_6010-768x512.jpg 768w, https:\/\/amazonia.fiocruz.br\/wp-content\/uploads\/2025\/03\/IMG_6010-1536x1024.jpg 1536w, https:\/\/amazonia.fiocruz.br\/wp-content\/uploads\/2025\/03\/IMG_6010-2048x1365.jpg 2048w, https:\/\/amazonia.fiocruz.br\/wp-content\/uploads\/2025\/03\/IMG_6010-1500x1000.jpg 1500w, https:\/\/amazonia.fiocruz.br\/wp-content\/uploads\/2025\/03\/IMG_6010-705x470.jpg 705w\" sizes=\"(max-width: 1694px) 100vw, 1694px\" \/><\/p>\n<p style=\"text-align: justify;\"><strong>FORTALECENDO O SUS<\/strong><\/p>\n<p style=\"text-align: justify;\">O Projeto Moet\u00e1 \u00e9 um dos tr\u00eas subprojetos do Programa Fortalece SUS, desenvolvido pela Fiocruz Amaz\u00f4nia, com a finalidade de promover a forma\u00e7\u00e3o de comunicadores populares especializados em sa\u00fade (CPES) para atuar na dissemina\u00e7\u00e3o de informa\u00e7\u00f5es cient\u00edficas, garantindo uma linguagem atraente, acess\u00edvel, utilizando metodologias de comunica\u00e7\u00e3o inclusiva e produzindo conte\u00fado informativo para a popula\u00e7\u00e3o em geral. No ano passado, o Moet\u00e1 conseguiu realizar um total de 398 oficinas em 67 institui\u00e7\u00f5es de diferentes localidades e zonas de Manaus, alcan\u00e7ando aproximadamente 3,5 mil pessoas, a maioria estudantes da rede p\u00fablica estadual com repasse de informa\u00e7\u00f5es em sa\u00fade, atividades l\u00fadicas, palestras e servi\u00e7os de orienta\u00e7\u00e3o e cuidados em sa\u00fade e meio ambiente.<\/p>\n<p style=\"text-align: justify;\">A coordenadora geral do Programa Fortalece SUS, Rita Bacuri, que \u00e9 pesquisadora social da Fiocruz Amaz\u00f4nia, explica que ao Moet\u00e1 somam-se as atividades de outros dois projetos \u2013 \u00c1gape (voltado para mulheres migrantes) e o Mestrado Profissional em Epidemiologia e Sa\u00fade da Mulher e da Crian\u00e7a (para profissionais da \u00e1rea da sa\u00fade). \u201cInvestir em a\u00e7\u00f5es de Educa\u00e7\u00e3o em Sa\u00fade \u00e9 fundamental para a promo\u00e7\u00e3o do SUS e sobretudo a populariza\u00e7\u00e3o da Ci\u00eancia. A Fiocruz, como produtora de conhecimento cient\u00edfico, tem o compromisso de fazer valer a m\u00e1xima de que \u00e9 preciso ir onde o povo est\u00e1\u201d, avalia Rita Bacuri. A abertura contou com a presen\u00e7a do boneco Oswaldinho, mascote da Olimp\u00edada Brasileira de Sa\u00fade e Meio Ambiente (Obsma), da Fiocruz.<\/p>\n<p><em>ILMD\/Fiocruz Amaz\u00f4nia, por J\u00falio Pedrosa<\/em><\/p>\n<p><em>Fotos: J\u00falio Pedrosa<\/em><\/p>\n<\/div><\/section>\n","protected":false},"excerpt":{"rendered":"<p>Trailer da Sa\u00fade, unidade m\u00f3vel da Fiocruz Amaz\u00f4nia, equipado com laborat\u00f3rio e utilizado de modo itinerante para atendimentos e pesquisas, fica na Casa Mam\u00e3e Margarida at\u00e9 sexta-feira, 21\/03<\/p>\n","protected":false},"author":60,"featured_media":53613,"comment_status":"closed","ping_status":"closed","sticky":true,"template":"","format":"image","meta":{"footnotes":""},"categories":[15],"tags":[],"class_list":["post-53608","post","type-post","status-publish","format-image","has-post-thumbnail","hentry","category-noticias","post_format-post-format-image"],"_links":{"self":[{"href":"https:\/\/amazonia.fiocruz.br\/index.php?rest_route=\/wp\/v2\/posts\/53608","targetHints":{"allow":["GET"]}}],"collection":[{"href":"https:\/\/amazonia.fiocruz.br\/index.php?rest_route=\/wp\/v2\/posts"}],"about":[{"href":"https:\/\/amazonia.fiocruz.br\/index.php?rest_route=\/wp\/v2\/types\/post"}],"author":[{"embeddable":true,"href":"https:\/\/amazonia.fiocruz.br\/index.php?rest_route=\/wp\/v2\/users\/60"}],"replies":[{"embeddable":true,"href":"https:\/\/amazonia.fiocruz.br\/index.php?rest_route=%2Fwp%2Fv2%2Fcomments&post=53608"}],"version-history":[{"count":5,"href":"https:\/\/amazonia.fiocruz.br\/index.php?rest_route=\/wp\/v2\/posts\/53608\/revisions"}],"predecessor-version":[{"id":53638,"href":"https:\/\/amazonia.fiocruz.br\/index.php?rest_route=\/wp\/v2\/posts\/53608\/revisions\/53638"}],"wp:featuredmedia":[{"embeddable":true,"href":"https:\/\/amazonia.fiocruz.br\/index.php?rest_route=\/wp\/v2\/media\/53613"}],"wp:attachment":[{"href":"https:\/\/amazonia.fiocruz.br\/index.php?rest_route=%2Fwp%2Fv2%2Fmedia&parent=53608"}],"wp:term":[{"taxonomy":"category","embeddable":true,"href":"https:\/\/amazonia.fiocruz.br\/index.php?rest_route=%2Fwp%2Fv2%2Fcategories&post=53608"},{"taxonomy":"post_tag","embeddable":true,"href":"https:\/\/amazonia.fiocruz.br\/index.php?rest_route=%2Fwp%2Fv2%2Ftags&post=53608"}],"curies":[{"name":"wp","href":"https:\/\/api.w.org\/{rel}","templated":true}]}}