{"id":52960,"date":"2025-02-11T10:41:32","date_gmt":"2025-02-11T14:41:32","guid":{"rendered":"https:\/\/amazonia.fiocruz.br\/?p=52960"},"modified":"2025-02-11T12:49:03","modified_gmt":"2025-02-11T16:49:03","slug":"fiocruz-amazonia-devera-ter-participacao-ampliada-na-nova-etapa-do-programa-vigifronteiras-brasil","status":"publish","type":"post","link":"https:\/\/amazonia.fiocruz.br\/?p=52960","title":{"rendered":"<strong>Fiocruz Amaz\u00f4nia dever\u00e1 ter participa\u00e7\u00e3o ampliada na nova etapa do Programa VigiFronteiras Brasil<\/strong>"},"content":{"rendered":"<section class=\"av_textblock_section \"  itemscope=\"itemscope\" itemtype=\"https:\/\/schema.org\/BlogPosting\" itemprop=\"blogPost\" ><div class='avia_textblock  '   itemprop=\"text\" ><p style=\"text-align: justify;\">O Instituto Le\u00f4nidas e Maria Deane (ILMD\/Fiocruz Amaz\u00f4nia) dever\u00e1 ter participa\u00e7\u00e3o ampliada na pr\u00f3xima turma do <a href=\"https:\/\/formacaovigisaude.fiocruz.br\/node\/90\">Programa Educacional em Vigil\u00e2ncia em Sa\u00fade nas Fronteiras<\/a> (VigiFronteiras-Brasil 2), da Funda\u00e7\u00e3o Oswaldo Cruz, com a inser\u00e7\u00e3o de novos programas de p\u00f3s-gradua\u00e7\u00e3o no cons\u00f3rcio que integra a iniciativa, realizada em parceria com a Secretaria de Vigil\u00e2ncia em Sa\u00fade e Ambiente do Minist\u00e9rio da Sa\u00fade e a Organiza\u00e7\u00e3o Pan-Americana da Sa\u00fade (OPAS).<\/p>\n<p style=\"text-align: justify;\">A coordenadora Geral de Educa\u00e7\u00e3o da Fiocruz e coordenadora do VigiFronteiras Brasil, Eduarda Cesse, juntamente com a coordenadora acad\u00eamica, Andr\u00e9a Sobral, e a coordenadora de gest\u00e3o do programa, Adelia Ara\u00fajo, reuniram-se na sede do ILMD\/Fiocruz Amaz\u00f4nia, no \u00faltimo dia 5 de fevereiro, com representantes da Vice-Diretoria de Educa\u00e7\u00e3o, Informa\u00e7\u00e3o e Comunica\u00e7\u00e3o, e a Diretora Stefanie Lopes, para articular a amplia\u00e7\u00e3o da participa\u00e7\u00e3o e consolidar a unidade como um polo do Programa VigiFronteiras Brasil 2. A primeira turma, que ainda est\u00e1 em curso, contou com alunos do Mestrado do Programa de P\u00f3s-Gradua\u00e7\u00e3o em Condi\u00e7\u00f5es de Vida e Situa\u00e7\u00f5es de Sa\u00fade na Amaz\u00f4nia (PPGVIDA), com 13 formados.<\/p>\n<p style=\"text-align: justify;\"><img decoding=\"async\" class=\"alignnone wp-image-52962\" src=\"https:\/\/amazonia.fiocruz.br\/wp-content\/uploads\/2025\/02\/IMG_5292-300x200.jpg\" alt=\"\" width=\"1690\" height=\"1125\" srcset=\"https:\/\/amazonia.fiocruz.br\/wp-content\/uploads\/2025\/02\/IMG_5292-300x200.jpg 300w, https:\/\/amazonia.fiocruz.br\/wp-content\/uploads\/2025\/02\/IMG_5292-1030x687.jpg 1030w, https:\/\/amazonia.fiocruz.br\/wp-content\/uploads\/2025\/02\/IMG_5292-768x512.jpg 768w, https:\/\/amazonia.fiocruz.br\/wp-content\/uploads\/2025\/02\/IMG_5292-2048x1365.jpg 2048w, https:\/\/amazonia.fiocruz.br\/wp-content\/uploads\/2025\/02\/IMG_5292-1500x1000.jpg 1500w, https:\/\/amazonia.fiocruz.br\/wp-content\/uploads\/2025\/02\/IMG_5292-705x470.jpg 705w\" sizes=\"(max-width: 1690px) 100vw, 1690px\" \/><\/p>\n<p style=\"text-align: justify;\">Para a segunda turma do VigiFronteiras dever\u00e3o ser incorporados dois novos programas do ILMD\/Fiocruz Amaz\u00f4nia: o Programa de P\u00f3s-Gradua\u00e7\u00e3o em Biologia da Intera\u00e7\u00e3o Pat\u00f3geno-Hospedeiro (PPGBIO-Intera\u00e7\u00e3o) e o Doutorado Acad\u00eamico em Sa\u00fade P\u00fablica na Amaz\u00f4nia (DASPAM).&nbsp;A coordenadora geral do VigiFronteiras, Eduarda Cesse, ressalta a import\u00e2ncia da participa\u00e7\u00e3o da Fiocruz Amaz\u00f4nia, como Unidade Polo do programa.<\/p>\n<p style=\"text-align: justify;\">\u201cA Fiocruz Amaz\u00f4nia \u00e9 estrat\u00e9gica pela sua posi\u00e7\u00e3o geogr\u00e1fica, pela qualidade de seus programas e pela experi\u00eancia e capacidade dos seus pesquisadores em formar recursos humanos para o SUS na regi\u00e3o e nas \u00e1reas de fronteira, a exemplo do que j\u00e1 faz ao longo de sua hist\u00f3ria e do que t\u00eam formado na primeira turma do VigiFronteiras, que com certeza vai se repetir o VigiFronteiras 2\u201d, afirma Eduarda Cesse, refor\u00e7ando a import\u00e2ncia da incorpora\u00e7\u00e3o de novos programas de p\u00f3s-gradua\u00e7\u00e3o da regi\u00e3o amaz\u00f4nica. Na ocasi\u00e3o, ela destacou o empenho da Fiocruz Amaz\u00f4nia no Vigifronteiras 1. \u201cAgradecemos o comprometimento de diversos docentes e da unidade como um todo com programa. Tivemos diversos casos de sucesso, de mestrandos formados que at\u00e9 ganharam pr\u00eamios, o que s\u00f3 refor\u00e7a a qualidade do nosso programa e \u00e9 um term\u00f4metro de que estamos no caminho certo\u201d, salientou.<\/p>\n<p style=\"text-align: justify;\"><img decoding=\"async\" class=\"alignnone wp-image-52961\" src=\"https:\/\/amazonia.fiocruz.br\/wp-content\/uploads\/2025\/02\/IMG_5287-300x200.jpg\" alt=\"\" width=\"1690\" height=\"1125\" srcset=\"https:\/\/amazonia.fiocruz.br\/wp-content\/uploads\/2025\/02\/IMG_5287-300x200.jpg 300w, https:\/\/amazonia.fiocruz.br\/wp-content\/uploads\/2025\/02\/IMG_5287-1030x687.jpg 1030w, https:\/\/amazonia.fiocruz.br\/wp-content\/uploads\/2025\/02\/IMG_5287-768x512.jpg 768w, https:\/\/amazonia.fiocruz.br\/wp-content\/uploads\/2025\/02\/IMG_5287-2048x1365.jpg 2048w, https:\/\/amazonia.fiocruz.br\/wp-content\/uploads\/2025\/02\/IMG_5287-1500x1000.jpg 1500w, https:\/\/amazonia.fiocruz.br\/wp-content\/uploads\/2025\/02\/IMG_5287-705x470.jpg 705w\" sizes=\"(max-width: 1690px) 100vw, 1690px\" \/><\/p>\n<p style=\"text-align: justify;\">O cons\u00f3rcio de programas de p\u00f3s-gradua\u00e7\u00e3o que formam o Programa VigiFronteiras-Brasil conta tamb\u00e9m com os Programas de P\u00f3s-Gradua\u00e7\u00e3o em Epidemiologia em Sa\u00fade P\u00fablica, Sa\u00fade P\u00fablica e Meio Ambiente e Sa\u00fade P\u00fablica da Escola Nacional de Sa\u00fade P\u00fablica Sergio Arouca (ENSP\/Fiocruz), al\u00e9m de docentes da Fiocruz Mato Grosso do Sul. Outras informa\u00e7\u00f5es sobre programa no site <a href=\"formacaovigisaude.fiocruz.br\">formacaovigisaude.fiocruz.br<\/a> e no seu perfil nas m\u00eddias sociais <a href=\"https:\/\/www.instagram.com\/formacaovigisaudefiocruz\/\">@formacaovigisaudefiocruz.<\/a><\/p>\n<p><em>ILMD\/Fiocruz Amaz\u00f4nia, Por J\u00falio Pedrosa<\/em><\/p>\n<p><em>Fotos: J\u00falio Pedrosa<\/em><\/p>\n<\/div><\/section>\n","protected":false},"excerpt":{"rendered":"<p>Coordenadora Geral Adjunta e do Stricto Sensu da Fiocruz e coordenadora do VigiFronteiras Brasil, Eduarda Cesse, juntamente com a coordenadora acad\u00eamica do programa, Andr\u00e9a Sobral, e a coordenadora de Gest\u00e3o Ad\u00e9lia Ara\u00fajo, se reuniram na sede do ILMD\/Fiocruz Amaz\u00f4nia para consolidar a Unidade como um Polo do Programa VigiFronteiras Brasil 2<\/p>\n","protected":false},"author":60,"featured_media":52963,"comment_status":"closed","ping_status":"closed","sticky":true,"template":"","format":"image","meta":{"footnotes":""},"categories":[15],"tags":[],"class_list":["post-52960","post","type-post","status-publish","format-image","has-post-thumbnail","hentry","category-noticias","post_format-post-format-image"],"_links":{"self":[{"href":"https:\/\/amazonia.fiocruz.br\/index.php?rest_route=\/wp\/v2\/posts\/52960","targetHints":{"allow":["GET"]}}],"collection":[{"href":"https:\/\/amazonia.fiocruz.br\/index.php?rest_route=\/wp\/v2\/posts"}],"about":[{"href":"https:\/\/amazonia.fiocruz.br\/index.php?rest_route=\/wp\/v2\/types\/post"}],"author":[{"embeddable":true,"href":"https:\/\/amazonia.fiocruz.br\/index.php?rest_route=\/wp\/v2\/users\/60"}],"replies":[{"embeddable":true,"href":"https:\/\/amazonia.fiocruz.br\/index.php?rest_route=%2Fwp%2Fv2%2Fcomments&post=52960"}],"version-history":[{"count":4,"href":"https:\/\/amazonia.fiocruz.br\/index.php?rest_route=\/wp\/v2\/posts\/52960\/revisions"}],"predecessor-version":[{"id":53004,"href":"https:\/\/amazonia.fiocruz.br\/index.php?rest_route=\/wp\/v2\/posts\/52960\/revisions\/53004"}],"wp:featuredmedia":[{"embeddable":true,"href":"https:\/\/amazonia.fiocruz.br\/index.php?rest_route=\/wp\/v2\/media\/52963"}],"wp:attachment":[{"href":"https:\/\/amazonia.fiocruz.br\/index.php?rest_route=%2Fwp%2Fv2%2Fmedia&parent=52960"}],"wp:term":[{"taxonomy":"category","embeddable":true,"href":"https:\/\/amazonia.fiocruz.br\/index.php?rest_route=%2Fwp%2Fv2%2Fcategories&post=52960"},{"taxonomy":"post_tag","embeddable":true,"href":"https:\/\/amazonia.fiocruz.br\/index.php?rest_route=%2Fwp%2Fv2%2Ftags&post=52960"}],"curies":[{"name":"wp","href":"https:\/\/api.w.org\/{rel}","templated":true}]}}