{"id":52460,"date":"2025-01-23T12:08:25","date_gmt":"2025-01-23T16:08:25","guid":{"rendered":"https:\/\/amazonia.fiocruz.br\/?p=52460"},"modified":"2025-01-23T12:08:26","modified_gmt":"2025-01-23T16:08:26","slug":"fiocruz-amazonia-participa-de-discussao-sobre-prioridades-de-investigacao-acerca-dos-vetores-da-febre-oropouche","status":"publish","type":"post","link":"https:\/\/amazonia.fiocruz.br\/?p=52460","title":{"rendered":"<strong>Fiocruz Amaz\u00f4nia participa de discuss\u00e3o sobre prioridades de investiga\u00e7\u00e3o acerca dos vetores da febre Oropouche<\/strong>"},"content":{"rendered":"<section class=\"av_textblock_section \"  itemscope=\"itemscope\" itemtype=\"https:\/\/schema.org\/BlogPosting\" itemprop=\"blogPost\" ><div class='avia_textblock  '   itemprop=\"text\" ><p style=\"text-align: justify;\">O Instituto Le\u00f4nidas e Maria Deane (ILMD\/Fiocruz Amaz\u00f4nia) \u00e9 uma das institui\u00e7\u00f5es de pesquisa presentes \u00e0 Reuni\u00e3o de Especialistas para discuss\u00e3o de prioridades de investiga\u00e7\u00e3o sobre o v\u00edrus Oropouche, promovida pela Organiza\u00e7\u00e3o Panamericana de Sa\u00fade (OPAS\/OMS), na cidade de Bogot\u00e1, na Col\u00f4mbia. O evento ter\u00e1 dois dias de dura\u00e7\u00e3o, 22 e 23\/01, reunindo pesquisadores e especialistas de pa\u00edses da Am\u00e9rica Latina e Caribe, tendo como um dos focos principais os estudos acerca da biologia dos mosquitos silvestres, apontados como potenciais vetores da doen\u00e7a. Especialistas na \u00e1rea, os pesquisadores em Sa\u00fade P\u00fablica do Laborat\u00f3rio Ecologia de Doen\u00e7as Transmiss\u00edveis na Amaz\u00f4nia (EDTA), da Fiocruz Amaz\u00f4nia, Felipe Costa Arley Pessoa e Cl\u00e1udia Maria R\u00edo Velasquez, participam do evento abordando poss\u00edveis estrat\u00e9gias de vigil\u00e2ncia, captura e controle, al\u00e9m de dados sobre a ecologia de potenciais vetores, a exemplo do maruim (<em>Culicoides<\/em>), e os desafios para o controle da febre Oropouche<\/p>\n<p style=\"text-align: justify;\">Em sua palestra, Felipe Pessoa ressaltou a import\u00e2ncia dos estudos entomol\u00f3gicos realizados nos pa\u00edses de ocorr\u00eancia da doen\u00e7a, como uma forma de entender o papel dos vetores no processo de dissemina\u00e7\u00e3o da febre Oropouche. \u201cNa palestra, enfatizei a quest\u00e3o dos mosquitos silvestres e urbanos, destacando os <em>Culicoides<\/em>, que s\u00e3o objeto de estudos do grupo de pesquisa do nosso Laborat\u00f3rio e em quais das Am\u00e9ricas tiveram mais estudos sobre ecologia e dados de biologia desses vetores. H\u00e1 uma aus\u00eancia de informa\u00e7\u00f5es e a necessidade de estudos que a OPAS vai induzir junto com a OMS nesses diversos pa\u00edses sobre linhas de pesquisa que devem se iniciar com o objetivo final do controle da doen\u00e7a\u201d, explica o pesquisador, salientando que muito ainda tem que ser feito para conhecer a ecologia desses vetores (taxonomia, sistem\u00e1tica, capacidade vetorial, compet\u00eancia vetorial). Todas as propostas far\u00e3o parte de um documento que a OPAS produzir\u00e1 ao final do encontro.<\/p>\n<p style=\"text-align: justify;\">Em novembro do ano passado, a Fiocruz Amaz\u00f4nia, em parceria com a OPAS\/OMS e Minist\u00e9rio da Sa\u00fade (MS), realizou curso de imers\u00e3o sobre taxonomia do maruim (<em>Culicoides<\/em>) para entom\u00f3logos de nove pa\u00edses das Am\u00e9ricas do Sul e Central e do Caribe, dentro do Programa Regional de Entomologia em Sa\u00fade P\u00fablica da OPAS\/OMS. A capacita\u00e7\u00e3o enfocou aspectos da biologia, ecologia e vigil\u00e2ncia dos insetos do g\u00eanero <em>Culicoides<\/em>, capacitando, no total, 18 entom\u00f3logos de pa\u00edses como Bol\u00edvia, Cuba, Guatemala, Honduras, Rep\u00fablica Domenicana, Costa Rica, Paraguai e Brasil, com o suporte log\u00edstico e financeiro da OPAS. O curso foi ministrado pelo Laborat\u00f3rio de Ecologia de Doen\u00e7as Transmiss\u00edveis na Amaz\u00f4nia (EDTA), do ILMD\/Fiocruz Amaz\u00f4nia.<\/p>\n<p><em>ILMD\/Fiocruz Amaz\u00f4nia, por J\u00falio Pedrosa<\/em><\/p>\n<p><em>Foto: Divulga\u00e7\u00e3o \/ Fiocruz Amaz\u00f4nia<\/em><\/p>\n<\/div><\/section>\n","protected":false},"excerpt":{"rendered":"<p>Um dos focos principais do evento s\u00e3o os estudos acerca da biologia dos mosquitos silvestres, apontados como potenciais vetores da doen\u00e7a<\/p>\n","protected":false},"author":60,"featured_media":52461,"comment_status":"closed","ping_status":"closed","sticky":true,"template":"","format":"image","meta":{"footnotes":""},"categories":[15],"tags":[],"class_list":["post-52460","post","type-post","status-publish","format-image","has-post-thumbnail","hentry","category-noticias","post_format-post-format-image"],"_links":{"self":[{"href":"https:\/\/amazonia.fiocruz.br\/index.php?rest_route=\/wp\/v2\/posts\/52460","targetHints":{"allow":["GET"]}}],"collection":[{"href":"https:\/\/amazonia.fiocruz.br\/index.php?rest_route=\/wp\/v2\/posts"}],"about":[{"href":"https:\/\/amazonia.fiocruz.br\/index.php?rest_route=\/wp\/v2\/types\/post"}],"author":[{"embeddable":true,"href":"https:\/\/amazonia.fiocruz.br\/index.php?rest_route=\/wp\/v2\/users\/60"}],"replies":[{"embeddable":true,"href":"https:\/\/amazonia.fiocruz.br\/index.php?rest_route=%2Fwp%2Fv2%2Fcomments&post=52460"}],"version-history":[{"count":1,"href":"https:\/\/amazonia.fiocruz.br\/index.php?rest_route=\/wp\/v2\/posts\/52460\/revisions"}],"predecessor-version":[{"id":52462,"href":"https:\/\/amazonia.fiocruz.br\/index.php?rest_route=\/wp\/v2\/posts\/52460\/revisions\/52462"}],"wp:featuredmedia":[{"embeddable":true,"href":"https:\/\/amazonia.fiocruz.br\/index.php?rest_route=\/wp\/v2\/media\/52461"}],"wp:attachment":[{"href":"https:\/\/amazonia.fiocruz.br\/index.php?rest_route=%2Fwp%2Fv2%2Fmedia&parent=52460"}],"wp:term":[{"taxonomy":"category","embeddable":true,"href":"https:\/\/amazonia.fiocruz.br\/index.php?rest_route=%2Fwp%2Fv2%2Fcategories&post=52460"},{"taxonomy":"post_tag","embeddable":true,"href":"https:\/\/amazonia.fiocruz.br\/index.php?rest_route=%2Fwp%2Fv2%2Ftags&post=52460"}],"curies":[{"name":"wp","href":"https:\/\/api.w.org\/{rel}","templated":true}]}}