{"id":50709,"date":"2024-12-13T14:23:46","date_gmt":"2024-12-13T18:23:46","guid":{"rendered":"https:\/\/amazonia.fiocruz.br\/?p=50709"},"modified":"2024-12-13T16:16:56","modified_gmt":"2024-12-13T20:16:56","slug":"ppgbio-interacao-realiza-ii-oficina-de-planejamento-estrategico-e-autoavaliacao-com-vistas-ao-quadrienio-2025-2029","status":"publish","type":"post","link":"https:\/\/amazonia.fiocruz.br\/?p=50709","title":{"rendered":"<strong>PPGBIO-Intera\u00e7\u00e3o realiza II Oficina de Planejamento Estrat\u00e9gico e Autoavalia\u00e7\u00e3o com vistas ao quadri\u00eanio 2025-2029<\/strong>"},"content":{"rendered":"<section class=\"av_textblock_section \"  itemscope=\"itemscope\" itemtype=\"https:\/\/schema.org\/BlogPosting\" itemprop=\"blogPost\" ><div class='avia_textblock  '   itemprop=\"text\" ><p style=\"text-align: justify;\">O Programa de P\u00f3s-Gradua\u00e7\u00e3o em Biologia da Intera\u00e7\u00e3o Pat\u00f3geno-Hospedeiro (PPGBIO-Intera\u00e7\u00e3o), oferecido pelo Instituto Le\u00f4nidas e Maria Deane (ILMD\/Fiocruz Amaz\u00f4nia), realiza, nas pr\u00f3ximas segunda e ter\u00e7a-f\u00e9rias, 16 e 17\/12, a II Oficina de Planejamento Estrat\u00e9gico e Autoavalia\u00e7\u00e3o do PPGBIO-Intera\u00e7\u00e3o. A oficina integra o processo cont\u00ednuo de autoavalia\u00e7\u00e3o proposto pela Coordena\u00e7\u00e3o de Aperfei\u00e7oamento Pessoal de N\u00edvel Superior (CAPES), do Minist\u00e9rio da Educa\u00e7\u00e3o, como forma de promover o aperfei\u00e7oamento dos programas de p\u00f3s-gradua\u00e7\u00e3o, envolvendo discentes, docentes, egressos, colaboradores, entre outros atores do processo.<\/p>\n<p style=\"text-align: justify;\">A coordenadora do PPGBIO-Intera\u00e7\u00e3o, a pesquisadora da Fiocruz Amaz\u00f4nia Dra. Priscila Aquino, destaca que a iniciativa visa revisitar o planejamento estrat\u00e9gico elaborado na primeira oficina, ocorrida em abril do ano passado, e estabelecer metas para o pr\u00f3ximo quadri\u00eanio (2025-2029). Na programa\u00e7\u00e3o do evento, haver\u00e1 espa\u00e7o discuss\u00e3o e avalia\u00e7\u00e3o das disciplinas, matriz curricular, atividades curriculares e linhas de pesquisa do programa.<\/p>\n<p style=\"text-align: justify;\">A II Oficina, que acontecer\u00e1 no Sal\u00e3o Canoas, das 9h \u00e0s 12h e das 14h \u00e0s 17h, contar\u00e1 com a participa\u00e7\u00e3o de dois convidados externos: Dr. Andr\u00e9 Luiz Rodrigues Roque, chefe substituto do Laborat\u00f3rio de Biologia de Tripanosomat\u00eddeos, do Instituto Oswaldo Cruz (IOC\/Fiocruz),\u00a0e Dra. Juliana\u00a0Pavan\u00a0Zuliani, pesquisadora respons\u00e1vel pelo Laborat\u00f3rio de Imunologia Celular Aplicada \u00e0 Sa\u00fade da Fiocruz Rond\u00f4nia.<\/p>\n<p style=\"text-align: justify;\">\u201cA autoavalia\u00e7\u00e3o \u00e9 um processo cont\u00ednuo e permanente que vem sendo instalado pela CAPES junto aos programas de p\u00f3s-gradua\u00e7\u00e3o, como um momento de olhar para si, no que se refere \u00e0 matriz curricular, aspectos voltados \u00e0 divulga\u00e7\u00e3o dos trabalhos dos alunos, \u00e0 infraestrutura, entre outros pontos, e a partir dos resultados obtidos se propor melhorias\u201d, explica Priscila Aquino, salientando a import\u00e2ncia de contar com todos os envolvidos no processo e membros externos.<\/p>\n<p style=\"text-align: justify;\">A pesquisadora observa que, durante o evento, \u00e9 poss\u00edvel identificar poss\u00edveis gargalos e solu\u00e7\u00f5es do programa. Para isso, foram elaborados question\u00e1rios que foram aplicados a discentes, docentes e egressos, al\u00e9m dos colaboradores da Secretaria Acad\u00eamica, para um diagn\u00f3stico nos diferentes aspectos que formam o escopo do PPGBIO-Intera\u00e7\u00e3o. \u201cO evento se propor\u00e1 tamb\u00e9m a realizar uma autoavalia\u00e7\u00e3o desse ciclo da avalia\u00e7\u00e3o quadrienal da CAPES 2021-2024.<\/p>\n<p style=\"text-align: justify;\">O PPGBIO \u00e9 um programa que tem como ess\u00eancia a investiga\u00e7\u00e3o e forma\u00e7\u00e3o de recursos humanos voltadas para o entendimento da din\u00e2mica de transmiss\u00e3o das doen\u00e7as e as intera\u00e7\u00f5es moleculares e celulares da rela\u00e7\u00e3o pat\u00f3geno-hospedeiro no \u00e2mbito da biodiversidade amaz\u00f4nica, oferecendo cursos de Mestrado e Doutorado.<\/p>\n<p><em>ILMD\/Fiocruz Amaz\u00f4nia, Por J\u00falio Pedrosa<\/em><\/p>\n<p><em>Imagem: Mackesy Nascimento<\/em><\/p>\n<\/div><\/section>\n","protected":false},"excerpt":{"rendered":"<p>Evento integra processo cont\u00ednuo de autoavalia\u00e7\u00e3o proposto pela CAPES, como forma de promover o aperfei\u00e7oamento dos programas de p\u00f3s-gradua\u00e7\u00e3o<\/p>\n","protected":false},"author":60,"featured_media":50710,"comment_status":"closed","ping_status":"closed","sticky":true,"template":"","format":"image","meta":{"footnotes":""},"categories":[15],"tags":[1182,1184,1181],"class_list":["post-50709","post","type-post","status-publish","format-image","has-post-thumbnail","hentry","category-noticias","tag-capes-2","tag-planejamentoestrategico","tag-ppgbiointeracao","post_format-post-format-image"],"_links":{"self":[{"href":"https:\/\/amazonia.fiocruz.br\/index.php?rest_route=\/wp\/v2\/posts\/50709","targetHints":{"allow":["GET"]}}],"collection":[{"href":"https:\/\/amazonia.fiocruz.br\/index.php?rest_route=\/wp\/v2\/posts"}],"about":[{"href":"https:\/\/amazonia.fiocruz.br\/index.php?rest_route=\/wp\/v2\/types\/post"}],"author":[{"embeddable":true,"href":"https:\/\/amazonia.fiocruz.br\/index.php?rest_route=\/wp\/v2\/users\/60"}],"replies":[{"embeddable":true,"href":"https:\/\/amazonia.fiocruz.br\/index.php?rest_route=%2Fwp%2Fv2%2Fcomments&post=50709"}],"version-history":[{"count":3,"href":"https:\/\/amazonia.fiocruz.br\/index.php?rest_route=\/wp\/v2\/posts\/50709\/revisions"}],"predecessor-version":[{"id":50728,"href":"https:\/\/amazonia.fiocruz.br\/index.php?rest_route=\/wp\/v2\/posts\/50709\/revisions\/50728"}],"wp:featuredmedia":[{"embeddable":true,"href":"https:\/\/amazonia.fiocruz.br\/index.php?rest_route=\/wp\/v2\/media\/50710"}],"wp:attachment":[{"href":"https:\/\/amazonia.fiocruz.br\/index.php?rest_route=%2Fwp%2Fv2%2Fmedia&parent=50709"}],"wp:term":[{"taxonomy":"category","embeddable":true,"href":"https:\/\/amazonia.fiocruz.br\/index.php?rest_route=%2Fwp%2Fv2%2Fcategories&post=50709"},{"taxonomy":"post_tag","embeddable":true,"href":"https:\/\/amazonia.fiocruz.br\/index.php?rest_route=%2Fwp%2Fv2%2Ftags&post=50709"}],"curies":[{"name":"wp","href":"https:\/\/api.w.org\/{rel}","templated":true}]}}