{"id":49889,"date":"2024-11-28T11:46:14","date_gmt":"2024-11-28T15:46:14","guid":{"rendered":"https:\/\/amazonia.fiocruz.br\/?p=49889"},"modified":"2024-11-28T11:46:15","modified_gmt":"2024-11-28T15:46:15","slug":"fiocruz-amazonia-divulga-1a-republicacao-da-chamada-publica-no-011-2024","status":"publish","type":"post","link":"https:\/\/amazonia.fiocruz.br\/?p=49889","title":{"rendered":"Fiocruz Amaz\u00f4nia divulga 1\u00aa Republica\u00e7\u00e3o da Chamada P\u00fablica n\u00ba 011\/2024"},"content":{"rendered":"<section class=\"av_textblock_section \"  itemscope=\"itemscope\" itemtype=\"https:\/\/schema.org\/BlogPosting\" itemprop=\"blogPost\" ><div class='avia_textblock  '   itemprop=\"text\" ><p style=\"text-align: justify;\">O Instituto Le\u00f4nidas &amp; Maria Deane (ILMD\/Fiocruz Amaz\u00f4nia), divulgou nesta quarta-feira, 27\/11, a 1\u00aa Republica\u00e7\u00e3o da Chamada P\u00fablica n\u00ba 011\/2024, referente ao processo de sele\u00e7\u00e3o p\u00fablica de candidatos para ingresso no Curso de Doutorado Acad\u00eamico do Programa de P\u00f3s-Gradua\u00e7\u00e3o Stricto Sensu em Biologia da Intera\u00e7\u00e3o Pat\u00f3geno Hospedeiro (PPGBIO-Intera\u00e7\u00e3o). A republica\u00e7\u00e3o apresenta altera\u00e7\u00f5es no anexo I \u2013 Cronograma do processo de sele\u00e7\u00e3o; Anexo II \u2013 Lista de orientadores; Anexo V \u2013 Instru\u00e7\u00e3o para pagar GRU e Anexo VII \u2013 Pontua\u00e7\u00e3o do Curr\u00edculo Lattes.<\/p>\n<p style=\"text-align: justify;\">As inscri\u00e7\u00f5es se encerram nesta quinta-feira 28\/11. O ingresso ao Curso de Mestrado ser\u00e1 realizado mediante processo seletivo nos termos desta Chamada P\u00fablica e o cronograma com todos os eventos das etapas dispon\u00edveis no edital. O processo de sele\u00e7\u00e3o ser\u00e1 realizado em 4 etapas: 1\u00aa Etapa: Homologa\u00e7\u00e3o das inscri\u00e7\u00f5es; 2\u00aa Etapa: Prova Escrita; 3\u00aa Etapa: Prova oral \u2013 Projeto de Pesquisa e Entrevista; 4\u00aa Etapa: Avalia\u00e7\u00e3o do Curr\u00edculo Lattes documentado. A segunda etapa ser\u00e1 h\u00edbrida, podendo o (a) candidato (a) escolher se prefere realizar a prova de forma presencial ou on-line.<\/p>\n<p style=\"text-align: justify;\"><a href=\"https:\/\/amazonia.fiocruz.br\/?page_id=49362\">Acesse AQUI a republica\u00e7\u00e3o<\/a>.<\/p>\n<p style=\"text-align: justify;\">O curso, cujas vagas s\u00e3o oferecidas na presente Chamada P\u00fablica, ter\u00e1 sede em Manaus. Para esta Chamada P\u00fablica, est\u00e3o sendo oferecidas 20 vagas, nas seguintes linhas de pesquisa: Linha de pesquisa 1: Eco epidemiologia das doen\u00e7as transmiss\u00edveis; Linha de pesquisa 2: Bioqu\u00edmica, biologia celular e molecular de pat\u00f3genos e seus vetores. Ao egresso desse curso ser\u00e1 outorgado o Diploma de Mestre em Ci\u00eancias com \u00e1rea de concentra\u00e7\u00e3o em Biologia da Intera\u00e7\u00e3o Pat\u00f3geno Hospedeiro.<\/p>\n<p style=\"text-align: justify;\">A divulga\u00e7\u00e3o da classifica\u00e7\u00e3o final da sele\u00e7\u00e3o ocorre no dia 23 de dezembro. As aulas est\u00e3o previstas para iniciar em 17 de mar\u00e7o de 2025.<\/p>\n<p style=\"text-align: justify;\"><strong>SOBRE O PPGBIO-INTERA\u00c7\u00c3O<\/strong><\/p>\n<p style=\"text-align: justify;\">O Programa de P\u00f3s-Gradua\u00e7\u00e3o em Biologia da Intera\u00e7\u00e3o Pat\u00f3geno-Hospedeiro \u00e9 curso strictu sensu que tem como ess\u00eancia a din\u00e2mica de transmiss\u00e3o das doen\u00e7as e as intera\u00e7\u00f5es moleculares e celulares da rela\u00e7\u00e3o pat\u00f3geno-hospedeiro no \u00e2mbito da maior biodiversidade mundial.<\/p>\n<p style=\"text-align: justify;\">O PPGBIO-Intera\u00e7\u00e3o se enquadra na grande \u00e1rea em Parasitologia devido a pesquisa e ensino terem \u00eanfase na eco-epidemiologia e biodiversidade de micro-organismos e vetores; fatores de virul\u00eancia, mecanismos fisiopatol\u00f3gicos e imunol\u00f3gicos associados na intera\u00e7\u00e3o parasito-hospedeiro.<\/p>\n<p style=\"text-align: justify;\">Estes diversos aspectos s\u00e3o os principais delineadores para escolha da \u00e1rea de concentra\u00e7\u00e3o da Ci\u00eancias Biol\u00f3gicas III, por esta ser uma \u00e1rea multidisciplinar e baseada no eixo bioqu\u00edmica, gen\u00e9tica, biol\u00f3gico, celular e molecular. Os alunos recebem uma forma\u00e7\u00e3o em \u00e1reas estrat\u00e9gicas por sua import\u00e2ncia e que precisam ser desenvolvidas no Estado.<\/p>\n<h6 style=\"text-align: justify;\"><strong><em>ILMD \/ Fiocruz Amaz\u00f4nia, Por Eduardo Gomes<\/em><\/strong><\/h6>\n<h6 style=\"text-align: justify;\"><strong><em>Imagem: Mackesy Nascimento<\/em><\/strong><\/h6>\n<\/div><\/section>\n","protected":false},"excerpt":{"rendered":"<p>As inscri\u00e7\u00f5es se encerram nesta quinta-feira 28\/11. <\/p>\n","protected":false},"author":20,"featured_media":49890,"comment_status":"closed","ping_status":"closed","sticky":true,"template":"","format":"image","meta":{"footnotes":""},"categories":[15],"tags":[919,136,120,119,131,427],"class_list":["post-49889","post","type-post","status-publish","format-image","has-post-thumbnail","hentry","category-noticias","tag-doutorado","tag-fiocruz","tag-fiocruz-amazonia","tag-ilmd","tag-ilmdfiocruz-amazonia","tag-processo-seletivo","post_format-post-format-image"],"_links":{"self":[{"href":"https:\/\/amazonia.fiocruz.br\/index.php?rest_route=\/wp\/v2\/posts\/49889","targetHints":{"allow":["GET"]}}],"collection":[{"href":"https:\/\/amazonia.fiocruz.br\/index.php?rest_route=\/wp\/v2\/posts"}],"about":[{"href":"https:\/\/amazonia.fiocruz.br\/index.php?rest_route=\/wp\/v2\/types\/post"}],"author":[{"embeddable":true,"href":"https:\/\/amazonia.fiocruz.br\/index.php?rest_route=\/wp\/v2\/users\/20"}],"replies":[{"embeddable":true,"href":"https:\/\/amazonia.fiocruz.br\/index.php?rest_route=%2Fwp%2Fv2%2Fcomments&post=49889"}],"version-history":[{"count":1,"href":"https:\/\/amazonia.fiocruz.br\/index.php?rest_route=\/wp\/v2\/posts\/49889\/revisions"}],"predecessor-version":[{"id":49891,"href":"https:\/\/amazonia.fiocruz.br\/index.php?rest_route=\/wp\/v2\/posts\/49889\/revisions\/49891"}],"wp:featuredmedia":[{"embeddable":true,"href":"https:\/\/amazonia.fiocruz.br\/index.php?rest_route=\/wp\/v2\/media\/49890"}],"wp:attachment":[{"href":"https:\/\/amazonia.fiocruz.br\/index.php?rest_route=%2Fwp%2Fv2%2Fmedia&parent=49889"}],"wp:term":[{"taxonomy":"category","embeddable":true,"href":"https:\/\/amazonia.fiocruz.br\/index.php?rest_route=%2Fwp%2Fv2%2Fcategories&post=49889"},{"taxonomy":"post_tag","embeddable":true,"href":"https:\/\/amazonia.fiocruz.br\/index.php?rest_route=%2Fwp%2Fv2%2Ftags&post=49889"}],"curies":[{"name":"wp","href":"https:\/\/api.w.org\/{rel}","templated":true}]}}