{"id":49773,"date":"2024-11-24T13:07:42","date_gmt":"2024-11-24T17:07:42","guid":{"rendered":"https:\/\/amazonia.fiocruz.br\/?p=49773"},"modified":"2024-11-24T13:07:43","modified_gmt":"2024-11-24T17:07:43","slug":"olimpiada-brasileira-de-saude-e-meio-ambiente-da-fiocruz-anuncia-os-vencedores-dia-26-11-no-campus-manguinhos-com-transmissao-on-line","status":"publish","type":"post","link":"https:\/\/amazonia.fiocruz.br\/?p=49773","title":{"rendered":"<strong>Olimp\u00edada Brasileira de Sa\u00fade e Meio Ambiente da Fiocruz anuncia os vencedores dia 26\/11, no Campus Manguinhos, com transmiss\u00e3o on line&nbsp;<\/strong>"},"content":{"rendered":"<section class=\"av_textblock_section \"  itemscope=\"itemscope\" itemtype=\"https:\/\/schema.org\/BlogPosting\" itemprop=\"blogPost\" ><div class='avia_textblock  '   itemprop=\"text\" ><p style=\"text-align: justify;\">Nesta ter\u00e7a-feira, dia 26\/11, o Brasil conhecer\u00e1 os nomes dos 37 trabalhos selecionados nas etapas regionais e os grandes vencedores da 12a edi\u00e7\u00e3o da Olimp\u00edada Brasileira de Sa\u00fade e Meio Ambiente da Funda\u00e7\u00e3o Oswaldo Cruz. A cerim\u00f4nia de premia\u00e7\u00e3o, nas modalidades Produ\u00e7\u00e3o de Texto, Produ\u00e7\u00e3o Audiovisual e Projeto de Ci\u00eancias, ser\u00e1 realizada no Audit\u00f3rio do Museu da Vida, no Campus Manguinhos, sede da Fiocruz, no Rio de Janeiro, a partir das 9h. Na oportunidade, representantes de escolas de todo o Pa\u00eds, vencedoras das etapas realizadas pelas seis coordena\u00e7\u00f5es regionais da Obsma (Norte, Nordeste I, Nordeste II, Sudeste, Centro-Oeste e Minas-Sul), participar\u00e3o presencialmente da solenidade, que ter\u00e1 transmiss\u00e3o on line pelo Canal do You Tube da <a href=\"https:\/\/youtube.com\/live\/4lTOvp-Hwio?feature=share\">Obsma<\/a>.<\/p>\n<p style=\"text-align: justify;\">Al\u00e9m da premia\u00e7\u00e3o, os estudantes contemplados nas etapas regionais poder\u00e3o concorrer a uma bolsa de inicia\u00e7\u00e3o cient\u00edfica j\u00fanior, com dura\u00e7\u00e3o de um ano, dentro da etapa Mentoria nas Escolas, que tem por finalidade promover o acompanhamento dos estudantes destaques da Obsma, como forma de fomentar ainda mais o interesse dos alunos pela carreira acad\u00eamica cient\u00edfica. Na ocasi\u00e3o, ser\u00e1 anunciado tamb\u00e9m o resultado do Pr\u00eamio Menina Hoje, Cientista Amanh\u00e3, que contempla trabalhos feitos por professoras e alunas, como est\u00edmulo \u00e0 presen\u00e7a feminina na Ci\u00eancia. Este ano, a homenageada da edi\u00e7\u00e3o ser\u00e1 a cientista cearense Alda Falc\u00e3o, falecida em 2019. Nesta edi\u00e7\u00e3o, a Olimp\u00edada da Fiocruz contou com 2.478 professores e 44.091 alunos participantes.<\/p>\n<p style=\"text-align: justify;\">&#8220;Estamos satisfeitos com o alcance obtido n\u00e3o apenas pelo n\u00famero geral de trabalhos e participantes envolvidos, mas tamb\u00e9m pela presen\u00e7a marcante da Olimp\u00edada Brasileira de Sa\u00fade e Meio Ambiente nos quatro cantos do Pa\u00eds com uma atua\u00e7\u00e3o diversificada das coordena\u00e7\u00f5es regionais e as parcerias firmadas com as unidades e escrit\u00f3rios regionais da Fiocruz, em todo Brasil, bem como com as institui\u00e7\u00f5es p\u00fablicas locais, a exemplo das secretarias de Educa\u00e7\u00e3o dos Estados e Munic\u00edpios, que abra\u00e7aram a ideia e contribu\u00edram com a dissemina\u00e7\u00e3o da Olimp\u00edada junto \u00e0s escolas&#8221;, ressalta a coordenadora nacional da Obsma, Cristina Araripe.<\/p>\n<p style=\"text-align: justify;\">Segundo Araripe, as parcerias t\u00eam papel estrat\u00e9gico da Obsma enquanto um projeto educacional e no fortalecimento do compromisso da Fiocruz com a educa\u00e7\u00e3o de qualidade no Brasil. &#8220;Nesse contexto, a participa\u00e7\u00e3o da Obsma em eventos nacionais, como a Semana Nacional de Ci\u00eancia e Tecnologia (SNCT) e a Reuni\u00e3o Anual da Sociedade Brasileira para o Progresso da Ci\u00eancia (SBPC) e de extrema import\u00e2ncia para a dissemina\u00e7\u00e3o junto aos professores e alunos.<\/p>\n<p style=\"text-align: justify;\">Cristina Araripe destaca tamb\u00e9m que a diversidade de trabalhos inscritos este ano chamou aten\u00e7\u00e3o da Coordena\u00e7\u00e3o Nacional da Obsma. &#8220;Saber que estamos fomentando discuss\u00f5es e a\u00e7\u00f5es em sala de aula em todo o Pa\u00eds, sobre temas que se conectam \u00e0 Sa\u00fade e ao Ambiente e suas transversalidades, \u00e9 extremamente gratificante e demonstra que estamos alcan\u00e7ando nosso principal objetivo que \u00e9 estimular o interesse pela Ci\u00eancia, Tecnologia e Inova\u00e7\u00e3o junto aos jovens estudantes, de escolas tanto das capitais quanto de munic\u00edpios interioranos em v\u00e1rios estados&#8221;, observou. Temas como reciclagem, biopirataria, biomas, recursos h\u00eddricos, viol\u00eancia sexual, dignidade menstrual, energia e\u00f3lica, racismo ambiental, horta medicinal, preven\u00e7\u00e3o \u00e0 dengue, pandemia de Covid-19, estiveram presentes nas pautas de discuss\u00f5es das equipes que participaram desta edi\u00e7\u00e3o.<\/p>\n<p style=\"text-align: justify;\">Na cerim\u00f4nia da Premia\u00e7\u00e3o Nacional, estar\u00e3o presentes representantes das cidades de Palmas (TO), Cacoal (RO), Rondon\u00f3polis (MT), Caucaia (CE), Cuit\u00e9 (PB). Sobral (CE), Abreu e Lima (PE), Capela (SE), Marituba (PA), Manacapuru (AM), Cachoeira (BA), Baldim (MG), S\u00e3o Leopoldo (RS), Para\u00edba do Sul (RJ) e Botocatu (SP), e as capitais Manaus, S\u00e3o Paulo, Curitiba, Porto Alegre, Goi\u00e2nia e Bras\u00edlia. Ao todo, a Olimp\u00edada teve 1012 trabalhos validados, sendo 57 da Regional Centro-Oeste; 106 da Regional Minas-Sul; 254 da Regional Nordeste I; 206 da Regional Nordeste II; 59 da Regional Norte; e 330 da Regional Sudeste. A avalia\u00e7\u00e3o regional contou com mais de 50 jurados de Norte a Sul, de Leste a Oeste, com trabalhos selecionados das mais diferentes localidades do pa\u00eds.<\/p>\n<p style=\"text-align: justify;\"><strong>AGENDA DE VISITAS<\/strong><\/p>\n<p style=\"text-align: justify;\">Os professores e alunos participantes cumprir\u00e3o agenda de atividades, durante a semana, no Rio de Janeiro, incluindo visitas ao Jardim Bot\u00e2nico e ao Parque Nacional da Tijuca, em parceria com o Instituto Chico Mendes de Conserva\u00e7\u00e3o da Biodiversidade, na segunda-feira, 25\/11, \u00e0s 8h e \u00e0s 14h, respectivamente, al\u00e9m da atividade interativa Cultura Oce\u00e2nica, na Praia Vermelha, \u00e0s 17h. Na ter\u00e7a-feira, 26\/11, acontece a cerim\u00f4nia da Premia\u00e7\u00e3o Nacional, pela manh\u00e3, e \u00e0 tarde, eles visitar\u00e3o o Campus Manguinhos. Na quarta-feira, ir\u00e3o \u00e0 Funda\u00e7\u00e3o Planet\u00e1rio do Rio de Janeiro, \u00e0s 9h, e, \u00e0s 14h, visitam o Museu de Arte do Rio (MAR) e a Pra\u00e7a Mau\u00e1, no Centro Hist\u00f3rico do Rio de Janeiro.<\/p>\n<p><em>ILMD\/Fiocruz Amaz\u00f4nia, Por J\u00falio Pedrosa<\/em><\/p>\n<p><em>Imagem: Obsma Fiocruz<\/em><\/p>\n<\/div><\/section>\n","protected":false},"excerpt":{"rendered":"<p>Na sua d\u00e9cima segunda edi\u00e7\u00e3o, a Obsma Fiocruz contou com 2.478 professores e 44.091 alunos participantes. Da Regional Norte, concorrem \u00e0 premia\u00e7\u00e3o nacional trabalhos do Amazonas, Rond\u00f4nia e Par\u00e1<\/p>\n","protected":false},"author":60,"featured_media":49774,"comment_status":"closed","ping_status":"closed","sticky":true,"template":"","format":"image","meta":{"footnotes":""},"categories":[15],"tags":[],"class_list":["post-49773","post","type-post","status-publish","format-image","has-post-thumbnail","hentry","category-noticias","post_format-post-format-image"],"_links":{"self":[{"href":"https:\/\/amazonia.fiocruz.br\/index.php?rest_route=\/wp\/v2\/posts\/49773","targetHints":{"allow":["GET"]}}],"collection":[{"href":"https:\/\/amazonia.fiocruz.br\/index.php?rest_route=\/wp\/v2\/posts"}],"about":[{"href":"https:\/\/amazonia.fiocruz.br\/index.php?rest_route=\/wp\/v2\/types\/post"}],"author":[{"embeddable":true,"href":"https:\/\/amazonia.fiocruz.br\/index.php?rest_route=\/wp\/v2\/users\/60"}],"replies":[{"embeddable":true,"href":"https:\/\/amazonia.fiocruz.br\/index.php?rest_route=%2Fwp%2Fv2%2Fcomments&post=49773"}],"version-history":[{"count":1,"href":"https:\/\/amazonia.fiocruz.br\/index.php?rest_route=\/wp\/v2\/posts\/49773\/revisions"}],"predecessor-version":[{"id":49775,"href":"https:\/\/amazonia.fiocruz.br\/index.php?rest_route=\/wp\/v2\/posts\/49773\/revisions\/49775"}],"wp:featuredmedia":[{"embeddable":true,"href":"https:\/\/amazonia.fiocruz.br\/index.php?rest_route=\/wp\/v2\/media\/49774"}],"wp:attachment":[{"href":"https:\/\/amazonia.fiocruz.br\/index.php?rest_route=%2Fwp%2Fv2%2Fmedia&parent=49773"}],"wp:term":[{"taxonomy":"category","embeddable":true,"href":"https:\/\/amazonia.fiocruz.br\/index.php?rest_route=%2Fwp%2Fv2%2Fcategories&post=49773"},{"taxonomy":"post_tag","embeddable":true,"href":"https:\/\/amazonia.fiocruz.br\/index.php?rest_route=%2Fwp%2Fv2%2Ftags&post=49773"}],"curies":[{"name":"wp","href":"https:\/\/api.w.org\/{rel}","templated":true}]}}