{"id":49675,"date":"2024-11-12T14:39:16","date_gmt":"2024-11-12T18:39:16","guid":{"rendered":"https:\/\/amazonia.fiocruz.br\/?p=49675"},"modified":"2024-11-12T14:44:27","modified_gmt":"2024-11-12T18:44:27","slug":"fiocruz-amazonia-tem-trabalho-de-pos-graduacao-premiado-na-xvii-reuniao-nacional-de-pesquisas-em-malaria-em-belem","status":"publish","type":"post","link":"https:\/\/amazonia.fiocruz.br\/?p=49675","title":{"rendered":"<strong>Fiocruz Amaz\u00f4nia tem trabalho de p\u00f3s-gradua\u00e7\u00e3o premiado na XVII Reuni\u00e3o Nacional de Pesquisas em Mal\u00e1ria, em Bel\u00e9m<\/strong>"},"content":{"rendered":"<section class=\"av_textblock_section \"  itemscope=\"itemscope\" itemtype=\"https:\/\/schema.org\/BlogPosting\" itemprop=\"blogPost\" ><div class='avia_textblock  '   itemprop=\"text\" ><p style=\"text-align: justify;\">A\u00a0Fiocruz Amaz\u00f4nia teve trabalho de p\u00f3s-gradua\u00e7\u00e3o premiado na XVII Reuni\u00e3o Nacional de Pesquisas em Mal\u00e1ria, ocorrida entre os dias 6 e 9\/11, na cidade de Bel\u00e9m (PA). O estudo, intitulado &#8220;Efeito de uma refei\u00e7\u00e3o sangu\u00ednea adicional na infectividade de <em>Plasmodium vivax<\/em> em <em>Anopheles darlingi<\/em> colonizado&#8221;,\u00a0\u00e9 de autoria da mestranda Ana Carolina Monteiro, 24, aluna do Programa de P\u00f3s-gradua\u00e7\u00e3o em Biologia da Intera\u00e7\u00e3o Pat\u00f3geno-Hospedeiro (PPGBIO-INTERA\u00c7\u00c3O). O p\u00f4ster ficou em segundo lugar entre os mais de 160 trabalhos expostos. O objetivo da pesquisa, segundo Ana Carolina, \u00e9 avaliar o efeito de uma refei\u00e7\u00e3o sangu\u00ednea adicional na taxa e intensidade de infec\u00e7\u00e3o de <em>Plasmodium vivax<\/em> em <em>Anopheles darlingi<\/em> colonizado.<\/p>\n<p style=\"text-align: justify;\">&#8220;O sangue humano oferece grande vantagem para o <em>fitness<\/em> do mosquito e, por conta disso, autores afirmam que essa depend\u00eancia de sangue resulta em frequentes epis\u00f3dios de alimenta\u00e7\u00e3o sangu\u00ednea durante seu ciclo. No entanto, apesar dessas informa\u00e7\u00f5es estarem bem estabelecidas na literatura, poucos estudos levam em conta a influ\u00eancia que diversas alimenta\u00e7\u00f5es podem ter em seus experimentos&#8221;, resume. Ana Carolina \u00e9 bacharel em Ci\u00eancias Biol\u00f3gicas pela Universidade Federal do Amazonas (Ufam).<\/p>\n<p><img decoding=\"async\" class=\"alignnone wp-image-49679\" src=\"https:\/\/amazonia.fiocruz.br\/wp-content\/uploads\/2024\/11\/malaria-1-1-300x246.jpg\" alt=\"\" width=\"1696\" height=\"1391\" srcset=\"https:\/\/amazonia.fiocruz.br\/wp-content\/uploads\/2024\/11\/malaria-1-1-300x246.jpg 300w, https:\/\/amazonia.fiocruz.br\/wp-content\/uploads\/2024\/11\/malaria-1-1-1030x845.jpg 1030w, https:\/\/amazonia.fiocruz.br\/wp-content\/uploads\/2024\/11\/malaria-1-1-768x630.jpg 768w, https:\/\/amazonia.fiocruz.br\/wp-content\/uploads\/2024\/11\/malaria-1-1-705x578.jpg 705w, https:\/\/amazonia.fiocruz.br\/wp-content\/uploads\/2024\/11\/malaria-1-1.jpg 1200w\" sizes=\"(max-width: 1696px) 100vw, 1696px\" \/><\/p>\n<p style=\"text-align: justify;\">\u201cA sensa\u00e7\u00e3o \u00e9, primeiramente, de felicidade por ter tido o projeto reconhecido de maneira t\u00e3o linda. Sinto tamb\u00e9m gratid\u00e3o \u00e0s minhas orientadoras Dra. Stefanie Costa Pinto Lopes e Dra. Camila Fabbri pela confian\u00e7a e pelos ensinamentos. E por fim, sinto orgulho de representar o ILMD\/Fiocruz Amaz\u00f4nia e o curso PPGBIO-INTERA\u00c7\u00c3O nessa premia\u00e7\u00e3o. Tudo que aprendi no curso at\u00e9 agora, seja nas disciplinas ou DPs, foi essencial para que eu alcan\u00e7asse essa premia\u00e7\u00e3o\u201d, avalia a mestranda, que participou pela primeira vez da RNPM.<\/p>\n<p style=\"text-align: justify;\">A XVII RNPM acontece h\u00e1 38 anos. Este ano, sob a coordena\u00e7\u00e3o do Instituto Evandro Chagas e presid\u00eancia de honra do Instituto Oswaldo Cruz (IOC\/Fiocruz), teve como tema \u201cMal\u00e1ria nas Am\u00e9ricas: Perspectivas Rumo \u00e0 Elimina\u00e7\u00e3o sob o Olhar da Sa\u00fade Global\u201d. Contou com diversas sess\u00f5es cient\u00edficas, que trouxeram novas abordagens, inclusive mesas-redondas sobre comunica\u00e7\u00e3o,\u00a0inova\u00e7\u00e3o em sa\u00fade e o impacto das mudan\u00e7as clim\u00e1ticas na epidemiologia e transmiss\u00e3o da mal\u00e1ria numa regi\u00e3o end\u00eamica para a doen\u00e7a. Como evento sat\u00e9lite, ocorreu o II Fiocruz NIAID Symposium \u201cGlobal Health Threats in a Changing Environment\u201d, dias 4 e 5\/11, promovido pela Fiocruz.<\/p>\n<p style=\"text-align: justify;\"><strong>TROCA DE EXPERI\u00caNCIAS<\/strong><\/p>\n<p style=\"text-align: justify;\">A diretora da Fiocruz Amaz\u00f4nia, Stefanie Lopes, que \u00e9 pesquisadora especialista em mal\u00e1ria e coordenou, no evento, a mesa-redonda Mal\u00e1ria e Modelos Preditivos, no Simp\u00f3sio Parceria para Elimina\u00e7\u00e3o do <em>Plasmodium Vivax<\/em> \u2013 Sobre Recorr\u00eancias da Mal\u00e1ria por Plasmodium Vivax, explica que a reuni\u00e3o proporcionou uma rica troca de experi\u00eancias entre os mais diversos atores participantes. \u201cT\u00ednhamos atores da ci\u00eancia, do servi\u00e7o e de gest\u00e3o; Minist\u00e9rio da Sa\u00fade, secretarias, pesquisadores, academia, estudantes e, tamb\u00e9m, ACS (agentes comunit\u00e1rios de sa\u00fade), o que proporcionou um rico interc\u00e2mbio e discuss\u00f5es sobre os novos achados, as inova\u00e7\u00f5es, os conhecimentos produzidos em dois anos e o que h\u00e1 de novas estrat\u00e9gias para elimina\u00e7\u00e3o da mal\u00e1ria <em>Falciparum<\/em> at\u00e9 2030 e a <em>Vivax <\/em>at\u00e9 2035\u201d, relata Stefanie.<\/p>\n<p style=\"text-align: justify;\">Segundo a diretora, a Fiocruz Amaz\u00f4nia concorreu tamb\u00e9m ao Pr\u00eamio Jovem Pesquisador Brasileiro de Destaque no Brasil em Mal\u00e1ria e\u00a0\u00e0 Entrega da Medalha Ruth Nussenzweig, com a p\u00f3s-doutoranda do ILMD, Camila Fabbri. A\u00a0Medalha Ruth Nussenzweig\u00a0\u00e9 concedida a pesquisadores com at\u00e9 10 anos de conclus\u00e3o do doutorado e que estejam desenvolvendo trabalhos com impacto para as pesquisas em diferentes linhas de atua\u00e7\u00e3o no campo da mal\u00e1ria. \u201cCamila, que \u00e9 p\u00f3s-doc no ILMD, concorreu com mais tr\u00eas pesquisadores, tendo a oportunidade de mostrar seu trabalho e mostrar o ILMD\/Fiocruz Amaz\u00f4nia para estudantes e pesquisadores em mal\u00e1ria do Brasil e exterior\u201d, ressalta. A XVII RNPM contou com representantes de diversos pa\u00edses, em especial, da Am\u00e9rica Latina (Venezuela Col\u00f4mbia, Paraguai, Panam\u00e1 e Equador) e tamb\u00e9m EUA , Su\u00ed\u00e7a e Fran\u00e7a<\/p>\n<p style=\"text-align: justify;\"><strong>SOBRE RUTH NUSSENZWEIG<\/strong><\/p>\n<p style=\"text-align: justify;\">Ruth Sonntag Nussenzweig\u00a0foi uma renomada imunologista, nascida na \u00c1ustria em 1931 e falecida em 2018. Reconhecida por suas importantes contribui\u00e7\u00f5es no campo da pesquisa em mal\u00e1ria, foi uma das principais cientistas que dedicaram sua carreira ao estudo da doen\u00e7a. Entre suas principais contribui\u00e7\u00f5es para a pesquisa em mal\u00e1ria est\u00e1 o desenvolvimento de uma vacina experimental contra a mal\u00e1ria, conhecida como vacina PfSPZ, que serviu de embasamento para o desenvolvimento da vacina RTS,S (Mosquirix), a primeira vacina contra a mal\u00e1ria aprovada pela OMS.<\/p>\n<p style=\"text-align: justify;\">Ruth Nussenzweig foi uma das pioneiras no estudo da imunidade adquirida contra o\u00a0<em>Plasmodium<\/em> e realizou importantes avan\u00e7os na compreens\u00e3o dos mecanismos de resposta imunol\u00f3gica do hospedeiro contra a doen\u00e7a. O legado de Ruth Nussenzweig na pesquisa em mal\u00e1ria \u00e9 marcado pela sua dedica\u00e7\u00e3o e paix\u00e3o pelo estudo da doen\u00e7a, que resultou em importantes avan\u00e7os cient\u00edficos e no desenvolvimento de novas estrat\u00e9gias de preven\u00e7\u00e3o e tratamento. Seu trabalho inspirador influenciou gera\u00e7\u00f5es de cientistas e continuar\u00e1 a ser uma refer\u00eancia no campo da imunologia\u00a0e\u00a0mal\u00e1ria.<\/p>\n<p><em>ILMD\/Fiocruz Amaz\u00f4nia, Por J\u00falio Pedrosa<\/em><\/p>\n<p><em>Fotos: Divulga\u00e7\u00e3o<\/em><\/p>\n<\/div><\/section>\n","protected":false},"excerpt":{"rendered":"<p>P\u00f4ster da aluna do PPGBIO-INTERA\u00c7\u00c3O ficou em segundo lugar entre os mais de 160 trabalhos expostos <\/p>\n","protected":false},"author":60,"featured_media":49677,"comment_status":"closed","ping_status":"closed","sticky":true,"template":"","format":"image","meta":{"footnotes":""},"categories":[15],"tags":[],"class_list":["post-49675","post","type-post","status-publish","format-image","has-post-thumbnail","hentry","category-noticias","post_format-post-format-image"],"_links":{"self":[{"href":"https:\/\/amazonia.fiocruz.br\/index.php?rest_route=\/wp\/v2\/posts\/49675","targetHints":{"allow":["GET"]}}],"collection":[{"href":"https:\/\/amazonia.fiocruz.br\/index.php?rest_route=\/wp\/v2\/posts"}],"about":[{"href":"https:\/\/amazonia.fiocruz.br\/index.php?rest_route=\/wp\/v2\/types\/post"}],"author":[{"embeddable":true,"href":"https:\/\/amazonia.fiocruz.br\/index.php?rest_route=\/wp\/v2\/users\/60"}],"replies":[{"embeddable":true,"href":"https:\/\/amazonia.fiocruz.br\/index.php?rest_route=%2Fwp%2Fv2%2Fcomments&post=49675"}],"version-history":[{"count":2,"href":"https:\/\/amazonia.fiocruz.br\/index.php?rest_route=\/wp\/v2\/posts\/49675\/revisions"}],"predecessor-version":[{"id":49680,"href":"https:\/\/amazonia.fiocruz.br\/index.php?rest_route=\/wp\/v2\/posts\/49675\/revisions\/49680"}],"wp:featuredmedia":[{"embeddable":true,"href":"https:\/\/amazonia.fiocruz.br\/index.php?rest_route=\/wp\/v2\/media\/49677"}],"wp:attachment":[{"href":"https:\/\/amazonia.fiocruz.br\/index.php?rest_route=%2Fwp%2Fv2%2Fmedia&parent=49675"}],"wp:term":[{"taxonomy":"category","embeddable":true,"href":"https:\/\/amazonia.fiocruz.br\/index.php?rest_route=%2Fwp%2Fv2%2Fcategories&post=49675"},{"taxonomy":"post_tag","embeddable":true,"href":"https:\/\/amazonia.fiocruz.br\/index.php?rest_route=%2Fwp%2Fv2%2Ftags&post=49675"}],"curies":[{"name":"wp","href":"https:\/\/api.w.org\/{rel}","templated":true}]}}