{"id":49331,"date":"2024-10-17T15:26:06","date_gmt":"2024-10-17T19:26:06","guid":{"rendered":"https:\/\/amazonia.fiocruz.br\/?p=49331"},"modified":"2024-10-17T15:26:07","modified_gmt":"2024-10-17T19:26:07","slug":"fiocruz-amazonia-recebe-visita-do-novo-consul-geral-do-japao-em-manaus","status":"publish","type":"post","link":"https:\/\/amazonia.fiocruz.br\/?p=49331","title":{"rendered":"Fiocruz Amaz\u00f4nia recebe visita do novo c\u00f4nsul-geral do Jap\u00e3o em Manaus"},"content":{"rendered":"<section class=\"av_textblock_section \"  itemscope=\"itemscope\" itemtype=\"https:\/\/schema.org\/BlogPosting\" itemprop=\"blogPost\" ><div class='avia_textblock  '   itemprop=\"text\" ><p style=\"text-align: justify;\">A dire\u00e7\u00e3o do Instituto Le\u00f4nidas &amp; Maria Deane (ILMD\/Fiocruz Amaz\u00f4nia) recebeu na tarde desta quarta-feira, 16\/10, a visita do novo c\u00f4nsul-geral do Jap\u00e3o em Manaus, Yuichi Miyagawa. O c\u00f4nsul e sua comitiva foram recebidos pela diretora da Institui\u00e7\u00e3o, Stefanie Lopes; a vice-diretora de Pesquisa e Inova\u00e7\u00e3o, Michele El Kadri; o vice-diretor de Gest\u00e3o e Desenvolvimento Institucional, Aldemir Maquin\u00e9.<\/p>\n<p><img decoding=\"async\" class=\"aligncenter size-full wp-image-49333\" src=\"https:\/\/amazonia.fiocruz.br\/wp-content\/uploads\/2024\/10\/IMG_1785-scaled.jpg\" alt=\"\" width=\"2560\" height=\"1707\" srcset=\"https:\/\/amazonia.fiocruz.br\/wp-content\/uploads\/2024\/10\/IMG_1785-scaled.jpg 2560w, https:\/\/amazonia.fiocruz.br\/wp-content\/uploads\/2024\/10\/IMG_1785-300x200.jpg 300w, https:\/\/amazonia.fiocruz.br\/wp-content\/uploads\/2024\/10\/IMG_1785-1030x687.jpg 1030w, https:\/\/amazonia.fiocruz.br\/wp-content\/uploads\/2024\/10\/IMG_1785-768x512.jpg 768w, https:\/\/amazonia.fiocruz.br\/wp-content\/uploads\/2024\/10\/IMG_1785-1536x1024.jpg 1536w, https:\/\/amazonia.fiocruz.br\/wp-content\/uploads\/2024\/10\/IMG_1785-2048x1365.jpg 2048w, https:\/\/amazonia.fiocruz.br\/wp-content\/uploads\/2024\/10\/IMG_1785-1500x1000.jpg 1500w, https:\/\/amazonia.fiocruz.br\/wp-content\/uploads\/2024\/10\/IMG_1785-705x470.jpg 705w\" sizes=\"(max-width: 2560px) 100vw, 2560px\" \/><\/p>\n<p style=\"text-align: justify;\">Yuichi Miyagawa,\u00a0assumiu o cargo de C\u00f4nsul-Geral do Jap\u00e3o em Manaus, no dia 10 de setembro deste ano. A visita tem por finalidade apresentar ao novo c\u00f4nsul a Fiocruz Amaz\u00f4nia e, abordar as parcerias institucionais j\u00e1 existentes com institui\u00e7\u00f5es japonesas de pesquisa, vislumbrando parcerias e coopera\u00e7\u00f5es futuras.<\/p>\n<p style=\"text-align: justify;\">\u201cN\u00f3s entendemos como estrat\u00e9gico, apresentar para ele a nossa institui\u00e7\u00e3o, visto que j\u00e1 hav\u00edamos recebido o senhor Masahiro Ogino, C\u00f4nsul anterior, e temos uma parceria bastante prof\u00edcua com institui\u00e7\u00f5es japonesas de pesquisa. Ent\u00e3o, a ideia foi conversar um pouco para vislumbrar como podemos estreitar essa rela\u00e7\u00e3o entre os pa\u00edses, na pesquisa desenvolvida tamb\u00e9m aqui na Amaz\u00f4nia\u201d, explica Stefanie Lopes.<\/p>\n<p><img decoding=\"async\" class=\"aligncenter size-full wp-image-49336\" src=\"https:\/\/amazonia.fiocruz.br\/wp-content\/uploads\/2024\/10\/IMG_1798-scaled.jpg\" alt=\"\" width=\"2560\" height=\"1707\" srcset=\"https:\/\/amazonia.fiocruz.br\/wp-content\/uploads\/2024\/10\/IMG_1798-scaled.jpg 2560w, https:\/\/amazonia.fiocruz.br\/wp-content\/uploads\/2024\/10\/IMG_1798-300x200.jpg 300w, https:\/\/amazonia.fiocruz.br\/wp-content\/uploads\/2024\/10\/IMG_1798-1030x687.jpg 1030w, https:\/\/amazonia.fiocruz.br\/wp-content\/uploads\/2024\/10\/IMG_1798-768x512.jpg 768w, https:\/\/amazonia.fiocruz.br\/wp-content\/uploads\/2024\/10\/IMG_1798-1536x1024.jpg 1536w, https:\/\/amazonia.fiocruz.br\/wp-content\/uploads\/2024\/10\/IMG_1798-2048x1365.jpg 2048w, https:\/\/amazonia.fiocruz.br\/wp-content\/uploads\/2024\/10\/IMG_1798-1500x1000.jpg 1500w, https:\/\/amazonia.fiocruz.br\/wp-content\/uploads\/2024\/10\/IMG_1798-705x470.jpg 705w\" sizes=\"(max-width: 2560px) 100vw, 2560px\" \/><\/p>\n<p style=\"text-align: justify;\">Na oportunidade, a Diretora destacou a parceria existente entre a Fiocruz e o Governo do Jap\u00e3o, nas \u00e1reas de pesquisa em sa\u00fade, com destaque para a mal\u00e1ria, juntamente com universidades e institutos de pesquisas japoneses que possibilitam o interc\u00e2mbio de pesquisadores e estudantes. Durante a visita, Miyagawa mostrou-se contente em conhecer as a\u00e7\u00f5es atividades desenvolvidas pela institui\u00e7\u00e3o, em prol da sa\u00fade e da forma\u00e7\u00e3o, atrav\u00e9s dos programas de p\u00f3s-gradua\u00e7\u00e3o, inicia\u00e7\u00e3o e voca\u00e7\u00e3o cient\u00edfica, realizados pelo ILMD.<\/p>\n<p><img decoding=\"async\" class=\"aligncenter size-full wp-image-49335\" src=\"https:\/\/amazonia.fiocruz.br\/wp-content\/uploads\/2024\/10\/IMG_1808-scaled.jpg\" alt=\"\" width=\"2560\" height=\"1707\" srcset=\"https:\/\/amazonia.fiocruz.br\/wp-content\/uploads\/2024\/10\/IMG_1808-scaled.jpg 2560w, https:\/\/amazonia.fiocruz.br\/wp-content\/uploads\/2024\/10\/IMG_1808-300x200.jpg 300w, https:\/\/amazonia.fiocruz.br\/wp-content\/uploads\/2024\/10\/IMG_1808-1030x687.jpg 1030w, https:\/\/amazonia.fiocruz.br\/wp-content\/uploads\/2024\/10\/IMG_1808-768x512.jpg 768w, https:\/\/amazonia.fiocruz.br\/wp-content\/uploads\/2024\/10\/IMG_1808-1536x1024.jpg 1536w, https:\/\/amazonia.fiocruz.br\/wp-content\/uploads\/2024\/10\/IMG_1808-2048x1365.jpg 2048w, https:\/\/amazonia.fiocruz.br\/wp-content\/uploads\/2024\/10\/IMG_1808-1500x1000.jpg 1500w, https:\/\/amazonia.fiocruz.br\/wp-content\/uploads\/2024\/10\/IMG_1808-705x470.jpg 705w\" sizes=\"(max-width: 2560px) 100vw, 2560px\" \/><\/p>\n<p style=\"text-align: justify;\">Na ocasi\u00e3o, a diretora do ILMD, destacou o papel incentivador de pesquisas nas \u00e1reas de Ci\u00eancia, Tecnologia &amp; Inova\u00e7\u00e3o, no mundo, entre os quais um dos projetos coordenados no Brasil pela Fiocruz Amaz\u00f4nia, em parceria com a Universidade de Kanazawa, e a Funda\u00e7\u00e3o de Medicina Tropical Doutor Heitor Vieira Dourado, realiza pesquisa pr\u00e9-cl\u00ednica para desenvolvimento de vacina contra a mal\u00e1ria v\u00edvax.<\/p>\n<p style=\"text-align: justify;\">Outro ponto destacado durante a visita foi o trabalho de sequenciamento gen\u00f4mico realizado, em rede, pela Funda\u00e7\u00e3o Oswaldo Cruz (Fiocruz). Ap\u00f3s reuni\u00e3o, o grupo percorreu as instala\u00e7\u00f5es da sede da Fiocruz Amaz\u00f4nia.<\/p>\n<h6 style=\"text-align: justify;\"><strong><em>ILMD Fiocruz Amaz\u00f4nia, Por Eduardo Gomes<\/em><\/strong><\/h6>\n<h6 style=\"text-align: justify;\"><strong><em>Fotos: Eduardo Gomes<\/em><\/strong><\/h6>\n<\/div><\/section>\n","protected":false},"excerpt":{"rendered":"<p>A visita tem por finalidade apresentar ao novo c\u00f4nsul a Fiocruz Amaz\u00f4nia, vislumbrando parcerias e coopera\u00e7\u00f5es futuras.<\/p>\n","protected":false},"author":20,"featured_media":49332,"comment_status":"closed","ping_status":"closed","sticky":true,"template":"","format":"image","meta":{"footnotes":""},"categories":[15],"tags":[136,120,119,131],"class_list":["post-49331","post","type-post","status-publish","format-image","has-post-thumbnail","hentry","category-noticias","tag-fiocruz","tag-fiocruz-amazonia","tag-ilmd","tag-ilmdfiocruz-amazonia","post_format-post-format-image"],"_links":{"self":[{"href":"https:\/\/amazonia.fiocruz.br\/index.php?rest_route=\/wp\/v2\/posts\/49331","targetHints":{"allow":["GET"]}}],"collection":[{"href":"https:\/\/amazonia.fiocruz.br\/index.php?rest_route=\/wp\/v2\/posts"}],"about":[{"href":"https:\/\/amazonia.fiocruz.br\/index.php?rest_route=\/wp\/v2\/types\/post"}],"author":[{"embeddable":true,"href":"https:\/\/amazonia.fiocruz.br\/index.php?rest_route=\/wp\/v2\/users\/20"}],"replies":[{"embeddable":true,"href":"https:\/\/amazonia.fiocruz.br\/index.php?rest_route=%2Fwp%2Fv2%2Fcomments&post=49331"}],"version-history":[{"count":1,"href":"https:\/\/amazonia.fiocruz.br\/index.php?rest_route=\/wp\/v2\/posts\/49331\/revisions"}],"predecessor-version":[{"id":49337,"href":"https:\/\/amazonia.fiocruz.br\/index.php?rest_route=\/wp\/v2\/posts\/49331\/revisions\/49337"}],"wp:featuredmedia":[{"embeddable":true,"href":"https:\/\/amazonia.fiocruz.br\/index.php?rest_route=\/wp\/v2\/media\/49332"}],"wp:attachment":[{"href":"https:\/\/amazonia.fiocruz.br\/index.php?rest_route=%2Fwp%2Fv2%2Fmedia&parent=49331"}],"wp:term":[{"taxonomy":"category","embeddable":true,"href":"https:\/\/amazonia.fiocruz.br\/index.php?rest_route=%2Fwp%2Fv2%2Fcategories&post=49331"},{"taxonomy":"post_tag","embeddable":true,"href":"https:\/\/amazonia.fiocruz.br\/index.php?rest_route=%2Fwp%2Fv2%2Ftags&post=49331"}],"curies":[{"name":"wp","href":"https:\/\/api.w.org\/{rel}","templated":true}]}}