{"id":49251,"date":"2024-10-14T18:42:15","date_gmt":"2024-10-14T22:42:15","guid":{"rendered":"https:\/\/amazonia.fiocruz.br\/?p=49251"},"modified":"2024-10-14T18:49:34","modified_gmt":"2024-10-14T22:49:34","slug":"divulgado-resultado-da-analise-dos-pedidos-de-isencao-da-taxa-de-inscricao-para-processo-seletivo-do-ppgvida","status":"publish","type":"post","link":"https:\/\/amazonia.fiocruz.br\/?p=49251","title":{"rendered":"Divulgado resultado da an\u00e1lise dos pedidos de isen\u00e7\u00e3o da taxa de inscri\u00e7\u00e3o para processo seletivo do PPGVIDA"},"content":{"rendered":"<section class=\"av_textblock_section \"  itemscope=\"itemscope\" itemtype=\"https:\/\/schema.org\/BlogPosting\" itemprop=\"blogPost\" ><div class='avia_textblock  '   itemprop=\"text\" ><p style=\"text-align: justify;\">O Instituto Le\u00f4nidas &amp; Maria Deane (ILMD\/Fiocruz Amaz\u00f4nia), divulgou nesta segunda-feira, 14\/10, o resultado da an\u00e1lise dos pedidos de isen\u00e7\u00e3o de pagamento da taxa de inscri\u00e7\u00e3o para concorrer ao processo seletivo para ingresso no Curso de Mestrado Acad\u00eamico do Programa de P\u00f3s -Gradua\u00e7\u00e3o Stricto Sensu em Condi\u00e7\u00f5es de Vida e Situa\u00e7\u00f5es de Sa\u00fade na Amaz\u00f4nia- PPGVIDA. As inscri\u00e7\u00f5es se estendem at\u00e9 o dia 4\/11.<\/p>\n<p style=\"text-align: justify;\"><a href=\"https:\/\/amazonia.fiocruz.br\/?page_id=49148\" target=\"_blank\" rel=\"noopener\">Confira AQUI o resultado<\/a>.<\/p>\n<p style=\"text-align: justify;\">O ingresso ao Curso de Mestrado ser\u00e1 realizado mediante processo seletivo, composto das seguintes etapas: 1\u00aa Etapa \u2013 Homologa\u00e7\u00e3o das inscri\u00e7\u00f5es; 2\u00aa Etapa \u2013 Avalia\u00e7\u00e3o de conhecimentos em Sa\u00fade Coletiva \u2013 Prova de m\u00faltipla escolha (prova presencial); 3\u00aa Etapa: Avalia\u00e7\u00e3o do Curr\u00edculo Lattes documentado; 4\u00aa Etapa \u2013 Prova Oral \u2013 Conhecimento Espec\u00edfico e Carta de Apresenta\u00e7\u00e3o (prova de forma remota). Todas as etapas do processo seletivo s\u00e3o eliminat\u00f3rias.<\/p>\n<p style=\"text-align: justify;\">O Programa de P\u00f3s-Gradua\u00e7\u00e3o em Condi\u00e7\u00f5es de Vida e Situa\u00e7\u00f5es de Sa\u00fade na Amaz\u00f4nia \u2013 PPGVIDA possui uma \u00fanica \u00e1rea de concentra\u00e7\u00e3o: \u201cDeterminantes Socioculturais, Ambientais e Biol\u00f3gicos do Processo Sa\u00fade-Doen\u00e7a-Cuidado na Amaz\u00f4nia\u201d e, esta \u00e1rea, possui duas linhas de Pesquisas: Fatores s\u00f3cio biol\u00f3gicos no processo sa\u00fade -doen\u00e7a na Amaz\u00f4nia; Processo Sa\u00fade, Doen\u00e7a e Organiza\u00e7\u00e3o da Aten\u00e7\u00e3o a popula\u00e7\u00f5es ind\u00edgenas e outros grupos em situa\u00e7\u00f5es de vulnerabilidade.<\/p>\n<p style=\"text-align: justify;\">A divulga\u00e7\u00e3o do resultado final est\u00e1 prevista para o dia 20\/12. As aulas iniciam no dia 17 de mar\u00e7o de 2025.<\/p>\n<p style=\"text-align: justify;\"><strong>SOBRE PPGVIDA<\/strong><\/p>\n<p style=\"text-align: justify;\">O Programa de P\u00f3s-Gradua\u00e7\u00e3o Stricto Sensu em Condi\u00e7\u00f5es de Vida e Situa\u00e7\u00f5es de Sa\u00fade na Amaz\u00f4nia (PPGVIDA) tem como objetivo capacitar profissionais para desenvolver modelos anal\u00edticos capazes de subsidiar pesquisas em sa\u00fade, apoiar o planejamento, execu\u00e7\u00e3o e gerenciamento de servi\u00e7os e a\u00e7\u00f5es de controle e o monitoramento de doen\u00e7as e agravos de interesse coletivo e do Sistema \u00danico de Sa\u00fade na Amaz\u00f4nia.<\/p>\n<p style=\"text-align: justify;\">O programa tamb\u00e9m visa planejar, propor e utilizar m\u00e9todos e t\u00e9cnicas para executar investiga\u00e7\u00f5es na \u00e1rea de sa\u00fade, mediante o uso integrado de conceitos e recursos te\u00f3rico-metodol\u00f3gicos advindos da sa\u00fade coletiva, biologia parasit\u00e1ria, epidemiologia, ci\u00eancias sociais e humanas aplicadas \u00e0 sa\u00fade, comunica\u00e7\u00e3o e informa\u00e7\u00e3o em sa\u00fade e de outras \u00e1reas de interesse acad\u00eamico, na constru\u00e7\u00e3o de desenhos complexos de pesquisa sobre a realidade amaz\u00f4nica.<\/p>\n<h6 style=\"text-align: justify;\"><em><strong>ILMD \/ Fiocruz Amaz\u00f4nia, por Eduardo Gomes<\/strong><\/em><\/h6>\n<h6 style=\"text-align: justify;\"><em><strong>Imagem: Mackesy Nascimento<\/strong><\/em><\/h6>\n<\/div><\/section>\n","protected":false},"excerpt":{"rendered":"<p>As inscri\u00e7\u00f5es se estendem at\u00e9 o dia 4\/11.<\/p>\n","protected":false},"author":20,"featured_media":49252,"comment_status":"closed","ping_status":"closed","sticky":true,"template":"","format":"image","meta":{"footnotes":""},"categories":[15],"tags":[136,120,131,143],"class_list":["post-49251","post","type-post","status-publish","format-image","has-post-thumbnail","hentry","category-noticias","tag-fiocruz","tag-fiocruz-amazonia","tag-ilmdfiocruz-amazonia","tag-ppgvida","post_format-post-format-image"],"_links":{"self":[{"href":"https:\/\/amazonia.fiocruz.br\/index.php?rest_route=\/wp\/v2\/posts\/49251","targetHints":{"allow":["GET"]}}],"collection":[{"href":"https:\/\/amazonia.fiocruz.br\/index.php?rest_route=\/wp\/v2\/posts"}],"about":[{"href":"https:\/\/amazonia.fiocruz.br\/index.php?rest_route=\/wp\/v2\/types\/post"}],"author":[{"embeddable":true,"href":"https:\/\/amazonia.fiocruz.br\/index.php?rest_route=\/wp\/v2\/users\/20"}],"replies":[{"embeddable":true,"href":"https:\/\/amazonia.fiocruz.br\/index.php?rest_route=%2Fwp%2Fv2%2Fcomments&post=49251"}],"version-history":[{"count":1,"href":"https:\/\/amazonia.fiocruz.br\/index.php?rest_route=\/wp\/v2\/posts\/49251\/revisions"}],"predecessor-version":[{"id":49253,"href":"https:\/\/amazonia.fiocruz.br\/index.php?rest_route=\/wp\/v2\/posts\/49251\/revisions\/49253"}],"wp:featuredmedia":[{"embeddable":true,"href":"https:\/\/amazonia.fiocruz.br\/index.php?rest_route=\/wp\/v2\/media\/49252"}],"wp:attachment":[{"href":"https:\/\/amazonia.fiocruz.br\/index.php?rest_route=%2Fwp%2Fv2%2Fmedia&parent=49251"}],"wp:term":[{"taxonomy":"category","embeddable":true,"href":"https:\/\/amazonia.fiocruz.br\/index.php?rest_route=%2Fwp%2Fv2%2Fcategories&post=49251"},{"taxonomy":"post_tag","embeddable":true,"href":"https:\/\/amazonia.fiocruz.br\/index.php?rest_route=%2Fwp%2Fv2%2Ftags&post=49251"}],"curies":[{"name":"wp","href":"https:\/\/api.w.org\/{rel}","templated":true}]}}