{"id":49221,"date":"2024-10-12T16:08:04","date_gmt":"2024-10-12T20:08:04","guid":{"rendered":"https:\/\/amazonia.fiocruz.br\/?p=49221"},"modified":"2024-11-05T15:46:06","modified_gmt":"2024-11-05T19:46:06","slug":"fiocruz-amazonia-inicia-curso-de-formacao-do-qualificasus-para-novos-agentes-comunitarios-de-saude-da-semsa-manaus","status":"publish","type":"post","link":"https:\/\/amazonia.fiocruz.br\/?p=49221","title":{"rendered":"<strong>Fiocruz Amaz\u00f4nia inicia curso de forma\u00e7\u00e3o do QualificaSUS para novos agentes comunit\u00e1rios de sa\u00fade da Semsa-Manaus<\/strong>"},"content":{"rendered":"<section class=\"av_textblock_section \"  itemscope=\"itemscope\" itemtype=\"https:\/\/schema.org\/BlogPosting\" itemprop=\"blogPost\" ><div class='avia_textblock  '   itemprop=\"text\" ><p style=\"text-align: justify;\">O Instituto Le\u00f4nidas e Maria Deane (ILMD\/Fiocruz Amaz\u00f4nia), por meio da Vice-Diretoria de Educa\u00e7\u00e3o, Informa\u00e7\u00e3o e Comunica\u00e7\u00e3o (VDEIC), inicia nesta segunda-feira, 14\/10, um novo Curso de Forma\u00e7\u00e3o Inicial de Agentes Comunit\u00e1rios de Sa\u00fade, no \u00e2mbito do Programa QualificaSUS, em parceria com a Escola de Sa\u00fade P\u00fablica (ESAP) e Secretaria Municipal de Sa\u00fade (Semsa-Manaus). Desta vez, a turma ser\u00e1 composta por 40 agentes comunit\u00e1rios de sa\u00fade, rec\u00e9m-aprovados em concurso da Semsa-Manaus, cumprindo exig\u00eancia do Minist\u00e9rio da Sa\u00fade, que requer forma\u00e7\u00e3o inicial do aprovado. O curso ter\u00e1 carga hor\u00e1ria de 40 horas\/aula, presenciais, e acontecer\u00e1 no Bloco C, Salas C-001 e C-002, da Faculdade Est\u00e1cio do Amazonas, situada na avenida Constantino Nery, 3.693, bairro Chapada, das 8h \u00e0s 17h.<\/p>\n<p><img decoding=\"async\" class=\"alignnone wp-image-49629\" src=\"https:\/\/amazonia.fiocruz.br\/wp-content\/uploads\/2024\/10\/qualifica-1-300x200.jpg\" alt=\"\" width=\"1694\" height=\"1129\" srcset=\"https:\/\/amazonia.fiocruz.br\/wp-content\/uploads\/2024\/10\/qualifica-1-300x200.jpg 300w, https:\/\/amazonia.fiocruz.br\/wp-content\/uploads\/2024\/10\/qualifica-1-1030x687.jpg 1030w, https:\/\/amazonia.fiocruz.br\/wp-content\/uploads\/2024\/10\/qualifica-1-768x512.jpg 768w, https:\/\/amazonia.fiocruz.br\/wp-content\/uploads\/2024\/10\/qualifica-1-1536x1024.jpg 1536w, https:\/\/amazonia.fiocruz.br\/wp-content\/uploads\/2024\/10\/qualifica-1-2048x1365.jpg 2048w, https:\/\/amazonia.fiocruz.br\/wp-content\/uploads\/2024\/10\/qualifica-1-1500x1000.jpg 1500w, https:\/\/amazonia.fiocruz.br\/wp-content\/uploads\/2024\/10\/qualifica-1-705x470.jpg 705w\" sizes=\"(max-width: 1694px) 100vw, 1694px\" \/><\/p>\n<p style=\"text-align: justify;\">Criado em 2019, por meio de emenda parlamentar do senador Omar Aziz, o QualificaSUS j\u00e1 ofertou cursos de forma\u00e7\u00e3o e atualiza\u00e7\u00e3o em todos os 61 munic\u00edpios do Amazonas, al\u00e9m da capital Manaus. Al\u00e9m dos cursos de forma\u00e7\u00e3o inicial para ACS e ACE (Agentes de Combate a Endemias), tamb\u00e9m oferece especializa\u00e7\u00e3o e mestrado para trabalhadores do Sistema \u00danico de Sa\u00fade (SUS), capacitados sob um modelo pedag\u00f3gico pautado na integra\u00e7\u00e3o ensino-servi\u00e7o, levando em conta a realidade de cada localidade e respeitando o conhecimento e a experi\u00eancia dos alunos.<\/p>\n<p style=\"text-align: justify;\">De acordo com a VDEIC, a forma\u00e7\u00e3o oferecida pelo QualificaSUS aos ACS est\u00e1 amparada na Lei N\u00ba. 11.350, de 05 de outubro de 2006, e na Portaria N\u00ba. 243, de 25 de setembro de 2015, do Minist\u00e9rio da Sa\u00fade, que regulamentam as atividades do agente comunit\u00e1rio de sa\u00fade no Pa\u00eds. De acordo com a legisla\u00e7\u00e3o, o ACS \u00e9 um ator estrat\u00e9gico que tem como \u201catribui\u00e7\u00e3o o exerc\u00edcio de atividades de preven\u00e7\u00e3o de doen\u00e7as e promo\u00e7\u00e3o da sa\u00fade, mediante a\u00e7\u00f5es domiciliares ou comunit\u00e1rias, individuais ou coletivas\u201d.<\/p>\n<p><img decoding=\"async\" class=\"alignnone wp-image-49630\" src=\"https:\/\/amazonia.fiocruz.br\/wp-content\/uploads\/2024\/10\/Qualifica-4-300x135.jpeg\" alt=\"\" width=\"1698\" height=\"764\" srcset=\"https:\/\/amazonia.fiocruz.br\/wp-content\/uploads\/2024\/10\/Qualifica-4-300x135.jpeg 300w, https:\/\/amazonia.fiocruz.br\/wp-content\/uploads\/2024\/10\/Qualifica-4-1030x464.jpeg 1030w, https:\/\/amazonia.fiocruz.br\/wp-content\/uploads\/2024\/10\/Qualifica-4-768x346.jpeg 768w, https:\/\/amazonia.fiocruz.br\/wp-content\/uploads\/2024\/10\/Qualifica-4-1536x691.jpeg 1536w, https:\/\/amazonia.fiocruz.br\/wp-content\/uploads\/2024\/10\/Qualifica-4-1500x675.jpeg 1500w, https:\/\/amazonia.fiocruz.br\/wp-content\/uploads\/2024\/10\/Qualifica-4-705x317.jpeg 705w, https:\/\/amazonia.fiocruz.br\/wp-content\/uploads\/2024\/10\/Qualifica-4.jpeg 1600w\" sizes=\"(max-width: 1698px) 100vw, 1698px\" \/><\/p>\n<p style=\"text-align: justify;\">Neste curso em parceria com a ESAP\/Semsa Manaus, os conte\u00fados program\u00e1ticos trabalhados integram o processo ensino-aprendizagem ao processo de trabalho do ACS, criando momentos de reflex\u00e3o sobre: o processo de sa\u00fade-doen\u00e7a; a realidade dos territ\u00f3rios onde esses profissionais est\u00e3o inseridos; os saberes que se encontram no cotidiano dos servi\u00e7os; o trabalho coletivo em sa\u00fade; e as quest\u00f5es \u00e9ticas que permeiam esses fazeres. Recentemente, a ESAP promoveu treinamento com a equipe de facilitadores que atuar\u00e3o nos cursos a serem oferecidos at\u00e9 dezembro deste ano. Atuar\u00e3o como facilitadores a fisioterapeuta Juliane Bel\u00e9m e o soci\u00f3logo Sully Sampaio, da Fiocruz Amaz\u00f4nia, juntamente com t\u00e9cnicos da ESAP e da Semsa-Manaus.<\/p>\n<p style=\"text-align: justify;\">Atuando no QualificaSUS desde 2019, Juliane Bel\u00e9m explica que a expectativa \u00e9 sempre positiva para o in\u00edcio de um novo curso, em que haver\u00e1 compartilhamento de conhecimentos. \u201cNesse caso, o curso introdut\u00f3rio vai tratar sobre as fun\u00e7\u00f5es dos agentes comunit\u00e1rios de sa\u00fade, o papel deles na comunidade, o trabalho em conjunto com outros profissionais da Aten\u00e7\u00e3o B\u00e1sica, bem como as diretrizes do SUS para que adentrem os territ\u00f3rios em que v\u00e3o ser locados com essa forma\u00e7\u00e3o e possam fazer um trabalho de qualidade\u201d, explica Juliane.<\/p>\n<p><img decoding=\"async\" class=\"alignnone wp-image-49631\" src=\"https:\/\/amazonia.fiocruz.br\/wp-content\/uploads\/2024\/10\/Qualifica-3-300x200.jpg\" alt=\"\" width=\"1694\" height=\"1129\" srcset=\"https:\/\/amazonia.fiocruz.br\/wp-content\/uploads\/2024\/10\/Qualifica-3-300x200.jpg 300w, https:\/\/amazonia.fiocruz.br\/wp-content\/uploads\/2024\/10\/Qualifica-3-1030x687.jpg 1030w, https:\/\/amazonia.fiocruz.br\/wp-content\/uploads\/2024\/10\/Qualifica-3-768x512.jpg 768w, https:\/\/amazonia.fiocruz.br\/wp-content\/uploads\/2024\/10\/Qualifica-3-1536x1024.jpg 1536w, https:\/\/amazonia.fiocruz.br\/wp-content\/uploads\/2024\/10\/Qualifica-3-2048x1365.jpg 2048w, https:\/\/amazonia.fiocruz.br\/wp-content\/uploads\/2024\/10\/Qualifica-3-1500x1000.jpg 1500w, https:\/\/amazonia.fiocruz.br\/wp-content\/uploads\/2024\/10\/Qualifica-3-705x470.jpg 705w\" sizes=\"(max-width: 1694px) 100vw, 1694px\" \/><\/p>\n<p style=\"text-align: justify;\">De acordo com a ESAP, o ACS mobiliza conhecimentos abrangentes que n\u00e3o est\u00e3o circunscritos \u00e0 sa\u00fade, envolvendo aspectos relacionados \u00e0 cidadania, \u00e0s pol\u00edticas p\u00fablicas, \u00e0 organiza\u00e7\u00e3o da sociedade e aos modos de vida dos indiv\u00edduos, fam\u00edlias e comunidades. Tendo como refer\u00eancia o artigo 2\u00ba da Portaria N\u00ba. 243, de 25 de setembro de 2015, foram sistematizadas informa\u00e7\u00f5es que podem contribuir no processo formativo desse profissional. Tais conhecimentos, articulados aos saberes espec\u00edficos que o cotidiano do servi\u00e7o apresenta, podem potencializar o trabalho dos ACS nos territ\u00f3rios<strong>.\u00a0<\/strong><\/p>\n<p><em>ILMD\/Fiocruz Amaz\u00f4nia, Por J\u00falio Pedrosa<\/em><\/p>\n<p><em>Fotos&gt; Sully Sampaio \/ Arquivo<br \/>\n<\/em><\/p>\n<\/div><\/section>\n","protected":false},"excerpt":{"rendered":"<p>Aulas iniciaram na segunda-feira, 14\/10, no \u00e2mbito do Programa QualificaSUS, em parceria com a Escola de Sa\u00fade P\u00fablica (ESAP) e Secretaria Municipal de Sa\u00fade (Semsa-Manaus) <\/p>\n","protected":false},"author":60,"featured_media":49634,"comment_status":"closed","ping_status":"closed","sticky":true,"template":"","format":"image","meta":{"footnotes":""},"categories":[15],"tags":[],"class_list":["post-49221","post","type-post","status-publish","format-image","has-post-thumbnail","hentry","category-noticias","post_format-post-format-image"],"_links":{"self":[{"href":"https:\/\/amazonia.fiocruz.br\/index.php?rest_route=\/wp\/v2\/posts\/49221","targetHints":{"allow":["GET"]}}],"collection":[{"href":"https:\/\/amazonia.fiocruz.br\/index.php?rest_route=\/wp\/v2\/posts"}],"about":[{"href":"https:\/\/amazonia.fiocruz.br\/index.php?rest_route=\/wp\/v2\/types\/post"}],"author":[{"embeddable":true,"href":"https:\/\/amazonia.fiocruz.br\/index.php?rest_route=\/wp\/v2\/users\/60"}],"replies":[{"embeddable":true,"href":"https:\/\/amazonia.fiocruz.br\/index.php?rest_route=%2Fwp%2Fv2%2Fcomments&post=49221"}],"version-history":[{"count":8,"href":"https:\/\/amazonia.fiocruz.br\/index.php?rest_route=\/wp\/v2\/posts\/49221\/revisions"}],"predecessor-version":[{"id":49638,"href":"https:\/\/amazonia.fiocruz.br\/index.php?rest_route=\/wp\/v2\/posts\/49221\/revisions\/49638"}],"wp:featuredmedia":[{"embeddable":true,"href":"https:\/\/amazonia.fiocruz.br\/index.php?rest_route=\/wp\/v2\/media\/49634"}],"wp:attachment":[{"href":"https:\/\/amazonia.fiocruz.br\/index.php?rest_route=%2Fwp%2Fv2%2Fmedia&parent=49221"}],"wp:term":[{"taxonomy":"category","embeddable":true,"href":"https:\/\/amazonia.fiocruz.br\/index.php?rest_route=%2Fwp%2Fv2%2Fcategories&post=49221"},{"taxonomy":"post_tag","embeddable":true,"href":"https:\/\/amazonia.fiocruz.br\/index.php?rest_route=%2Fwp%2Fv2%2Ftags&post=49221"}],"curies":[{"name":"wp","href":"https:\/\/api.w.org\/{rel}","templated":true}]}}