{"id":49202,"date":"2024-10-10T13:16:18","date_gmt":"2024-10-10T17:16:18","guid":{"rendered":"https:\/\/amazonia.fiocruz.br\/?p=49202"},"modified":"2024-10-10T13:16:19","modified_gmt":"2024-10-10T17:16:19","slug":"colaboradoras-da-fiocruz-amazonia-participam-de-palestra-sobre-prevencao-ao-cancer-de-mama","status":"publish","type":"post","link":"https:\/\/amazonia.fiocruz.br\/?p=49202","title":{"rendered":"Colaboradoras da Fiocruz Amaz\u00f4nia participam de palestra sobre preven\u00e7\u00e3o ao c\u00e2ncer de mama"},"content":{"rendered":"<section class=\"av_textblock_section \"  itemscope=\"itemscope\" itemtype=\"https:\/\/schema.org\/BlogPosting\" itemprop=\"blogPost\" ><div class='avia_textblock  '   itemprop=\"text\" ><p style=\"text-align: justify;\">O aumento de casos de c\u00e2ncer de mama em mulheres com menos de 35 anos foi uma das pautas abordadas pelo m\u00e9dico mastologista Manoel Jesus Pinheiro, presidente da Liga Amazonense Contra o C\u00e2ncer (LACC), durante evento alusivo ao m\u00eas de conscientiza\u00e7\u00e3o \u201cOutubro Rosa\u201d, realizado pelo N\u00facleo de Sa\u00fade do Trabalhador (NUST), em parceria com o Projeto Moet\u00e1 \u2013 Comunica\u00e7\u00e3o e Divulga\u00e7\u00e3o Cient\u00edfica em Sa\u00fade, do Laborat\u00f3rio Instituto de Pesquisa Cl\u00ednica Carlos Borborema (IPCCB), ambos do Instituto Le\u00f4nidas &amp; Maria Deane (ILMD \/ Fiocruz Amaz\u00f4nia).<\/p>\n<p style=\"text-align: justify;\">Na oportunidade, o m\u00e9dico proferiu a palestra \u201cConhecimento, Preven\u00e7\u00e3o e Vida\u201d. Entre diversos assuntos abordados, Jesus Pinheiro destacou a import\u00e2ncia do autoexame para o diagn\u00f3stico precoce da doen\u00e7a, entretanto, frisou que o procedimento n\u00e3o substitui o exame realizado por um profissional de sa\u00fade treinado, bem como o exame de mamografia, uma radiologia das mamas, onde \u00e9 poss\u00edvel visualizar pequenas altera\u00e7\u00f5es que permitem descobrir o c\u00e2ncer de mama em fase inicial.<\/p>\n<p><img decoding=\"async\" class=\"aligncenter size-full wp-image-49204\" src=\"https:\/\/amazonia.fiocruz.br\/wp-content\/uploads\/2024\/10\/IMG_9535-scaled.jpg\" alt=\"\" width=\"2560\" height=\"1920\" srcset=\"https:\/\/amazonia.fiocruz.br\/wp-content\/uploads\/2024\/10\/IMG_9535-scaled.jpg 2560w, https:\/\/amazonia.fiocruz.br\/wp-content\/uploads\/2024\/10\/IMG_9535-300x225.jpg 300w, https:\/\/amazonia.fiocruz.br\/wp-content\/uploads\/2024\/10\/IMG_9535-1030x773.jpg 1030w, https:\/\/amazonia.fiocruz.br\/wp-content\/uploads\/2024\/10\/IMG_9535-768x576.jpg 768w, https:\/\/amazonia.fiocruz.br\/wp-content\/uploads\/2024\/10\/IMG_9535-1536x1152.jpg 1536w, https:\/\/amazonia.fiocruz.br\/wp-content\/uploads\/2024\/10\/IMG_9535-2048x1536.jpg 2048w, https:\/\/amazonia.fiocruz.br\/wp-content\/uploads\/2024\/10\/IMG_9535-1500x1125.jpg 1500w, https:\/\/amazonia.fiocruz.br\/wp-content\/uploads\/2024\/10\/IMG_9535-705x529.jpg 705w\" sizes=\"(max-width: 2560px) 100vw, 2560px\" \/><\/p>\n<p style=\"text-align: justify;\">Para Jesus, o conhecimento e a educa\u00e7\u00e3o s\u00e3o ferramentas de extrema import\u00e2ncia para o processo de descoberta da doen\u00e7a e tratamento. \u201cA solicita\u00e7\u00e3o que fazemos para a sociedade, e os meios de comunica\u00e7\u00e3o, \u00e9 que outubro rosa e novembro azul passem a acontecer o ano inteiro, com programas educativos e informativos, com a disponibilidade do servi\u00e7o p\u00fablico para atender essas pessoas que depois dessas aulas, palestras e discuss\u00f5es, chamam a aten\u00e7\u00e3o para os sinais e come\u00e7am a procurar. A sociedade, mas especialmente a fam\u00edlia \u00e9 respons\u00e1vel tamb\u00e9m por orientar os seus filhos e netos, para fazer os programas de preven\u00e7\u00e3o, tomar sua vacina\u00e7\u00e3o, reconhecendo que o c\u00e2ncer existe e, compreendendo que a \u00fanica forma de evitar mutila\u00e7\u00f5es, diminuir o custo dos tratamentos \u00e9 atrav\u00e9s da educa\u00e7\u00e3o, possibilitando o diagn\u00f3stico mais precoce poss\u00edvel\u201d, explica.<\/p>\n<p style=\"text-align: justify;\">O palestrante esclareceu d\u00favidas e pontuou aspectos e fatores de risco: ser mulher (99% dos casos de c\u00e2ncer de mama aparecem em mulheres); ter 50 anos ou mais aumenta o risco; ter tido o in\u00edcio da menstrua\u00e7\u00e3o antes dos 12 anos; ter entrado na menopausa ap\u00f3s os 55 anos; possuir hist\u00f3rico familiar de c\u00e2ncer; primeira gravidez ap\u00f3s os 30 anos ou n\u00e3o ter filhos; ter feito radioterapia na regi\u00e3o do t\u00f3rax para tratamento de outro tipo de c\u00e2ncer durante a adolesc\u00eancia.<\/p>\n<p><img decoding=\"async\" class=\"aligncenter size-full wp-image-49205\" src=\"https:\/\/amazonia.fiocruz.br\/wp-content\/uploads\/2024\/10\/IMG_9554-scaled.jpg\" alt=\"\" width=\"2560\" height=\"1920\" srcset=\"https:\/\/amazonia.fiocruz.br\/wp-content\/uploads\/2024\/10\/IMG_9554-scaled.jpg 2560w, https:\/\/amazonia.fiocruz.br\/wp-content\/uploads\/2024\/10\/IMG_9554-300x225.jpg 300w, https:\/\/amazonia.fiocruz.br\/wp-content\/uploads\/2024\/10\/IMG_9554-1030x773.jpg 1030w, https:\/\/amazonia.fiocruz.br\/wp-content\/uploads\/2024\/10\/IMG_9554-768x576.jpg 768w, https:\/\/amazonia.fiocruz.br\/wp-content\/uploads\/2024\/10\/IMG_9554-1536x1152.jpg 1536w, https:\/\/amazonia.fiocruz.br\/wp-content\/uploads\/2024\/10\/IMG_9554-2048x1536.jpg 2048w, https:\/\/amazonia.fiocruz.br\/wp-content\/uploads\/2024\/10\/IMG_9554-1500x1125.jpg 1500w, https:\/\/amazonia.fiocruz.br\/wp-content\/uploads\/2024\/10\/IMG_9554-705x529.jpg 705w\" sizes=\"(max-width: 2560px) 100vw, 2560px\" \/><\/p>\n<p style=\"text-align: justify;\">Durante a palestra, Manoel Jesus Pinheiro explicou que, dependendo do estilo de vida de cada pessoa, \u00e9 poss\u00edvel diminuir os riscos de ter c\u00e2ncer de mama como: procurar manter o peso saud\u00e1vel; praticar exerc\u00edcios f\u00edsicos todos os dias ou sempre que conseguir; incluir frutas, verduras, gr\u00e3os integrais e cereais em sua dieta; estimular a amamenta\u00e7\u00e3o; cuidar da sa\u00fade f\u00edsica e emocional; evitar o consumo de \u00e1lcool e cigarros, evitar o uso de horm\u00f4nios na menopausa por mais de cinco anos; realizar o exame cl\u00ednico das mamas e, os exames preventivos como a mamografia.<\/p>\n<p><img decoding=\"async\" class=\"aligncenter size-full wp-image-49206\" src=\"https:\/\/amazonia.fiocruz.br\/wp-content\/uploads\/2024\/10\/IMG_9551-scaled.jpg\" alt=\"\" width=\"2560\" height=\"1920\" srcset=\"https:\/\/amazonia.fiocruz.br\/wp-content\/uploads\/2024\/10\/IMG_9551-scaled.jpg 2560w, https:\/\/amazonia.fiocruz.br\/wp-content\/uploads\/2024\/10\/IMG_9551-300x225.jpg 300w, https:\/\/amazonia.fiocruz.br\/wp-content\/uploads\/2024\/10\/IMG_9551-1030x773.jpg 1030w, https:\/\/amazonia.fiocruz.br\/wp-content\/uploads\/2024\/10\/IMG_9551-768x576.jpg 768w, https:\/\/amazonia.fiocruz.br\/wp-content\/uploads\/2024\/10\/IMG_9551-1536x1152.jpg 1536w, https:\/\/amazonia.fiocruz.br\/wp-content\/uploads\/2024\/10\/IMG_9551-2048x1536.jpg 2048w, https:\/\/amazonia.fiocruz.br\/wp-content\/uploads\/2024\/10\/IMG_9551-1500x1125.jpg 1500w, https:\/\/amazonia.fiocruz.br\/wp-content\/uploads\/2024\/10\/IMG_9551-705x529.jpg 705w\" sizes=\"(max-width: 2560px) 100vw, 2560px\" \/><\/p>\n<p style=\"text-align: justify;\">Para a coordenadora do Projeto Moet\u00e1, Rita Bacuri, al\u00e9m do trabalho de populariza\u00e7\u00e3o feito juntamente ao p\u00fablico externo, \u00e9 de suma relev\u00e2ncia a realiza\u00e7\u00e3o destas atividades no \u00e2mbito institucional. \u201cEu acho importante que fa\u00e7amos essas a\u00e7\u00f5es aqui, pois a Fiocruz j\u00e1 faz fora. N\u00f3s temos projetos que fazem a populariza\u00e7\u00e3o da ci\u00eancia, levando informa\u00e7\u00f5es para toda a sociedade, nas escolas, na comunidade, possibilitando um trabalho de preven\u00e7\u00e3o. \u00c9 importante que nos voltemos aqui para nossa casa, e fa\u00e7amos sempre essa conscientiza\u00e7\u00e3o com os nossos servidores e colaboradores que est\u00e3o aqui todos os dias\u201d, destaca.<\/p>\n<p style=\"text-align: justify;\">A chefe do Servi\u00e7o de Gest\u00e3o do Trabalho e do N\u00facleo de Sa\u00fade do Trabalhador (Nust), Luciene Pereira de Ara\u00fajo, avaliou o evento de forma positiva. \u201cAcho muito importante realizarmos esse tipo de evento, trazendo especialistas para dentro da nossa institui\u00e7\u00e3o, oportunizando aos nossos trabalhadores o esclarecimento de d\u00favidas, acesso \u00e0s informa\u00e7\u00f5es com rela\u00e7\u00e3o ao diagn\u00f3stico precoce do c\u00e2ncer, tanto para o homem como para a mulher\u201d, disse.<\/p>\n<p style=\"text-align: justify;\"><strong>RELATO DE CASO<\/strong><\/p>\n<p><img decoding=\"async\" class=\"aligncenter size-full wp-image-49207\" src=\"https:\/\/amazonia.fiocruz.br\/wp-content\/uploads\/2024\/10\/IMG_9582-scaled.jpg\" alt=\"\" width=\"2560\" height=\"1920\" srcset=\"https:\/\/amazonia.fiocruz.br\/wp-content\/uploads\/2024\/10\/IMG_9582-scaled.jpg 2560w, https:\/\/amazonia.fiocruz.br\/wp-content\/uploads\/2024\/10\/IMG_9582-300x225.jpg 300w, https:\/\/amazonia.fiocruz.br\/wp-content\/uploads\/2024\/10\/IMG_9582-1030x773.jpg 1030w, https:\/\/amazonia.fiocruz.br\/wp-content\/uploads\/2024\/10\/IMG_9582-768x576.jpg 768w, https:\/\/amazonia.fiocruz.br\/wp-content\/uploads\/2024\/10\/IMG_9582-1536x1152.jpg 1536w, https:\/\/amazonia.fiocruz.br\/wp-content\/uploads\/2024\/10\/IMG_9582-2048x1536.jpg 2048w, https:\/\/amazonia.fiocruz.br\/wp-content\/uploads\/2024\/10\/IMG_9582-1500x1125.jpg 1500w, https:\/\/amazonia.fiocruz.br\/wp-content\/uploads\/2024\/10\/IMG_9582-705x529.jpg 705w\" sizes=\"(max-width: 2560px) 100vw, 2560px\" \/><\/p>\n<p style=\"text-align: justify;\">Durante a palestra, a ativista Brenda Graziela Sousa de Oliveira, compartilhou com o p\u00fablico presente sua experi\u00eancia, desde que foi diagnosticada com c\u00e2ncer de mama triplo negativo, em est\u00e1gio avan\u00e7ado. \u201cEm fevereiro de 2020, senti um n\u00f3dulo no meu seio, voltando do trabalho. Sempre fazia acompanhamento, porque a minha m\u00e3e tinha tido c\u00e2ncer de mama nos dois seios. Assim, logo busquei uma cl\u00ednica para fazer um ultrassom. O m\u00e9dico s\u00f3 quis me receitar uma medica\u00e7\u00e3o, achava que eu era muito jovem para me preocupar. Mesmo com o rem\u00e9dio, a dor n\u00e3o passou e, como n\u00e3o senti firmeza no profissional que havia me atendido, marquei com o mastologista da minha m\u00e3e. Fiz uma biopsia e deu inconclusivo. Com a macrobi\u00f3psia, fui diagnosticada com c\u00e2ncer de mama triplo negativo, em est\u00e1gio avan\u00e7ado\u201d, conta.<\/p>\n<p style=\"text-align: justify;\">Em agosto de 2020, aos 24 anos de idade, Brenda fez 16 sess\u00f5es de quimioterapia na Funda\u00e7\u00e3o Centro de Controle de Oncologia do Estado do Amazonas (Fcecon). Quando terminou o tratamento, no fim do ano, marcou a mastectomia para fevereiro de 2021. Por\u00e9m, em janeiro, uma nova onda de interna\u00e7\u00f5es levou o estado do Amazonas a um colapso do sistema de sa\u00fade e \u00e0 falta de oxig\u00eanio. Por conta do alto risco \u00e0 popula\u00e7\u00e3o, os hospitais de Manaus passaram a se dedicar exclusivamente aos pacientes infectados com Covid-19.<\/p>\n<p><img decoding=\"async\" class=\"aligncenter size-full wp-image-49208\" src=\"https:\/\/amazonia.fiocruz.br\/wp-content\/uploads\/2024\/10\/IMG_9568-scaled.jpg\" alt=\"\" width=\"2560\" height=\"1920\" srcset=\"https:\/\/amazonia.fiocruz.br\/wp-content\/uploads\/2024\/10\/IMG_9568-scaled.jpg 2560w, https:\/\/amazonia.fiocruz.br\/wp-content\/uploads\/2024\/10\/IMG_9568-300x225.jpg 300w, https:\/\/amazonia.fiocruz.br\/wp-content\/uploads\/2024\/10\/IMG_9568-1030x773.jpg 1030w, https:\/\/amazonia.fiocruz.br\/wp-content\/uploads\/2024\/10\/IMG_9568-768x576.jpg 768w, https:\/\/amazonia.fiocruz.br\/wp-content\/uploads\/2024\/10\/IMG_9568-1536x1152.jpg 1536w, https:\/\/amazonia.fiocruz.br\/wp-content\/uploads\/2024\/10\/IMG_9568-2048x1536.jpg 2048w, https:\/\/amazonia.fiocruz.br\/wp-content\/uploads\/2024\/10\/IMG_9568-1500x1125.jpg 1500w, https:\/\/amazonia.fiocruz.br\/wp-content\/uploads\/2024\/10\/IMG_9568-705x529.jpg 705w\" sizes=\"(max-width: 2560px) 100vw, 2560px\" \/><\/p>\n<p style=\"text-align: justify;\">Brenda foi uma das 22 pacientes de Manaus de c\u00e2ncer de mama encaminhadas a outros estados. &#8220;Eu j\u00e1 n\u00e3o tinha mais nenhuma previs\u00e3o de quando faria a mastectomia e eu precisava faz\u00ea-la at\u00e9 o dia 9 de fevereiro, se n\u00e3o precisaria refazer o ciclo de quimioterapia novamente&#8221;, narra.<\/p>\n<p style=\"text-align: justify;\">Hoje, ela tem dado palestras sobre o cuidado e acompanhamento do c\u00e2ncer de mama, enfatizando em suas apresenta\u00e7\u00f5es, que esta \u00e9 uma doen\u00e7a que n\u00e3o tem idade.<\/p>\n<p style=\"text-align: justify;\"><strong>RECONHE\u00c7A OS SINAIS<\/strong><\/p>\n<p><img decoding=\"async\" class=\"aligncenter size-full wp-image-49209\" src=\"https:\/\/amazonia.fiocruz.br\/wp-content\/uploads\/2024\/10\/IMG_9532-scaled.jpg\" alt=\"\" width=\"2560\" height=\"1920\" srcset=\"https:\/\/amazonia.fiocruz.br\/wp-content\/uploads\/2024\/10\/IMG_9532-scaled.jpg 2560w, https:\/\/amazonia.fiocruz.br\/wp-content\/uploads\/2024\/10\/IMG_9532-300x225.jpg 300w, https:\/\/amazonia.fiocruz.br\/wp-content\/uploads\/2024\/10\/IMG_9532-1030x773.jpg 1030w, https:\/\/amazonia.fiocruz.br\/wp-content\/uploads\/2024\/10\/IMG_9532-768x576.jpg 768w, https:\/\/amazonia.fiocruz.br\/wp-content\/uploads\/2024\/10\/IMG_9532-1536x1152.jpg 1536w, https:\/\/amazonia.fiocruz.br\/wp-content\/uploads\/2024\/10\/IMG_9532-2048x1536.jpg 2048w, https:\/\/amazonia.fiocruz.br\/wp-content\/uploads\/2024\/10\/IMG_9532-1500x1125.jpg 1500w, https:\/\/amazonia.fiocruz.br\/wp-content\/uploads\/2024\/10\/IMG_9532-705x529.jpg 705w\" sizes=\"(max-width: 2560px) 100vw, 2560px\" \/><\/p>\n<p style=\"text-align: justify;\">Segundo o especialista, \u00e9 importante estar alerta aos sinais, no intuito de realizar um diagn\u00f3stico precoce. Algumas dessas altera\u00e7\u00f5es est\u00e3o relacionadas a descama\u00e7\u00e3o no mamilo, mudan\u00e7a de cor, secre\u00e7\u00e3o, mudan\u00e7a no tamanho, invers\u00e3o do mamilo, caro\u00e7os, mudan\u00e7a no formato e vermelhid\u00e3o. Mulheres que possuem hist\u00f3rico pessoal ou familiar de c\u00e2ncer de mama ou ov\u00e1rio, devem realizar os exames cl\u00ednicos e de mamografia uma vez por ano.<\/p>\n<p style=\"text-align: justify;\"><strong>SOBRE A LACC<\/strong><\/p>\n<p style=\"text-align: justify;\">Uma das ONGs mais antigas do Amazonas, a Liga Amazonense Contra o C\u00e2ncer (LACC), ajuda as pessoas que est\u00e3o em tratamento contra o c\u00e2ncer na Funda\u00e7\u00e3o Centro de Controle de Oncologia do Estado do Amazonas (FCecon), em Manaus. A Liga atua na entrega de alimentos, transporte, roupas, perucas e atendimento psicol\u00f3gico.<\/p>\n<h6 style=\"text-align: justify;\"><strong><em>ILMD \/ Fiocruz Amaz\u00f4nia, por Eduardo Gomes<\/em><\/strong><\/h6>\n<h6 style=\"text-align: justify;\"><strong><em>Fotos: Eduardo Gomes<\/em><\/strong><\/h6>\n<\/div><\/section>\n","protected":false},"excerpt":{"rendered":"<p>O palestrante esclareceu d\u00favidas e pontuou aspectos e fatores de risco<\/p>\n","protected":false},"author":20,"featured_media":49203,"comment_status":"closed","ping_status":"closed","sticky":true,"template":"","format":"image","meta":{"footnotes":""},"categories":[15],"tags":[136,120,119,131],"class_list":["post-49202","post","type-post","status-publish","format-image","has-post-thumbnail","hentry","category-noticias","tag-fiocruz","tag-fiocruz-amazonia","tag-ilmd","tag-ilmdfiocruz-amazonia","post_format-post-format-image"],"_links":{"self":[{"href":"https:\/\/amazonia.fiocruz.br\/index.php?rest_route=\/wp\/v2\/posts\/49202","targetHints":{"allow":["GET"]}}],"collection":[{"href":"https:\/\/amazonia.fiocruz.br\/index.php?rest_route=\/wp\/v2\/posts"}],"about":[{"href":"https:\/\/amazonia.fiocruz.br\/index.php?rest_route=\/wp\/v2\/types\/post"}],"author":[{"embeddable":true,"href":"https:\/\/amazonia.fiocruz.br\/index.php?rest_route=\/wp\/v2\/users\/20"}],"replies":[{"embeddable":true,"href":"https:\/\/amazonia.fiocruz.br\/index.php?rest_route=%2Fwp%2Fv2%2Fcomments&post=49202"}],"version-history":[{"count":1,"href":"https:\/\/amazonia.fiocruz.br\/index.php?rest_route=\/wp\/v2\/posts\/49202\/revisions"}],"predecessor-version":[{"id":49210,"href":"https:\/\/amazonia.fiocruz.br\/index.php?rest_route=\/wp\/v2\/posts\/49202\/revisions\/49210"}],"wp:featuredmedia":[{"embeddable":true,"href":"https:\/\/amazonia.fiocruz.br\/index.php?rest_route=\/wp\/v2\/media\/49203"}],"wp:attachment":[{"href":"https:\/\/amazonia.fiocruz.br\/index.php?rest_route=%2Fwp%2Fv2%2Fmedia&parent=49202"}],"wp:term":[{"taxonomy":"category","embeddable":true,"href":"https:\/\/amazonia.fiocruz.br\/index.php?rest_route=%2Fwp%2Fv2%2Fcategories&post=49202"},{"taxonomy":"post_tag","embeddable":true,"href":"https:\/\/amazonia.fiocruz.br\/index.php?rest_route=%2Fwp%2Fv2%2Ftags&post=49202"}],"curies":[{"name":"wp","href":"https:\/\/api.w.org\/{rel}","templated":true}]}}