{"id":49186,"date":"2024-10-07T17:16:21","date_gmt":"2024-10-07T21:16:21","guid":{"rendered":"https:\/\/amazonia.fiocruz.br\/?p=49186"},"modified":"2024-10-08T08:47:06","modified_gmt":"2024-10-08T12:47:06","slug":"fiocruz-amazonia-realiza-atividades-na-capital-e-interior-durante-a-semana-nacional-de-ciencia-e-tecnologia-snct","status":"publish","type":"post","link":"https:\/\/amazonia.fiocruz.br\/?p=49186","title":{"rendered":"<strong>Fiocruz Amaz\u00f4nia realiza atividades na capital e interior durante a Semana Nacional de Ci\u00eancia e Tecnologia (SNCT)<\/strong>"},"content":{"rendered":"<section class=\"av_textblock_section \"  itemscope=\"itemscope\" itemtype=\"https:\/\/schema.org\/BlogPosting\" itemprop=\"blogPost\" ><div class='avia_textblock  '   itemprop=\"text\" ><p style=\"text-align: justify;\">O Instituto Le\u00f4nidas e Maria Deane (ILMD\/Fiocruz Amaz\u00f5nia) realiza uma s\u00e9rie de atividades, entre os dias 14 e 18\/10, para promover divulga\u00e7\u00e3o cient\u00edfica e populariza\u00e7\u00e3o da Ci\u00eancia por meio de rodas de conversas, palestras, exposi\u00e7\u00f5es e oficinas que abordar\u00e3o temas ligados \u00e0 tem\u00e1tica da 21\u00aa Semana Nacional de Ci\u00eancia e Tecnologia (SNCT), promovida pelo Minist\u00e9rio da Ci\u00eancia Tecnologia e Inova\u00e7\u00e3o (MCTI), em todo o Pa\u00eds. O tema este ano ser\u00e1 &#8220;O Bioma Amaz\u00f4nico e a Mudan\u00e7a Clim\u00e1tica&#8221;. A Fiocruz participa anualmente da iniciativa, buscando sempre ampliar o alcance das suas atividades, junto \u00e0s escolas da rede p\u00fablica e parceiros na capital e interior. Este ano, o ILMD\/Fiocruz Amaz\u00f4nia estar\u00e1 presente no Espa\u00e7o da Cidadania Ambiental (Ecam), do Manauara Shopping, em Manaus, na Escola Estadual de Tempo Integral Presidente Figueiredo, no munic\u00edpio de Presidente Figueiredo, e no Instituto Federal de Educa\u00e7\u00e3o, Ci\u00eancia e Tecnol\u00f3gica do Amazonas (IFAM), Campus Tabatinga, no Alto Solim\u00f5es.<\/p>\n<p>As a\u00e7\u00f5es integram o Programa de Apoio \u00e0 Populariza\u00e7\u00e3o da Ci\u00eancia, Tecnologia e Inova\u00e7\u00e3o no Amazonas (POP CT7I), edital 003\/2024, da Funda\u00e7\u00e3o de Amparo \u00e0 Pesquisa do Estado do Amazonas (Fapeam). \u201cO objetivo \u00e9 receber ou ir at\u00e9 alunos de escolas da rede p\u00fablica de Manaus e interior, como atividades variadas para falar de diferentes temas como vacina\u00e7\u00e3o, saneamento b\u00e1sico, a\u00e7\u00f5es de ci\u00eancia e tecnologia realizadas pela Fiocruz Amaz\u00f4nia para nossa popula\u00e7\u00e3o, exposi\u00e7\u00f5es interativas mostrando insetos e microrganismos, al\u00e9m dos trabalhos sociais desenvolvidos com os povos origin\u00e1rios e popula\u00e7\u00e3o ribeirinha, caracter\u00edsticos da nossa regi\u00e3o, nos territ\u00f3rios em que trabalhamos\u201d, explica a diretora do ILMD\/Fiocruz Amaz\u00f4nia, Stefanie Lopes. Em Tabatinga, as atividades acontecer\u00e3o nos dias 14. 15 e 16\/10; em Presidente Figueiredo, dia 17\/10, e no Espa\u00e7o Ecam, nos dias 17 e 18\/10. \u201cTodos juntos na \u00e1rdua tarefa de defender a Ci\u00eancia e promover sua populariza\u00e7\u00e3o\u201d, ressaltou a diretora.<\/p>\n<p style=\"text-align: justify;\">No IFAM -Campus Tabatinga, as atividades ser\u00e3o realizadas para os estudantes dos cursos do Ensino T\u00e9cnico Integrado. A institui\u00e7\u00e3o possui aproximadamente 430 alunos matriculados nos quatro cursos t\u00e9cnicos, vinculados ao Ensino M\u00e9dio oferecidos pela institui\u00e7\u00e3o (Meio Ambiente, Inform\u00e1tica, Administra\u00e7\u00e3o e Agropecu\u00e1ria). Ser\u00e3o realizadas mostras de v\u00eddeos e podcast DigiCi\u00eancia e OuvirCi\u00eancia; rodas de conversa \u201cMeninas e Mulheres na Ci\u00eancia\u201d, sobre o tema \u201cBiomedicina: da pesquisa \u00e0 comunidade, \u201cEduca\u00e7\u00e3o ambiental e Doen\u00e7as de Veicula\u00e7\u00e3o H\u00eddrica\u201d, \u201cImport\u00e2ncia da qualidade da \u00e1gua\u201d, \u201cImport\u00e2ncia da lavagem das m\u00e3os\u201d, \u201cSa\u00fade Ind\u00edgena: Vigil\u00e2ncia alimentar e nutricional\u201d. As atividades acontecer\u00e3o das 9h \u00e0s 11h e das 13h \u00e0s 15h.<\/p>\n<p style=\"text-align: justify;\">Na Escola Estadual Presidente Figueiredo, ser\u00e3o exibidas tamb\u00e9m as mostras de v\u00eddeos e podcasts DigiCi\u00eancias e OuvirCi\u00eancia, as rodas de conversa sobre Meninas e OuvirCi\u00eancia, as rodas de conversa sobre Meninas e Mulheres na Ci\u00eancia, Explorando o Mundo Invis\u00edvel, Farmac\u00eautico por um Dia, Estudos com HIV e Tapet\u00e3o dos ODS e a Olimp\u00edada Brasileira de Sa\u00fade e Meio Ambiente. No Espa\u00e7o ECAM, em dois hor\u00e1rios, das 10h \u00e0s 12h e das 13h \u00e0s 17h, os alunos de escolas p\u00fablicas convidadas poder\u00e3o conferir as exposi\u00e7\u00f5es \u201cMetamorfose dos insetos\u201d, \u201cAventura Molecular\u201d e \u201cEsta\u00e7\u00f5es Disseminadoras de Larvicidas\u201d, al\u00e9m da mostra de v\u00eddeos do DigiCi\u00eancia e OuvirCi\u00eancia e o Tapet\u00e3o das ODS e a Obsma. O Espa\u00e7o Eccam fica localizado no piso A\u00e7a\u00ed, do Manauara Shopping.<\/p>\n<p><em>ILMD\/Fiocruz Amaz\u00f4nia, Por J\u00falio Pedrosa<\/em><\/p>\n<p><em>Imagem: Mackesy Nascimento<\/em><\/p>\n<\/div><\/section>\n","protected":false},"excerpt":{"rendered":"<p>A 21\u00aa Semana Nacional de Ci\u00eancia e Tecnologia (SNCT), promovida pelo Minist\u00e9rio da Ci\u00eancia Tecnologia e Inova\u00e7\u00e3o (MCTI) busca difundir e popularizar a ci\u00eancia ampliando o alcance das atividades de institutos de pesquisa no Pa\u00eds<\/p>\n","protected":false},"author":60,"featured_media":49191,"comment_status":"closed","ping_status":"closed","sticky":true,"template":"","format":"image","meta":{"footnotes":""},"categories":[15],"tags":[],"class_list":["post-49186","post","type-post","status-publish","format-image","has-post-thumbnail","hentry","category-noticias","post_format-post-format-image"],"_links":{"self":[{"href":"https:\/\/amazonia.fiocruz.br\/index.php?rest_route=\/wp\/v2\/posts\/49186","targetHints":{"allow":["GET"]}}],"collection":[{"href":"https:\/\/amazonia.fiocruz.br\/index.php?rest_route=\/wp\/v2\/posts"}],"about":[{"href":"https:\/\/amazonia.fiocruz.br\/index.php?rest_route=\/wp\/v2\/types\/post"}],"author":[{"embeddable":true,"href":"https:\/\/amazonia.fiocruz.br\/index.php?rest_route=\/wp\/v2\/users\/60"}],"replies":[{"embeddable":true,"href":"https:\/\/amazonia.fiocruz.br\/index.php?rest_route=%2Fwp%2Fv2%2Fcomments&post=49186"}],"version-history":[{"count":3,"href":"https:\/\/amazonia.fiocruz.br\/index.php?rest_route=\/wp\/v2\/posts\/49186\/revisions"}],"predecessor-version":[{"id":49195,"href":"https:\/\/amazonia.fiocruz.br\/index.php?rest_route=\/wp\/v2\/posts\/49186\/revisions\/49195"}],"wp:featuredmedia":[{"embeddable":true,"href":"https:\/\/amazonia.fiocruz.br\/index.php?rest_route=\/wp\/v2\/media\/49191"}],"wp:attachment":[{"href":"https:\/\/amazonia.fiocruz.br\/index.php?rest_route=%2Fwp%2Fv2%2Fmedia&parent=49186"}],"wp:term":[{"taxonomy":"category","embeddable":true,"href":"https:\/\/amazonia.fiocruz.br\/index.php?rest_route=%2Fwp%2Fv2%2Fcategories&post=49186"},{"taxonomy":"post_tag","embeddable":true,"href":"https:\/\/amazonia.fiocruz.br\/index.php?rest_route=%2Fwp%2Fv2%2Ftags&post=49186"}],"curies":[{"name":"wp","href":"https:\/\/api.w.org\/{rel}","templated":true}]}}