{"id":49092,"date":"2024-09-29T17:01:16","date_gmt":"2024-09-29T21:01:16","guid":{"rendered":"https:\/\/amazonia.fiocruz.br\/?p=49092"},"modified":"2024-09-29T17:01:17","modified_gmt":"2024-09-29T21:01:17","slug":"acolhida-aos-novos-alunos-de-iniciacao-cientifica-conta-com-palestra-e-treinamentos-na-fiocruz-amazonia","status":"publish","type":"post","link":"https:\/\/amazonia.fiocruz.br\/?p=49092","title":{"rendered":"<strong>Acolhida aos novos alunos de Inicia\u00e7\u00e3o Cient\u00edfica conta com palestra e treinamentos na Fiocruz Amaz\u00f4nia<\/strong>"},"content":{"rendered":"<section class=\"av_textblock_section \"  itemscope=\"itemscope\" itemtype=\"https:\/\/schema.org\/BlogPosting\" itemprop=\"blogPost\" ><div class='avia_textblock  '   itemprop=\"text\" ><p style=\"text-align: justify;\">O Instituto Le\u00f4nidas e Maria Deane (ILMD\/Fiocruz Amaz\u00f4nia) recebeu uma nova turma de alunos do Programa de Inicia\u00e7\u00e3o Cient\u00edfica (PIC), formada por 43 graduandos de \u00e1reas diversas, que participaram ao longo de dois dias, 17 e 18\/09, de uma s\u00e9rie de atividades na sede do ILMD\/Fiocruz Amaz\u00f4nia, dentro da edi\u00e7\u00e3o 2024-2025 do programa. A acolhida contou com uma programa\u00e7\u00e3o especial que incluiu palestras de pesquisadores do N\u00facleo de Inova\u00e7\u00e3o Tecnol\u00f3gica, abordando inova\u00e7\u00f5es na pesquisa cient\u00edfica, Laborat\u00f3rio Ecologia de Doen\u00e7as Transmiss\u00edveis da Amaz\u00f4nia (EDTA) e do N\u00facleo de Apoio T\u00e9cnico \u00e0 Pesquisa, destacando aspectos importantes do trabalho da institui\u00e7\u00e3o.<\/p>\n<p><img decoding=\"async\" class=\"alignnone  wp-image-49095\" src=\"https:\/\/amazonia.fiocruz.br\/wp-content\/uploads\/2024\/09\/IMG_3172-300x200.jpg\" alt=\"\" width=\"1689\" height=\"1126\" srcset=\"https:\/\/amazonia.fiocruz.br\/wp-content\/uploads\/2024\/09\/IMG_3172-300x200.jpg 300w, https:\/\/amazonia.fiocruz.br\/wp-content\/uploads\/2024\/09\/IMG_3172-1030x687.jpg 1030w, https:\/\/amazonia.fiocruz.br\/wp-content\/uploads\/2024\/09\/IMG_3172-768x512.jpg 768w, https:\/\/amazonia.fiocruz.br\/wp-content\/uploads\/2024\/09\/IMG_3172-1536x1024.jpg 1536w, https:\/\/amazonia.fiocruz.br\/wp-content\/uploads\/2024\/09\/IMG_3172-2048x1365.jpg 2048w, https:\/\/amazonia.fiocruz.br\/wp-content\/uploads\/2024\/09\/IMG_3172-1500x1000.jpg 1500w, https:\/\/amazonia.fiocruz.br\/wp-content\/uploads\/2024\/09\/IMG_3172-705x470.jpg 705w\" sizes=\"(max-width: 1689px) 100vw, 1689px\" \/><\/p>\n<p style=\"text-align: justify;\">Os alunos tiveram a oportunidade de assistir \u00e0 palestra da m\u00e9dica veterin\u00e1ria e pesquisadora da Fiocruz Amaz\u00f4nia Alessandra Nava sobre \u201cO papel do pesquisador no Antropoceno\u201d, que abordou o impacto da a\u00e7\u00e3o do homem sobre a natureza como marco de uma nova \u00e9poca geol\u00f3gica na Terra. Ao final, participaram de um passeio guiado pelas instala\u00e7\u00f5es da Fiocruz Amaz\u00f4nia. No segundo dia, os alunos receberam treinamento em biosseguran\u00e7a ministrado pela Comiss\u00e3o Interna de Biosseguran\u00e7a do CIBio\/ILMD representado pelo pesquisador-doutor Pritesh Jaychand Lalwani e a servidora\u00a0Giovana Pinheiro da Concei\u00e7\u00e3o.<\/p>\n<p style=\"text-align: justify;\">Coordenado pelo pesquisador-doutor do laborat\u00f3rio de Diagn\u00f3stico e Controle e Doen\u00e7as Infecciosas da Amaz\u00f4nia (DCDIA), Yuri Chaves, o Programa de Inicia\u00e7\u00e3o Cient\u00edfica da Fiocruz Amaz\u00f4nia visa a forma\u00e7\u00e3o de recursos humanos para a pesquisa em sa\u00fade e o desenvolvimento cient\u00edfico de jovens estudantes de gradua\u00e7\u00e3o de Institui\u00e7\u00f5es de Ensino Superior (IES) p\u00fablicas e privadas reconhecidas pelo Minist\u00e9rio da Educa\u00e7\u00e3o. O programa foi institu\u00eddo pela Fiocruz Amaz\u00f4nia, em 1999, como um instrumento de forma\u00e7\u00e3o de recursos humanos que permite colocar o estudante de gradua\u00e7\u00e3o em contato direto com as atividades de pesquisa e o pensar cient\u00edfico, despertar a voca\u00e7\u00e3o cient\u00edfica e incentivar novos talentos potenciais entre estudantes de gradua\u00e7\u00e3o.<\/p>\n<p><img decoding=\"async\" class=\"alignnone  wp-image-49094\" src=\"https:\/\/amazonia.fiocruz.br\/wp-content\/uploads\/2024\/09\/IMG_3186-300x200.jpg\" alt=\"\" width=\"1685\" height=\"1123\" srcset=\"https:\/\/amazonia.fiocruz.br\/wp-content\/uploads\/2024\/09\/IMG_3186-300x200.jpg 300w, https:\/\/amazonia.fiocruz.br\/wp-content\/uploads\/2024\/09\/IMG_3186-1030x687.jpg 1030w, https:\/\/amazonia.fiocruz.br\/wp-content\/uploads\/2024\/09\/IMG_3186-768x512.jpg 768w, https:\/\/amazonia.fiocruz.br\/wp-content\/uploads\/2024\/09\/IMG_3186-1536x1024.jpg 1536w, https:\/\/amazonia.fiocruz.br\/wp-content\/uploads\/2024\/09\/IMG_3186-2048x1365.jpg 2048w, https:\/\/amazonia.fiocruz.br\/wp-content\/uploads\/2024\/09\/IMG_3186-1500x1000.jpg 1500w, https:\/\/amazonia.fiocruz.br\/wp-content\/uploads\/2024\/09\/IMG_3186-705x470.jpg 705w\" sizes=\"(max-width: 1685px) 100vw, 1685px\" \/><\/p>\n<p style=\"text-align: justify;\">\u201c\u00c9 uma grande satisfa\u00e7\u00e3o iniciarmos uma nova edi\u00e7\u00e3o do Programa de Inicia\u00e7\u00e3o Cient\u00edfica, com novos alunos ingressantes e at\u00e9 mesmo aqueles que permaneceram de outras edi\u00e7\u00f5es. Para o ILMD\/Fiocruz Amaz\u00f4nia, a Inicia\u00e7\u00e3o Cient\u00edfica \u00e9 um marco importante pois alimenta o desenvolvimento de pesquisas, principalmente pesquisa regional, al\u00e9m de fortalecer a capacita\u00e7\u00e3o e forma\u00e7\u00e3o de novos pesquisadores que v\u00e3o atuar na Sa\u00fade P\u00fablica no Amazonas e ou outros estados do Brasil. Esperamos, para este ano, muitas atividades, principalmente aquelas voltadas para divulga\u00e7\u00e3o cient\u00edfica, que possam contribuir ainda mais para a forma\u00e7\u00e3o desses profissionais na Ci\u00eancia\u201d, afirmou Yury Chaves.<\/p>\n<p><img decoding=\"async\" class=\"alignnone  wp-image-49096\" src=\"https:\/\/amazonia.fiocruz.br\/wp-content\/uploads\/2024\/09\/IMG_3201-300x200.jpg\" alt=\"\" width=\"1691\" height=\"1127\" srcset=\"https:\/\/amazonia.fiocruz.br\/wp-content\/uploads\/2024\/09\/IMG_3201-300x200.jpg 300w, https:\/\/amazonia.fiocruz.br\/wp-content\/uploads\/2024\/09\/IMG_3201-1030x687.jpg 1030w, https:\/\/amazonia.fiocruz.br\/wp-content\/uploads\/2024\/09\/IMG_3201-768x512.jpg 768w, https:\/\/amazonia.fiocruz.br\/wp-content\/uploads\/2024\/09\/IMG_3201-1536x1024.jpg 1536w, https:\/\/amazonia.fiocruz.br\/wp-content\/uploads\/2024\/09\/IMG_3201-2048x1365.jpg 2048w, https:\/\/amazonia.fiocruz.br\/wp-content\/uploads\/2024\/09\/IMG_3201-1500x1000.jpg 1500w, https:\/\/amazonia.fiocruz.br\/wp-content\/uploads\/2024\/09\/IMG_3201-705x470.jpg 705w\" sizes=\"(max-width: 1691px) 100vw, 1691px\" \/><\/p>\n<p style=\"text-align: justify;\">Estudante do 8\u00ba per\u00edodo do curso de Farm\u00e1cia, da Est\u00e1cio, Isabele Praxedes, 20, participou da acolhida aos calouros, como aluna de Inicia\u00e7\u00e3o Cient\u00edfica h\u00e1 um ano e meio. \u201cEstou partindo agora para o meu segundo ano de Inicia\u00e7\u00e3o Cient\u00edfica e posso assegurar que foi uma oportunidade \u00fanica em que tive a experi\u00eancia de discutir e realizar ci\u00eancia na regi\u00e3o amaz\u00f4nica, e com meu trabalho recebi um pr\u00eamio ao participar da Raic (Reuni\u00e3o Anual de Inicia\u00e7\u00e3o Cient\u00edfica). A \u00a0Fiocruz Amaz\u00f4nia \u00e9 uma institui\u00e7\u00e3o que, por meio do programa, nos abra\u00e7a e acolhe e sou muito grata por todas as oportunidades que recebi\u201d, afirmou Isabele.<\/p>\n<p><img decoding=\"async\" class=\"alignnone  wp-image-49097\" src=\"https:\/\/amazonia.fiocruz.br\/wp-content\/uploads\/2024\/09\/IMG_3178-300x200.jpg\" alt=\"\" width=\"1707\" height=\"1138\" srcset=\"https:\/\/amazonia.fiocruz.br\/wp-content\/uploads\/2024\/09\/IMG_3178-300x200.jpg 300w, https:\/\/amazonia.fiocruz.br\/wp-content\/uploads\/2024\/09\/IMG_3178-1030x687.jpg 1030w, https:\/\/amazonia.fiocruz.br\/wp-content\/uploads\/2024\/09\/IMG_3178-768x512.jpg 768w, https:\/\/amazonia.fiocruz.br\/wp-content\/uploads\/2024\/09\/IMG_3178-1536x1024.jpg 1536w, https:\/\/amazonia.fiocruz.br\/wp-content\/uploads\/2024\/09\/IMG_3178-2048x1365.jpg 2048w, https:\/\/amazonia.fiocruz.br\/wp-content\/uploads\/2024\/09\/IMG_3178-1500x1000.jpg 1500w, https:\/\/amazonia.fiocruz.br\/wp-content\/uploads\/2024\/09\/IMG_3178-705x470.jpg 705w\" sizes=\"(max-width: 1707px) 100vw, 1707px\" \/><\/p>\n<p style=\"text-align: justify;\">Para Evelyn Soledade, 21, estudante do 8\u00ba per\u00edodo de Biologia da Universidade Federal do Amazonas (UFAM), a experi\u00eancia da Inicia\u00e7\u00e3o Cient\u00edfica na Fiocruz vai agregar na sua forma\u00e7\u00e3o acad\u00eamica. \u201cEstou feliz e com bastante expectativas de estar participando do Programa de Inicia\u00e7\u00e3o Cient\u00edfica da Fiocruz Amaz\u00f4nia pois ele vem abrir perspectivas para o meu futuro acad\u00eamico e a possibilidade de ver quais os rumos vou tomando para os meus projetos e futuramente participar de algum programa de p\u00f3s-gradua\u00e7\u00e3o\u201d, salientou Evelyn.<\/p>\n<p><em>ILMD\/Fiocruz Amaz\u00f4nia, Por J\u00falio Pedrosa<\/em><\/p>\n<p><em>Fotos:\u00a0 J\u00falio Pedrosa<\/em><\/p>\n<\/div><\/section>\n","protected":false},"excerpt":{"rendered":"<p>Programa de Inicia\u00e7\u00e3o Cient\u00edfica da Fiocruz Amaz\u00f4nia visa a forma\u00e7\u00e3o de recursos humanos para a pesquisa em sa\u00fade e o desenvolvimento cient\u00edfico de jovens estudantes de gradua\u00e7\u00e3o de Institui\u00e7\u00f5es de Ensino Superior (IES) p\u00fablicas e privadas reconhecidas pelo Minist\u00e9rio da Educa\u00e7\u00e3o<\/p>\n","protected":false},"author":60,"featured_media":49098,"comment_status":"closed","ping_status":"closed","sticky":true,"template":"","format":"image","meta":{"footnotes":""},"categories":[15],"tags":[],"class_list":["post-49092","post","type-post","status-publish","format-image","has-post-thumbnail","hentry","category-noticias","post_format-post-format-image"],"_links":{"self":[{"href":"https:\/\/amazonia.fiocruz.br\/index.php?rest_route=\/wp\/v2\/posts\/49092","targetHints":{"allow":["GET"]}}],"collection":[{"href":"https:\/\/amazonia.fiocruz.br\/index.php?rest_route=\/wp\/v2\/posts"}],"about":[{"href":"https:\/\/amazonia.fiocruz.br\/index.php?rest_route=\/wp\/v2\/types\/post"}],"author":[{"embeddable":true,"href":"https:\/\/amazonia.fiocruz.br\/index.php?rest_route=\/wp\/v2\/users\/60"}],"replies":[{"embeddable":true,"href":"https:\/\/amazonia.fiocruz.br\/index.php?rest_route=%2Fwp%2Fv2%2Fcomments&post=49092"}],"version-history":[{"count":1,"href":"https:\/\/amazonia.fiocruz.br\/index.php?rest_route=\/wp\/v2\/posts\/49092\/revisions"}],"predecessor-version":[{"id":49099,"href":"https:\/\/amazonia.fiocruz.br\/index.php?rest_route=\/wp\/v2\/posts\/49092\/revisions\/49099"}],"wp:featuredmedia":[{"embeddable":true,"href":"https:\/\/amazonia.fiocruz.br\/index.php?rest_route=\/wp\/v2\/media\/49098"}],"wp:attachment":[{"href":"https:\/\/amazonia.fiocruz.br\/index.php?rest_route=%2Fwp%2Fv2%2Fmedia&parent=49092"}],"wp:term":[{"taxonomy":"category","embeddable":true,"href":"https:\/\/amazonia.fiocruz.br\/index.php?rest_route=%2Fwp%2Fv2%2Fcategories&post=49092"},{"taxonomy":"post_tag","embeddable":true,"href":"https:\/\/amazonia.fiocruz.br\/index.php?rest_route=%2Fwp%2Fv2%2Ftags&post=49092"}],"curies":[{"name":"wp","href":"https:\/\/api.w.org\/{rel}","templated":true}]}}