{"id":49060,"date":"2024-09-25T16:08:59","date_gmt":"2024-09-25T20:08:59","guid":{"rendered":"https:\/\/amazonia.fiocruz.br\/?p=49060"},"modified":"2024-09-25T16:09:00","modified_gmt":"2024-09-25T20:09:00","slug":"fiocruz-amazonia-participa-do-6o-congresso-da-sociedade-brasileira-de-proteomica-em-sao-paulo","status":"publish","type":"post","link":"https:\/\/amazonia.fiocruz.br\/?p=49060","title":{"rendered":"<strong>Fiocruz Amaz\u00f4nia participa do 6\u00ba Congresso da Sociedade Brasileira de Prote\u00f4mica, em S\u00e3o Paulo<\/strong>"},"content":{"rendered":"<section class=\"av_textblock_section \"  itemscope=\"itemscope\" itemtype=\"https:\/\/schema.org\/BlogPosting\" itemprop=\"blogPost\" ><div class='avia_textblock  '   itemprop=\"text\" ><p style=\"text-align: justify;\">Com um total de oito trabalhos submetidos, o Instituto Le\u00f4nidas e Maria Deane (ILMD\/Fiocruz Amaz\u00f4nia) participou do 6\u00ba Congresso da Sociedade Brasileira de Prote\u00f4mica, realizado entre os dias 16 e 19\/09, no Centro de Difus\u00e3o Internacional da USP, em S\u00e3o Paulo, com uma programa\u00e7\u00e3o que envolveu a realiza\u00e7\u00e3o de cursos de treinamento e simp\u00f3sios com temas variados relacionados \u00e0 Prote\u00f4mica e Metabol\u00f4mica. Este ano, a Fiocruz Amaz\u00f4nia participou do evento com a maior comitiva, desde a primeira edi\u00e7\u00e3o, formada por dez pessoas, sendo sete discentes Programa de P\u00f3s-Gradua\u00e7\u00e3o em Biologia da Intera\u00e7\u00e3o Pat\u00f3geno-Hospedeiro (PPGBIO-INTERA\u00c7\u00c3O), um aluno do Programa de Apoio \u00e0 Inicia\u00e7\u00e3o Cient\u00edfica (PAIC), uma pesquisadora-bolsista e a coordenadora do programa, a pesquisadora da Fiocruz Amaz\u00f4nia, Priscila Aquino.<\/p>\n<p><img decoding=\"async\" class=\"alignnone  wp-image-49061\" src=\"https:\/\/amazonia.fiocruz.br\/wp-content\/uploads\/2024\/09\/proteomica-1-225x300.jpg\" alt=\"\" width=\"1685\" height=\"2247\" srcset=\"https:\/\/amazonia.fiocruz.br\/wp-content\/uploads\/2024\/09\/proteomica-1-225x300.jpg 225w, https:\/\/amazonia.fiocruz.br\/wp-content\/uploads\/2024\/09\/proteomica-1-773x1030.jpg 773w, https:\/\/amazonia.fiocruz.br\/wp-content\/uploads\/2024\/09\/proteomica-1-768x1024.jpg 768w, https:\/\/amazonia.fiocruz.br\/wp-content\/uploads\/2024\/09\/proteomica-1-1152x1536.jpg 1152w, https:\/\/amazonia.fiocruz.br\/wp-content\/uploads\/2024\/09\/proteomica-1-1536x2048.jpg 1536w, https:\/\/amazonia.fiocruz.br\/wp-content\/uploads\/2024\/09\/proteomica-1-1125x1500.jpg 1125w, https:\/\/amazonia.fiocruz.br\/wp-content\/uploads\/2024\/09\/proteomica-1-529x705.jpg 529w, https:\/\/amazonia.fiocruz.br\/wp-content\/uploads\/2024\/09\/proteomica-1-scaled.jpg 1920w\" sizes=\"(max-width: 1685px) 100vw, 1685px\" \/><\/p>\n<p style=\"text-align: justify;\">De acordo Aquino, o congresso teve como novidade este ano a jun\u00e7\u00e3o do Summit Brasileiro de Metabol\u00f4mica, com os trabalhos na \u00e1rea de Prote\u00f4mica, o que permitiu importante \u201ctroca de conhecimento\u201d e perspectivas de parcerias. \u201cA jun\u00e7\u00e3o do Summit Brasileiro de Metabol\u00f4mica foi uma oportunidade de interc\u00e2mbio cient\u00edfico tanto na \u00e1rea de Prote\u00f4mica quanto de Metabol\u00f4mica, onde foi poss\u00edvel visualizar trabalhos de estados da arte em diferentes tem\u00e1ticas envolvendo essas duas abordagens\u201d, afirmou Priscila.<\/p>\n<p style=\"text-align: justify;\">Segundo a pesquisadora, a Fiocruz Amaz\u00f4nia j\u00e1 participou de outras edi\u00e7\u00f5es do BrProt, assim como da Escola de Prote\u00f4mica, ano passado em Bel\u00e9m, estimulando a participa\u00e7\u00e3o dos discentes para apresenta\u00e7\u00e3o dos trabalhos desenvolvidos no ILMD\/Fiocruz Amaz\u00f4nia. Aluna de Doutorado do PPGBIO-INTERA\u00c7\u00c3O, Rosyana de F\u00e1tima Vieira de Alburquerque, considera importante a participa\u00e7\u00e3o dos discentes no evento por todos os conhecimentos adquiridos e as oportunidades de interc\u00e2mbio com colegas da \u00e1rea. \u201cS\u00e3o experi\u00eancias que ir\u00e3o contribuir bastante para o desenvolvimento da nossa pesquisa e com certeza s\u00e3o momentos de aprendizagem essenciais na jornada acad\u00eamica de qualquer aluno de p\u00f3s-gradua\u00e7\u00e3o, pois permite que possamos conduzir nosso trabalho com mais embasamento e rigor\u201d, afirmou, agradecendo \u00e0 Fiocruz Amaz\u00f4nia a oportunidade em nome de todos que integram o grupo da Prote\u00f4mica.<\/p>\n<p style=\"text-align: justify;\">Para Kamila Pereira de Ara\u00fajo, bolsista de Inicia\u00e7\u00e3o Cient\u00edfica Paic\/Fapeam, a oportunidade de participar, pela primeira vez, do BrProt \u00e9 motivo de felicidade e agradecimento pelo incentivo ao avan\u00e7o da pesquisa na regi\u00e3o e na institui\u00e7\u00e3o. \u201cEstou muito feliz pela oportunidade de ter conhecido e participado do Congresso, algo maravilhoso para mim e minha forma\u00e7\u00e3o acad\u00eamica porque me permitiu desenvolver novas habilidades, adquirir v\u00e1rios conhecimentos, conhecer pessoas novas e fazer o network, ainda mais sendo aluna de Inicia\u00e7\u00e3o Cient\u00edfica\u201d, agradeceu.<\/p>\n<p style=\"text-align: justify;\">Priscila Aquino destaca a import\u00e2ncia da presen\u00e7a da Fiocruz Amaz\u00f4nia no evento como um incentivo \u00e0 participa\u00e7\u00e3o de outros grupos da \u00e1rea de Prote\u00f4mica em atua\u00e7\u00e3o no Amazonas. \u201cA Prote\u00f4mica n\u00e3o s\u00f3 no Amazonas como em toda a Regi\u00e3o Norte \u00e9 ainda muito incipiente, vemos poucos grupos atuando e trabalhando nessa linha, necessitando assim de incentivo para ampliar essa participa\u00e7\u00e3o em eventos como o da Sociedade Brasileira de Prote\u00f4mica. Com rela\u00e7\u00e3o \u00e0 Metabol\u00f4mica, temos um grupo maior e mais estabelecido de pesquisadores no Amazonas, seja para o estudo de doen\u00e7as como tamb\u00e9m aplicada \u00e0 pesquisa de produtos naturais\u201d, explicou Aquino.<\/p>\n<p style=\"text-align: justify;\">A coordenadora do PPGBIO-INTERA\u00c7\u00c3O faz uma avalia\u00e7\u00e3o positiva dos trabalhos apresentados pela Fiocruz Amaz\u00f4nia durante o evento. \u201cO congresso re\u00fane um volume de pessoas muito grande, muito embora a Sociedade Brasileira de Prote\u00f4mica ainda seja recente em rela\u00e7\u00e3o \u00e0s demais sociedades existentes, ainda assim \u00e9 uma oportunidade e tanto para alavancar nosso trabalho\u201d, avaliou Priscila.<\/p>\n<p style=\"text-align: justify;\"><strong>RECURSOS HUMANOS<\/strong><\/p>\n<p style=\"text-align: justify;\">A fomento \u00e0 forma\u00e7\u00e3o de recursos humanos na \u00e1rea \u00e9 um dos principais objetivos da Sociedade Brasileira de Prote\u00f4mica no cen\u00e1rio da sa\u00fade p\u00fablica no Brasil. Para o presidente da entidade, Giuseppe Palmisano, que coordena o Laborat\u00f3rio de GlicoProte\u00f4mica do Instituto de Ci\u00eancias Biom\u00e9dicas da Universidade de S\u00e3o Paulo (ICB-USP), s\u00e3o esses recursos humanos que v\u00e3o possibilitar o desenvolvimento de tecnologias apuradas e metodologias robustas que permitam identificar biomarcadores, diagn\u00f3sticos ou progn\u00f3sticos de v\u00e1rias doen\u00e7as. \u201cNosso objetivo \u00e9 fomentar o desenvolvimento da ci\u00eancia da Prote\u00f4mica e os recursos humanos s\u00e3o os pesquisadores que v\u00e3o fazer todas as descobertas tamb\u00e9m no campo da sa\u00fade p\u00fablica para desvendar mecanismos biol\u00f3gicos de v\u00e1rias doen\u00e7as, desde doen\u00e7as infecciosas, cr\u00f4nicas, raz\u00e3o pela qual tivermos v\u00e1rias sess\u00f5es focadas em diversas doen\u00e7as, mostrando o quanto a Prote\u00f4mica est\u00e1 atualizada na perspectiva da Sa\u00fade \u00danica (One Health)\u201d, afirmou o Giuseppe, observando que o Brasil est\u00e1 bem situado no cen\u00e1rio internacional, em rela\u00e7\u00e3o ao desenvolvimento da \u00e1rea da Prote\u00f4mica.<\/p>\n<p style=\"text-align: justify;\">\u201cTemos v\u00e1rios professores e pesquisadores brasileiros na Human Proteomic Organization e v\u00e1rias publica\u00e7\u00f5es em revistas de alto impacto que ajudaram e ajudam muito o desenvolvimento dessa ci\u00eancia e pesquisadores da Sociedade que est\u00e3o em v\u00e1rios comit\u00eas editoriais de revistas internacionais de Prote\u00f4mica\u201d, salientou.<\/p>\n<p style=\"text-align: justify;\"><strong>Trabalhos apresentados no 6\u00ba BrProt<\/strong><\/p>\n<p style=\"text-align: justify;\"><em>1 &#8211; Proteomic characterization of young women with grade cervical intraepithelial lesions grade 3<\/em><\/p>\n<p style=\"text-align: justify;\"><em>2 &#8211; Proteomics analysis reveals the Serpin family proteins differentially abundant in women with highgrade cervical lesions and HIV-positive<\/em><\/p>\n<p style=\"text-align: justify;\"><em>3 &#8211; Proteomic profile of the secretome and biofilm of Aspergillus fumigatus<\/em><\/p>\n<p style=\"text-align: justify;\"><em>4 &#8211; Insights of Bothrops atrox envenoming through label-free\u00a0proteomics<\/em><\/p>\n<p style=\"text-align: justify;\"><em>5 &#8211; Metabolomic approach reveals potential metabolites for the discrimination of high-grade precancerous lesions of cervical cancer<\/em><\/p>\n<p style=\"text-align: justify;\"><em>6 &#8211; Exploring the proteomic profiles of women with cervical intraepithelial lesions grade 3 co-infected by HIV and HPV16<\/em><\/p>\n<p style=\"text-align: justify;\"><em>7 &#8211; Insights into the Lag and Exponential Phases of the Amazonian Aspergillus flavus Strain through Proteomics<\/em><\/p>\n<p style=\"text-align: justify;\"><em>8 &#8211; Essential proteins in the immune response against viral pathogens are present in vaccinated patients infected with the \u00d4micron variant<\/em><\/p>\n<p style=\"text-align: justify;\">\n<p><em>ILMD\/Fiocruz Amaz\u00f4nia, Por J\u00falio Pedrosa<\/em><\/p>\n<p><em>Fotos: Divulga\u00e7\u00e3o \/ Fiocruz Amaz\u00f4nia<\/em><\/p>\n<\/div><\/section>\n","protected":false},"excerpt":{"rendered":"<p>Programa\u00e7\u00e3o envolveu realiza\u00e7\u00e3o de cursos de treinamento e simp\u00f3sios com temas variados relacionados \u00e0 Prote\u00f4mica e Metabol\u00f4mica. Este ano, a Fiocruz Amaz\u00f4nia participou do evento com a maior comitiva, desde a primeira edi\u00e7\u00e3o, formada por dez pessoas, entre discentes e pesquisadores<\/p>\n","protected":false},"author":60,"featured_media":49062,"comment_status":"closed","ping_status":"closed","sticky":true,"template":"","format":"image","meta":{"footnotes":""},"categories":[15],"tags":[],"class_list":["post-49060","post","type-post","status-publish","format-image","has-post-thumbnail","hentry","category-noticias","post_format-post-format-image"],"_links":{"self":[{"href":"https:\/\/amazonia.fiocruz.br\/index.php?rest_route=\/wp\/v2\/posts\/49060","targetHints":{"allow":["GET"]}}],"collection":[{"href":"https:\/\/amazonia.fiocruz.br\/index.php?rest_route=\/wp\/v2\/posts"}],"about":[{"href":"https:\/\/amazonia.fiocruz.br\/index.php?rest_route=\/wp\/v2\/types\/post"}],"author":[{"embeddable":true,"href":"https:\/\/amazonia.fiocruz.br\/index.php?rest_route=\/wp\/v2\/users\/60"}],"replies":[{"embeddable":true,"href":"https:\/\/amazonia.fiocruz.br\/index.php?rest_route=%2Fwp%2Fv2%2Fcomments&post=49060"}],"version-history":[{"count":1,"href":"https:\/\/amazonia.fiocruz.br\/index.php?rest_route=\/wp\/v2\/posts\/49060\/revisions"}],"predecessor-version":[{"id":49063,"href":"https:\/\/amazonia.fiocruz.br\/index.php?rest_route=\/wp\/v2\/posts\/49060\/revisions\/49063"}],"wp:featuredmedia":[{"embeddable":true,"href":"https:\/\/amazonia.fiocruz.br\/index.php?rest_route=\/wp\/v2\/media\/49062"}],"wp:attachment":[{"href":"https:\/\/amazonia.fiocruz.br\/index.php?rest_route=%2Fwp%2Fv2%2Fmedia&parent=49060"}],"wp:term":[{"taxonomy":"category","embeddable":true,"href":"https:\/\/amazonia.fiocruz.br\/index.php?rest_route=%2Fwp%2Fv2%2Fcategories&post=49060"},{"taxonomy":"post_tag","embeddable":true,"href":"https:\/\/amazonia.fiocruz.br\/index.php?rest_route=%2Fwp%2Fv2%2Ftags&post=49060"}],"curies":[{"name":"wp","href":"https:\/\/api.w.org\/{rel}","templated":true}]}}