{"id":48933,"date":"2024-09-21T13:56:34","date_gmt":"2024-09-21T17:56:34","guid":{"rendered":"https:\/\/amazonia.fiocruz.br\/?p=48933"},"modified":"2024-09-21T13:56:34","modified_gmt":"2024-09-21T17:56:34","slug":"fiocruz-amazonia-sediara-lancamento-do-livro-panpoeticademia-de-jose-serafico-no-dia-30-09","status":"publish","type":"post","link":"https:\/\/amazonia.fiocruz.br\/?p=48933","title":{"rendered":"<a><strong>Fiocruz Amaz\u00f4nia sediar\u00e1 lan\u00e7amento do livro PanPo\u00e9ticaDemia, de Jos\u00e9 Ser\u00e1fico, no dia 30\/09<\/strong><\/a>"},"content":{"rendered":"<section class=\"av_textblock_section \"  itemscope=\"itemscope\" itemtype=\"https:\/\/schema.org\/BlogPosting\" itemprop=\"blogPost\" ><div class='avia_textblock  '   itemprop=\"text\" ><p style=\"text-align: justify;\">O Instituto Le\u00f4nidas e Maria Deane (ILMD\/Fiocruz Amaz\u00f4nia) ser\u00e1 o palco para o lan\u00e7amento do livro de poesias PanPo\u00e9ticaDemia, de autoria do jornalista, escritor, professor universit\u00e1rio e agora <a href=\"https:\/\/www.nagavea.com.br\/\">blogueiro<\/a> Jos\u00e9 Ser\u00e1fico. O livro, o vig\u00e9simo de sua carreira, re\u00fane poesias e poemas escritos durante a fase mais aguda da pandemia de Covid-19, em Manaus, um per\u00edodo cr\u00edtico da hist\u00f3ria do Estado, quando a falta de oxig\u00eanio para a assist\u00eancia aos pacientes aterrorizou o Mundo e enlutou in\u00fameras fam\u00edlias amazonenses. A colet\u00e2nea traz o pref\u00e1cio assinado pelo m\u00e9dico infectologista Marcus Vin\u00edcius Guimar\u00e3es de Lacerda, pesquisador especialista da Fiocruz Amaz\u00f4nia, que trabalhou intensamente em pesquisas voltadas ao enfrentamento da Covid-19. A sess\u00e3o de aut\u00f3grafos acontecer\u00e1 no Sal\u00e3o Canoas, na sede da Fiocruz Amaz\u00f4nia, situada na Rua Teresina, 476, bairro Adrian\u00f3polis, a partir das 17h30.<\/p>\n<p><img decoding=\"async\" class=\"alignnone  wp-image-48935\" src=\"https:\/\/amazonia.fiocruz.br\/wp-content\/uploads\/2024\/09\/lancamento-serafico-300x300.jpg\" alt=\"\" width=\"1691\" height=\"1691\" srcset=\"https:\/\/amazonia.fiocruz.br\/wp-content\/uploads\/2024\/09\/lancamento-serafico-300x300.jpg 300w, https:\/\/amazonia.fiocruz.br\/wp-content\/uploads\/2024\/09\/lancamento-serafico-1030x1030.jpg 1030w, https:\/\/amazonia.fiocruz.br\/wp-content\/uploads\/2024\/09\/lancamento-serafico-80x80.jpg 80w, https:\/\/amazonia.fiocruz.br\/wp-content\/uploads\/2024\/09\/lancamento-serafico-768x768.jpg 768w, https:\/\/amazonia.fiocruz.br\/wp-content\/uploads\/2024\/09\/lancamento-serafico-1536x1536.jpg 1536w, https:\/\/amazonia.fiocruz.br\/wp-content\/uploads\/2024\/09\/lancamento-serafico-36x36.jpg 36w, https:\/\/amazonia.fiocruz.br\/wp-content\/uploads\/2024\/09\/lancamento-serafico-180x180.jpg 180w, https:\/\/amazonia.fiocruz.br\/wp-content\/uploads\/2024\/09\/lancamento-serafico-1500x1500.jpg 1500w, https:\/\/amazonia.fiocruz.br\/wp-content\/uploads\/2024\/09\/lancamento-serafico-705x705.jpg 705w, https:\/\/amazonia.fiocruz.br\/wp-content\/uploads\/2024\/09\/lancamento-serafico.jpg 1600w\" sizes=\"(max-width: 1691px) 100vw, 1691px\" \/><\/p>\n<p style=\"text-align: justify;\">Ser\u00e1fico conta que a pandemia \u00e9 o fio condutor da obra que tem, no total, 152 p\u00e1ginas e foi editada pelo Grupo Scotecci. O autor explica que escolheu a Fiocruz Amaz\u00f4nia como local para o lan\u00e7amento por tr\u00eas motivos simb\u00f3licos: o per\u00edodo em que foi escrito, a import\u00e2ncia estrat\u00e9gica da Fiocruz no contexto pand\u00eamico e a homenagem ao m\u00e9dico infectologista Marcus Vinicius Guimar\u00e3es Lacerda, pesquisador da Fiocruz Amaz\u00f4nia. &#8220;Poderia at\u00e9 dar outro t\u00edtulo, chamar o livro de Poemas da Pandemia, porque quase todos as poesias e poemas foram elaborados na fase mais aguda da pandemia. Foi, como est\u00e1 dito em algum momento, no sabor dos acontecimentos que se desenrolaram durante a pandemia, em especial a falta de oxig\u00eanio que fez de Manaus, o epicentro da pandemia naquele momento&#8221;, explica o autor.<\/p>\n<p style=\"text-align: justify;\"><img decoding=\"async\" class=\"alignnone wp-image-48934\" src=\"https:\/\/amazonia.fiocruz.br\/wp-content\/uploads\/2024\/09\/IMG_3167-300x200.jpg\" alt=\"\" width=\"1689\" height=\"1126\" srcset=\"https:\/\/amazonia.fiocruz.br\/wp-content\/uploads\/2024\/09\/IMG_3167-300x200.jpg 300w, https:\/\/amazonia.fiocruz.br\/wp-content\/uploads\/2024\/09\/IMG_3167-1030x687.jpg 1030w, https:\/\/amazonia.fiocruz.br\/wp-content\/uploads\/2024\/09\/IMG_3167-768x512.jpg 768w, https:\/\/amazonia.fiocruz.br\/wp-content\/uploads\/2024\/09\/IMG_3167-1536x1024.jpg 1536w, https:\/\/amazonia.fiocruz.br\/wp-content\/uploads\/2024\/09\/IMG_3167-2048x1365.jpg 2048w, https:\/\/amazonia.fiocruz.br\/wp-content\/uploads\/2024\/09\/IMG_3167-1500x1000.jpg 1500w, https:\/\/amazonia.fiocruz.br\/wp-content\/uploads\/2024\/09\/IMG_3167-705x470.jpg 705w\" sizes=\"(max-width: 1689px) 100vw, 1689px\" \/><\/p>\n<p style=\"text-align: justify;\">E continua: &#8220;Em segundo lugar, a escolha do local \u00e9 uma homenagem \u00e0 Fiocruz cujos esfor\u00e7os eu posso testemunhar no sentido de produ\u00e7\u00e3o cient\u00edfica; por \u00faltimo, mas n\u00e3o menos importante,\u00a0 o fato de o livro ter sido prefaciado, por uma escolha especialmente minha, pelo infectologista Marcus Lacerda, pesquisador dos mais respeitados da Fiocruz e tamb\u00e9m um disc\u00edpulo e fiel amigo de um amigo irm\u00e3o que hoje d\u00e1 nome \u00e0 Funda\u00e7\u00e3o de Medicina Tropical do Amazonas, Heitor Vieira Dourado&#8221;, resumiu Ser\u00e1fico, durante visita \u00e0 sede do ILMD\/ Fiocruz Amaz\u00f4nia.<\/p>\n<p style=\"text-align: justify;\">O escritor tra\u00e7a um paralelo entre o sofrimento no per\u00edodo cr\u00edtico da pandemia e a situa\u00e7\u00e3o vivida hoje em virtude da p\u00e9ssima qualidade do ar, respirado na cidade de Manaus. &#8220;Essa n\u00e9voa \u00e9 resultado do negativismo e da gan\u00e2ncia. O negativismo daqueles que ignoram e querem que todos sejam ignorantes, e a gan\u00e2ncia dos extremistas ego\u00edstas, que se sentam donos do mundo e de todos os bens do mundo. Est\u00e1 mais do que comprovado que a situa\u00e7\u00e3o \u00e9 decorrente da a\u00e7\u00e3o humana. O mundo \u00e9 uma constru\u00e7\u00e3o humana e quem constr\u00f3i o mundo somos n\u00f3s e na hora em que a gan\u00e2ncia, o ego\u00edsmo e a falta de solidariedade triunfam n\u00e3o se pode esperar outra coisa&#8221;, salienta, alertando que estamos voltando a sentir a sensa\u00e7\u00e3o de p\u00e2nico, numa escala global, como foi na pandemia. &#8220;O que \u00e9 pior: pr\u00f3ximo de um ponto sem retorno, o que \u00e9 mais grave. A natureza se vinga&#8221;, finalizou<strong>.<\/strong><\/p>\n<p><em>ILMD\/Fiocruz Amaz\u00f4nia, Por J\u00falio Pedrosa<\/em><\/p>\n<p><em>Fotos: J\u00falio Pedrosa<\/em><\/p>\n<\/div><\/section>\n","protected":false},"excerpt":{"rendered":"<p>A colet\u00e2nea de poesias e poemas traz o pref\u00e1cio assinado pelo m\u00e9dico infectologista Marcus Vin\u00edcius Guimar\u00e3es de Lacerda, pesquisador especialista da Fiocruz Amaz\u00f4nia, que trabalhou intensamente em pesquisas voltadas ao enfrentamento da Covid-19<\/p>\n","protected":false},"author":60,"featured_media":48936,"comment_status":"closed","ping_status":"closed","sticky":true,"template":"","format":"image","meta":{"footnotes":""},"categories":[15],"tags":[],"class_list":["post-48933","post","type-post","status-publish","format-image","has-post-thumbnail","hentry","category-noticias","post_format-post-format-image"],"_links":{"self":[{"href":"https:\/\/amazonia.fiocruz.br\/index.php?rest_route=\/wp\/v2\/posts\/48933","targetHints":{"allow":["GET"]}}],"collection":[{"href":"https:\/\/amazonia.fiocruz.br\/index.php?rest_route=\/wp\/v2\/posts"}],"about":[{"href":"https:\/\/amazonia.fiocruz.br\/index.php?rest_route=\/wp\/v2\/types\/post"}],"author":[{"embeddable":true,"href":"https:\/\/amazonia.fiocruz.br\/index.php?rest_route=\/wp\/v2\/users\/60"}],"replies":[{"embeddable":true,"href":"https:\/\/amazonia.fiocruz.br\/index.php?rest_route=%2Fwp%2Fv2%2Fcomments&post=48933"}],"version-history":[{"count":1,"href":"https:\/\/amazonia.fiocruz.br\/index.php?rest_route=\/wp\/v2\/posts\/48933\/revisions"}],"predecessor-version":[{"id":48937,"href":"https:\/\/amazonia.fiocruz.br\/index.php?rest_route=\/wp\/v2\/posts\/48933\/revisions\/48937"}],"wp:featuredmedia":[{"embeddable":true,"href":"https:\/\/amazonia.fiocruz.br\/index.php?rest_route=\/wp\/v2\/media\/48936"}],"wp:attachment":[{"href":"https:\/\/amazonia.fiocruz.br\/index.php?rest_route=%2Fwp%2Fv2%2Fmedia&parent=48933"}],"wp:term":[{"taxonomy":"category","embeddable":true,"href":"https:\/\/amazonia.fiocruz.br\/index.php?rest_route=%2Fwp%2Fv2%2Fcategories&post=48933"},{"taxonomy":"post_tag","embeddable":true,"href":"https:\/\/amazonia.fiocruz.br\/index.php?rest_route=%2Fwp%2Fv2%2Ftags&post=48933"}],"curies":[{"name":"wp","href":"https:\/\/api.w.org\/{rel}","templated":true}]}}