{"id":47928,"date":"2024-08-21T12:29:21","date_gmt":"2024-08-21T16:29:21","guid":{"rendered":"https:\/\/amazonia.fiocruz.br\/?p=47928"},"modified":"2024-08-21T14:19:25","modified_gmt":"2024-08-21T18:19:25","slug":"fiocruz-amazonia-prorroga-ate-26-08-as-inscricoes-para-o-v-encontro-de-pos-graduacao","status":"publish","type":"post","link":"https:\/\/amazonia.fiocruz.br\/?p=47928","title":{"rendered":"<strong>Fiocruz Amaz\u00f4nia prorroga at\u00e9 26\/08 as inscri\u00e7\u00f5es para o V Encontro de P\u00f3s-Gradua\u00e7\u00e3o<\/strong>"},"content":{"rendered":"<section class=\"av_textblock_section \"  itemscope=\"itemscope\" itemtype=\"https:\/\/schema.org\/BlogPosting\" itemprop=\"blogPost\" ><div class='avia_textblock  '   itemprop=\"text\" ><p style=\"text-align: justify;\">O Instituto Le\u00f4nidas e Maria Deane (ILMD\/Fiocruz Amaz\u00f4nia) prorrogou at\u00e9 a pr\u00f3xima segunda-feira, 26\/08, as inscri\u00e7\u00f5es para o V Encontro de P\u00f3s-Gradua\u00e7\u00e3o, que acontecer\u00e1 entre os dias 9 e 12\/09, no Hotel Intercity, em Manaus. Com o tema \u201cSa\u00fade e Meio Ambiente na Amaz\u00f4nia: Papel dos p\u00f3s-graduando nos desafios globais\u201d, o encontro se prop\u00f5e a discutir e divulgar avan\u00e7os nas pesquisas cient\u00edficas realizadas pelos p\u00f3s-graduandos dos programas de p\u00f3s-gradua\u00e7\u00e3o do ILMD\/Fiocruz Amaz\u00f4nia, promovendo maior integra\u00e7\u00e3o entre docentes e discentes, incluindo alunos de Inicia\u00e7\u00e3o Cient\u00edfica. O evento acontece em associa\u00e7\u00e3o com o III Encontro dos Programas de P\u00f3s-Gradua\u00e7\u00e3o em Sa\u00fade Coletiva no Amazonas\u201d, que abrir\u00e1 a programa\u00e7\u00e3o, no dia 9\/08, envolvendo programas de p\u00f3s-gradua\u00e7\u00e3o em Sa\u00fade Coletiva do ILMD\/Fiocruz Amaz\u00f4nia, Universidade Federal do Amazonas (UFAM) e Universidade do Estado do Amazonas (UEA). As inscri\u00e7\u00f5es s\u00e3o gratuitas.<\/p>\n<p style=\"text-align: justify;\">De acordo com a pesquisadora da Fiocruz Amaz\u00f4nia, Ani Beatriz Matsuura, coordenadora do Programa de P\u00f3s-Gradua\u00e7\u00e3o em Condi\u00e7\u00f5es de Vida e Situa\u00e7\u00f5es de Sa\u00fade na Amaz\u00f4nia (PPGVIDA) e respons\u00e1vel pela organiza\u00e7\u00e3o do encontro, a prorroga\u00e7\u00e3o tem como finalidade ampliar o alcance do evento, uma vez que ele \u00e9 aberto para alunos de programas de p\u00f3s-gradua\u00e7\u00e3o de outras institui\u00e7\u00f5es, interessados em aprofundar as discuss\u00f5es acerca dos temas propostos para as mesas-redondas, palestras e oficinas programadas para o evento. .<\/p>\n<p style=\"text-align: justify;\">Confira aqui a <a href=\"https:\/\/campusvirtual.fiocruz.br\/gestordecursos\/hotsite\/5semanaposILMD\/programaaao\/9919\">programa\u00e7\u00e3o<\/a> completa. As <a href=\"https:\/\/campusvirtual.fiocruz.br\/portal\/node\/80178\">inscri\u00e7\u00f5es<\/a> ao V Encontro de P\u00f3s-Gradua\u00e7\u00e3o est\u00e3o sendo realizadas no Campus Virtual da Fiocruz. No total, foram disponibilizadas 200 vagas. \u201cEstamos tendo uma procura significativa, mas ainda h\u00e1 vagas dispon\u00edveis\u201d, afirma Matsuura. Haver\u00e1 premia\u00e7\u00e3o para os melhores trabalhos submetidos. A submiss\u00e3o de trabalhos \u00e9 restrita aos alunos dos programas de p\u00f3s-gradua\u00e7\u00e3o do ILMD\/Fiocruz Amaz\u00f4nia e do Programa de P\u00f3s-Gradua\u00e7\u00e3o em Sa\u00fade Coletiva da Universidade do Estado do Amazonas (UEA).<\/p>\n<p style=\"text-align: justify;\"><em>ILMD\/Fiocruz Amaz\u00f4nia, Por J\u00falio Pedrosa<\/em><\/p>\n<p><em>Imagem: Mackesy Nascimento<\/em><\/p>\n<\/div><\/section>\n","protected":false},"excerpt":{"rendered":"<p>Finalidade \u00e9 ampliar alcance do evento, aberto a alunos de programas de p\u00f3s-gradua\u00e7\u00e3o de institui\u00e7\u00f5es interessadas em aprofundar as discuss\u00f5es acerca do papel dos p\u00f3s-graduandos frente aos desafios globais<\/p>\n","protected":false},"author":60,"featured_media":47929,"comment_status":"closed","ping_status":"closed","sticky":true,"template":"","format":"image","meta":{"footnotes":""},"categories":[15],"tags":[],"class_list":["post-47928","post","type-post","status-publish","format-image","has-post-thumbnail","hentry","category-noticias","post_format-post-format-image"],"_links":{"self":[{"href":"https:\/\/amazonia.fiocruz.br\/index.php?rest_route=\/wp\/v2\/posts\/47928","targetHints":{"allow":["GET"]}}],"collection":[{"href":"https:\/\/amazonia.fiocruz.br\/index.php?rest_route=\/wp\/v2\/posts"}],"about":[{"href":"https:\/\/amazonia.fiocruz.br\/index.php?rest_route=\/wp\/v2\/types\/post"}],"author":[{"embeddable":true,"href":"https:\/\/amazonia.fiocruz.br\/index.php?rest_route=\/wp\/v2\/users\/60"}],"replies":[{"embeddable":true,"href":"https:\/\/amazonia.fiocruz.br\/index.php?rest_route=%2Fwp%2Fv2%2Fcomments&post=47928"}],"version-history":[{"count":3,"href":"https:\/\/amazonia.fiocruz.br\/index.php?rest_route=\/wp\/v2\/posts\/47928\/revisions"}],"predecessor-version":[{"id":47933,"href":"https:\/\/amazonia.fiocruz.br\/index.php?rest_route=\/wp\/v2\/posts\/47928\/revisions\/47933"}],"wp:featuredmedia":[{"embeddable":true,"href":"https:\/\/amazonia.fiocruz.br\/index.php?rest_route=\/wp\/v2\/media\/47929"}],"wp:attachment":[{"href":"https:\/\/amazonia.fiocruz.br\/index.php?rest_route=%2Fwp%2Fv2%2Fmedia&parent=47928"}],"wp:term":[{"taxonomy":"category","embeddable":true,"href":"https:\/\/amazonia.fiocruz.br\/index.php?rest_route=%2Fwp%2Fv2%2Fcategories&post=47928"},{"taxonomy":"post_tag","embeddable":true,"href":"https:\/\/amazonia.fiocruz.br\/index.php?rest_route=%2Fwp%2Fv2%2Ftags&post=47928"}],"curies":[{"name":"wp","href":"https:\/\/api.w.org\/{rel}","templated":true}]}}