{"id":47919,"date":"2024-08-20T17:44:44","date_gmt":"2024-08-20T21:44:44","guid":{"rendered":"https:\/\/amazonia.fiocruz.br\/?p=47919"},"modified":"2024-08-21T14:22:06","modified_gmt":"2024-08-21T18:22:06","slug":"fiocruz-amazonia-homenageia-ex-diretores-da-instituicao-e-anuncia-criacao-da-medalha-leonidas-e-maria-deane","status":"publish","type":"post","link":"https:\/\/amazonia.fiocruz.br\/?p=47919","title":{"rendered":"<strong>Fiocruz Amaz\u00f4nia homenageia ex-diretores da institui\u00e7\u00e3o e anuncia cria\u00e7\u00e3o da Medalha Le\u00f4nidas e Maria Deane<\/strong>"},"content":{"rendered":"<section class=\"av_textblock_section \"  itemscope=\"itemscope\" itemtype=\"https:\/\/schema.org\/BlogPosting\" itemprop=\"blogPost\" ><div class='avia_textblock  '   itemprop=\"text\" ><p style=\"text-align: justify;\">A Fiocruz Amaz\u00f4nia realizou na noite da segunda-feira, 19\/08, festividade solene em homenagem ao ex-diretores da institui\u00e7\u00e3o, dentro da programa\u00e7\u00e3o de atividades comemorativas aos 30 anos de cria\u00e7\u00e3o do Instituto Le\u00f4nidas e Maria Deane (ILMD\/Fiocruz Amaz\u00f4nia), no Amazonas. Na ocasi\u00e3o, a diretora do instituto, Stefanie Lopes, anunciou a cria\u00e7\u00e3o da Medalha Le\u00f4nidas e Maria Deane, comenda que ser\u00e1 institu\u00edda por meio de portaria, passando a vigorar a partir de 2025, com a finalidade de reconhecer e homenagear pessoas que contribu\u00edram significativamente para o desenvolvimento da ci\u00eancia, tecnologia e inova\u00e7\u00e3o na Amaz\u00f4nia. Durante a festividade solene, ocorrida no Centro Cultural dos Povos da Amaz\u00f4nia, no Distrito Industrial I, foram prestadas homenagens, com a entrega de trof\u00e9us aos ex-diretores Roberto Sena, Marcus Barros, Muriel Saragoussi, Luiza Garnelo, J\u00falio C\u00e9sar Schweickardt, Luciano Toledo, S\u00e9rgio Luz e Adele Benzaken.<\/p>\n<p style=\"text-align: justify;\"><img decoding=\"async\" class=\"alignnone wp-image-47920\" src=\"https:\/\/amazonia.fiocruz.br\/wp-content\/uploads\/2024\/08\/solenidade-festiva-2-300x200.jpg\" alt=\"\" width=\"1686\" height=\"1124\" srcset=\"https:\/\/amazonia.fiocruz.br\/wp-content\/uploads\/2024\/08\/solenidade-festiva-2-300x200.jpg 300w, https:\/\/amazonia.fiocruz.br\/wp-content\/uploads\/2024\/08\/solenidade-festiva-2-1030x687.jpg 1030w, https:\/\/amazonia.fiocruz.br\/wp-content\/uploads\/2024\/08\/solenidade-festiva-2-768x512.jpg 768w, https:\/\/amazonia.fiocruz.br\/wp-content\/uploads\/2024\/08\/solenidade-festiva-2-705x470.jpg 705w, https:\/\/amazonia.fiocruz.br\/wp-content\/uploads\/2024\/08\/solenidade-festiva-2.jpg 1224w\" sizes=\"(max-width: 1686px) 100vw, 1686px\" \/><\/p>\n<p style=\"text-align: justify;\">Foram agraciados tamb\u00e9m com men\u00e7\u00e3o honrosa pela destacada atua\u00e7\u00e3o e os servi\u00e7os prestados \u00e0 institui\u00e7\u00e3o o virologista Felipe Gomes Naveca, a m\u00e9dica sanitarista Luiza Garnelo e soci\u00f3logo Sully Sampaio. \u201cFoi maravilhoso poder homenagear essas pessoas, porque percebemos a emo\u00e7\u00e3o de cada um deles\u201d, afirmou a diretora da Fiocruz Amaz\u00f4nia, Stefanie Lopes, destacando o papel de cada um para a hist\u00f3ria do ILMD\/Fiocruz Amaz\u00f4nia. \u201cFelipe Naveca pela contribui\u00e7\u00e3o no sequenciamento gen\u00f4mico do novo coronav\u00edrus; Luiza Garnelo como sanitarista ind\u00edgena e Sully Sampaio pelo trabalho como coordenador executivo do Projeto QualficaSUS\u201d, explicou.<\/p>\n<p style=\"text-align: justify;\">O pesquisador Felipe Naveca agradeceu a homenagem, ressaltando a import\u00e2ncia do aprendizado vivenciado por ele e sua equipe no per\u00edodo da pandemia. \u201c\u00c9 sempre muito gratificante ser reconhecido pelos pares, pessoas que sempre te acompanham no dia a dia. Para mim, foi emocionante e o reconhecimento do trabalho de uma equipe que atuou nos piores momentos da pandemia. Primeiro no diagn\u00f3stico, uma vez que muitas pessoas precisavam ter um diagn\u00f3stico confirmado, e depois na caracteriza\u00e7\u00e3o gen\u00f4mica das linhagens\u201d, recordou, destacando que a atua\u00e7\u00e3o do grupo demonstrou tamb\u00e9m o protagonismo do Amazonas num momento t\u00e3o dif\u00edcil. \u201cNingu\u00e9m deseja que isso (pandemia) aconte\u00e7a novamente, mas se for preciso estamos preparados para contribuir mais e melhor\u201d, observou.<\/p>\n<p style=\"text-align: justify;\"><img decoding=\"async\" class=\"alignnone wp-image-47921\" src=\"https:\/\/amazonia.fiocruz.br\/wp-content\/uploads\/2024\/08\/solenidade-festiva-4-300x200.jpg\" alt=\"\" width=\"1688\" height=\"1125\" srcset=\"https:\/\/amazonia.fiocruz.br\/wp-content\/uploads\/2024\/08\/solenidade-festiva-4-300x200.jpg 300w, https:\/\/amazonia.fiocruz.br\/wp-content\/uploads\/2024\/08\/solenidade-festiva-4-1030x687.jpg 1030w, https:\/\/amazonia.fiocruz.br\/wp-content\/uploads\/2024\/08\/solenidade-festiva-4-768x512.jpg 768w, https:\/\/amazonia.fiocruz.br\/wp-content\/uploads\/2024\/08\/solenidade-festiva-4-705x470.jpg 705w, https:\/\/amazonia.fiocruz.br\/wp-content\/uploads\/2024\/08\/solenidade-festiva-4.jpg 1224w\" sizes=\"(max-width: 1688px) 100vw, 1688px\" \/><\/p>\n<p style=\"text-align: justify;\">Presente \u00e0 solenidade, o assessor especial para Territ\u00f3rios e Periferias do Minist\u00e9rio da Sa\u00fade, Valcler Rangel Fernandes, enfatizou a sensibilidade da Fiocruz Amaz\u00f4nia para os problemas da regi\u00e3o. \u201cNo Minist\u00e9rio da Sa\u00fade, estamos trabalhando numa a\u00e7\u00e3o diferenciada para a regi\u00e3o amaz\u00f4nica, na forma de um programa e estamos reunindo todas as \u00e1reas t\u00e9cnicas e secretarias do minist\u00e9rio, e isso tende a se potencializar muito com as contribui\u00e7\u00f5es dos institutos de pesquisa. O ILMD tem uma voca\u00e7\u00e3o especial para isso, e contribuir\u00e1 de forma decisiva por meio de seus programas de p\u00f3s-gradua\u00e7\u00e3o e pesquisas que se tornam pol\u00edticas p\u00fablicas\u201d, adiantou.<\/p>\n<p style=\"text-align: justify;\"><img decoding=\"async\" class=\"alignnone wp-image-47922\" src=\"https:\/\/amazonia.fiocruz.br\/wp-content\/uploads\/2024\/08\/solenidade-festiva-5-300x200.jpg\" alt=\"\" width=\"1679\" height=\"1119\" srcset=\"https:\/\/amazonia.fiocruz.br\/wp-content\/uploads\/2024\/08\/solenidade-festiva-5-300x200.jpg 300w, https:\/\/amazonia.fiocruz.br\/wp-content\/uploads\/2024\/08\/solenidade-festiva-5-1030x687.jpg 1030w, https:\/\/amazonia.fiocruz.br\/wp-content\/uploads\/2024\/08\/solenidade-festiva-5-768x512.jpg 768w, https:\/\/amazonia.fiocruz.br\/wp-content\/uploads\/2024\/08\/solenidade-festiva-5-705x470.jpg 705w, https:\/\/amazonia.fiocruz.br\/wp-content\/uploads\/2024\/08\/solenidade-festiva-5.jpg 1224w\" sizes=\"(max-width: 1679px) 100vw, 1679px\" \/><\/p>\n<p style=\"text-align: justify;\">Um dos ex-diretores homenageados foi o m\u00e9dico Marcus Barros, primeiro diretor da institui\u00e7\u00e3o quando da instala\u00e7\u00e3o do ent\u00e3o Escrit\u00f3rio T\u00e9cnico da Amaz\u00f4nia. Ele ficou \u00e0 frente do instituto entre 1994 e 1997. Segundo ele, o reconhecimento e a gratid\u00e3o s\u00e3o valores pouco cultivados nos dias de hoje. \u201cReceber essa homenagem pela Fiocruz Amaz\u00f4nia pelo que fizemos na constru\u00e7\u00e3o desse processo t\u00e3o importante que foi a constru\u00e7\u00e3o da Fiocruz Amaz\u00f4nia, \u00e9 motivo de alegria pelo reconhecimento\u201d, afirmou, lembrando a contribui\u00e7\u00e3o do grupo de pessoas que deu in\u00edcio junto com ela a essa trajet\u00f3ria. \u201cAgrade\u00e7o em nome de todos o que a Fioruz faz em gratid\u00e3o e reconhecimento\u201d, finalizou. Os ex-diretores J\u00falio Schweickardt, Adele Benzaken e Muriel Saragoussi foram representados, na solenidade, pelos filhos, por n\u00e3o poderem estar presentes.<\/p>\n<p><em>ILMD\/Fiocruz Amaz\u00f4nia, Por J\u00falio Pedrosa<\/em><\/p>\n<p><em>Fotos: Michell Mello \/ Fiocruz Amaz\u00f4nia<\/em><\/p>\n<\/div><\/section>\n","protected":false},"excerpt":{"rendered":"<p>Na ocasi\u00e3o, foi anunciada a cria\u00e7\u00e3o da Medalha Le\u00f4nidas e Maria Deane, comenda que ser\u00e1 institu\u00edda por meio de portaria, passando a vigorar a partir de 2025, com a finalidade de reconhecer e homenagear pessoas que contribu\u00edram com a institui\u00e7\u00e3o<\/p>\n","protected":false},"author":60,"featured_media":47923,"comment_status":"closed","ping_status":"closed","sticky":true,"template":"","format":"image","meta":{"footnotes":""},"categories":[15],"tags":[],"class_list":["post-47919","post","type-post","status-publish","format-image","has-post-thumbnail","hentry","category-noticias","post_format-post-format-image"],"_links":{"self":[{"href":"https:\/\/amazonia.fiocruz.br\/index.php?rest_route=\/wp\/v2\/posts\/47919","targetHints":{"allow":["GET"]}}],"collection":[{"href":"https:\/\/amazonia.fiocruz.br\/index.php?rest_route=\/wp\/v2\/posts"}],"about":[{"href":"https:\/\/amazonia.fiocruz.br\/index.php?rest_route=\/wp\/v2\/types\/post"}],"author":[{"embeddable":true,"href":"https:\/\/amazonia.fiocruz.br\/index.php?rest_route=\/wp\/v2\/users\/60"}],"replies":[{"embeddable":true,"href":"https:\/\/amazonia.fiocruz.br\/index.php?rest_route=%2Fwp%2Fv2%2Fcomments&post=47919"}],"version-history":[{"count":2,"href":"https:\/\/amazonia.fiocruz.br\/index.php?rest_route=\/wp\/v2\/posts\/47919\/revisions"}],"predecessor-version":[{"id":47934,"href":"https:\/\/amazonia.fiocruz.br\/index.php?rest_route=\/wp\/v2\/posts\/47919\/revisions\/47934"}],"wp:featuredmedia":[{"embeddable":true,"href":"https:\/\/amazonia.fiocruz.br\/index.php?rest_route=\/wp\/v2\/media\/47923"}],"wp:attachment":[{"href":"https:\/\/amazonia.fiocruz.br\/index.php?rest_route=%2Fwp%2Fv2%2Fmedia&parent=47919"}],"wp:term":[{"taxonomy":"category","embeddable":true,"href":"https:\/\/amazonia.fiocruz.br\/index.php?rest_route=%2Fwp%2Fv2%2Fcategories&post=47919"},{"taxonomy":"post_tag","embeddable":true,"href":"https:\/\/amazonia.fiocruz.br\/index.php?rest_route=%2Fwp%2Fv2%2Ftags&post=47919"}],"curies":[{"name":"wp","href":"https:\/\/api.w.org\/{rel}","templated":true}]}}