{"id":47904,"date":"2024-08-19T19:32:09","date_gmt":"2024-08-19T23:32:09","guid":{"rendered":"https:\/\/amazonia.fiocruz.br\/?p=47904"},"modified":"2024-08-19T19:35:38","modified_gmt":"2024-08-19T23:35:38","slug":"presidente-da-fiocruz-anuncia-para-primeiro-semestre-de-2025-o-inicio-da-licitacao-para-construcao-da-nova-sede-da-fiocruz-amazonia","status":"publish","type":"post","link":"https:\/\/amazonia.fiocruz.br\/?p=47904","title":{"rendered":"<strong>Presidente da Fiocruz anuncia para primeiro semestre de 2025 o in\u00edcio da licita\u00e7\u00e3o para constru\u00e7\u00e3o da nova sede da Fiocruz Amaz\u00f4nia<\/strong>"},"content":{"rendered":"<section class=\"av_textblock_section \"  itemscope=\"itemscope\" itemtype=\"https:\/\/schema.org\/BlogPosting\" itemprop=\"blogPost\" ><div class='avia_textblock  '   itemprop=\"text\" ><p style=\"text-align: justify;\">O presidente da Funda\u00e7\u00e3o Oswaldo Cruz, M\u00e1rio Moreira, anunciou para o primeiro semestre de 2025 o in\u00edcio do processo licitat\u00f3rio para a constru\u00e7\u00e3o da nova sede da Fiocruz Amaz\u00f4nia, em Manaus. O an\u00fancio foi feito durante a cerim\u00f4nia interna em comemora\u00e7\u00e3o aos 30 anos de exist\u00eancia do Instituto Le\u00f4nidas e Maria Deane (ILMD\/Fiocruz Amaz\u00f4nia), comemorados nesta segunda-feira, 19\/08, com uma homenagem aos parlamentares do Amazonas que contribu\u00edram para o desenvolvimento da institui\u00e7\u00e3o, por meio da concess\u00e3o de emendas parlamentares nessas tr\u00eas d\u00e9cadas de exist\u00eancia da unidade. Participando da solenidade de modo remoto, Mario Moreira conclamou os parlamentares presentes a apoiarem a causa de uma nova sede e destacou o papel da Fiocruz Amaz\u00f4nia na condu\u00e7\u00e3o de pesquisas de impacto sobre a Sa\u00fade P\u00fablica, n\u00e3o s\u00f3 no Brasil como internacionalmente.<\/p>\n<p style=\"text-align: justify;\"><img decoding=\"async\" class=\"alignnone wp-image-47905\" src=\"https:\/\/amazonia.fiocruz.br\/wp-content\/uploads\/2024\/08\/solenidade-1-300x200.jpg\" alt=\"\" width=\"1689\" height=\"1126\" srcset=\"https:\/\/amazonia.fiocruz.br\/wp-content\/uploads\/2024\/08\/solenidade-1-300x200.jpg 300w, https:\/\/amazonia.fiocruz.br\/wp-content\/uploads\/2024\/08\/solenidade-1-1030x687.jpg 1030w, https:\/\/amazonia.fiocruz.br\/wp-content\/uploads\/2024\/08\/solenidade-1-768x512.jpg 768w, https:\/\/amazonia.fiocruz.br\/wp-content\/uploads\/2024\/08\/solenidade-1-705x470.jpg 705w, https:\/\/amazonia.fiocruz.br\/wp-content\/uploads\/2024\/08\/solenidade-1.jpg 1224w\" sizes=\"(max-width: 1689px) 100vw, 1689px\" \/><\/p>\n<p style=\"text-align: justify;\">\u201cO trabalho realizado por todos, pesquisadores, estudantes, trabalhadores e trabalhadoras al\u00e7aram o ILMD\/Fiocruz Amaz\u00f4nia ao reconhecimento nacional e internacional pelo impacto das suas contribui\u00e7\u00f5es \u00e0 ci\u00eancia, tecnologia e \u00e0 sa\u00fade p\u00fablica no Brasil e al\u00e9m-fronteiras. A institui\u00e7\u00e3o traz as agendas da melhoria das condi\u00e7\u00f5es de vida e desenvolvimento sustent\u00e1vel da regi\u00e3o de maneira forte e contundente\u201d, afirmou Moreira.<\/p>\n<p style=\"text-align: justify;\">A diretora da Fiocruz Amaz\u00f4nia, Stefanie Lopes, refor\u00e7ou a necessidade de amplia\u00e7\u00e3o da infraestrutura da unidade, com melhores e maiores espa\u00e7os para albergar o crescimento institucional vivenciado pela Fiocruz Amaz\u00f4nia nesses 30 anos, e agradeceu a contribui\u00e7\u00e3o dos parlamentares e representantes de institui\u00e7\u00f5es parceiras presentes nesse processo. \u201c\u00c9 importante ressaltar que, ao longo de sua trajet\u00f3ria, a Fiocruz Amaz\u00f4nia contou com o apoio de diversas institui\u00e7\u00f5es dos poderes Executivo, Judici\u00e1rio e Legislativo, e hoje temos a honra de receber alguns de seus representantes nessa sess\u00e3o de homenagem em reconhecimento ao apoio que deram \u00e0 nossa institui\u00e7\u00e3o\u201d, salientou, em seu pronunciamento.<\/p>\n<p style=\"text-align: justify;\"><img decoding=\"async\" class=\"alignnone wp-image-47906\" src=\"https:\/\/amazonia.fiocruz.br\/wp-content\/uploads\/2024\/08\/solenidade-3-300x200.jpg\" alt=\"\" width=\"1694\" height=\"1129\" srcset=\"https:\/\/amazonia.fiocruz.br\/wp-content\/uploads\/2024\/08\/solenidade-3-300x200.jpg 300w, https:\/\/amazonia.fiocruz.br\/wp-content\/uploads\/2024\/08\/solenidade-3-1030x687.jpg 1030w, https:\/\/amazonia.fiocruz.br\/wp-content\/uploads\/2024\/08\/solenidade-3-768x512.jpg 768w, https:\/\/amazonia.fiocruz.br\/wp-content\/uploads\/2024\/08\/solenidade-3-705x470.jpg 705w, https:\/\/amazonia.fiocruz.br\/wp-content\/uploads\/2024\/08\/solenidade-3.jpg 1224w\" sizes=\"(max-width: 1694px) 100vw, 1694px\" \/><\/p>\n<p style=\"text-align: justify;\">A mesa de abertura contou com a presen\u00e7a do assessor especial para Territ\u00f3rios e Periferias do Minist\u00e9rio da Sa\u00fade, Valcler Rangel Fernandes, representando a ministra da Sa\u00fade N\u00edsia Trindade; a vice-presidente de Educa\u00e7\u00e3o, Informa\u00e7\u00e3o e Comunica\u00e7\u00e3o da Fiocruz, Cristiani Machado; e a lideran\u00e7a ind\u00edgena Lutana Kokama (Lucenilda Ribeiro Albuquerque), presidente da Associa\u00e7\u00e3o Ind\u00edgena de Moradores do Parque das Tribos (AIMPAT), primeiro bairro ind\u00edgena de Manaus. Entre os parlamentares homenageados, estavam o senador Pl\u00ednio Val\u00e9rio, o deputado federal Marcelo Ramos; o deputado estadual e atual secret\u00e1rio de Estado de Desenvolvimento, Ci\u00eancia, Tecnologia e Inova\u00e7\u00e3o, Serafim Correia; a senadora e deputada federal Vanessa Grazziotin, atual diretora executiva da Organiza\u00e7\u00e3o do Tratado de Coopera\u00e7\u00e3o Amaz\u00f4nica (OTCA); e o deputado estadual Carlinhos Bessa.<\/p>\n<p style=\"text-align: justify;\"><img decoding=\"async\" class=\"alignnone wp-image-47907\" src=\"https:\/\/amazonia.fiocruz.br\/wp-content\/uploads\/2024\/08\/solenidade-4-300x200.jpg\" alt=\"\" width=\"1703\" height=\"1135\" srcset=\"https:\/\/amazonia.fiocruz.br\/wp-content\/uploads\/2024\/08\/solenidade-4-300x200.jpg 300w, https:\/\/amazonia.fiocruz.br\/wp-content\/uploads\/2024\/08\/solenidade-4-1030x687.jpg 1030w, https:\/\/amazonia.fiocruz.br\/wp-content\/uploads\/2024\/08\/solenidade-4-768x512.jpg 768w, https:\/\/amazonia.fiocruz.br\/wp-content\/uploads\/2024\/08\/solenidade-4-705x470.jpg 705w, https:\/\/amazonia.fiocruz.br\/wp-content\/uploads\/2024\/08\/solenidade-4.jpg 1224w\" sizes=\"(max-width: 1703px) 100vw, 1703px\" \/><\/p>\n<p style=\"text-align: justify;\">Os senadores Eduardo Braga e Omar Aziz tamb\u00e9m foram homenageados, juntamente com o deputado Jos\u00e9 Ricardo Wendling, tendo sido representados na solenidade. A diretora da Fiocruz Amaz\u00f4nia destacou tamb\u00e9m o papel fundamental da Fiocruz no \u00a0processo de amadurecimento da unidade, por meio do apoio de gestores como M\u00e1rio Moreira, N\u00edsia Trindade, Paulo Buss, Paulo Gadelha, Eloi Garcia, Carlos Morel, citando tamb\u00e9m a contribui\u00e7\u00e3o dos diretores que passaram pelo instituto, a exemplo de Marcus Barros, Luciano Toledo, Roberto Sena, Muriel Saragoussi, Luiza Garnelo, S\u00e9rgio Luz e Adele Benzaken.<\/p>\n<p style=\"text-align: justify;\">Os parlamentares homenageados receberam das m\u00e3os dos pesquisadores em Sa\u00fade P\u00fablica e servidores da institui\u00e7\u00e3o uma placa e diploma de reconhecimento pelos servi\u00e7os prestados ao desenvolvimento da ci\u00eancia, tecnologia e inova\u00e7\u00e3o. Serafim Correia, agradeceu a homenagem, enfatizando o marco da cria\u00e7\u00e3o da Fiocruz Amazonas. \u201c\u00c9ramos vereadores na \u00e9poca, eu, Vanessa (Grazziotin) e Jefferson (Praia), quando l\u00e1 pelos idos de 1994 a Fiocruz instalou-se aqui e progressivamente veio dando contribui\u00e7\u00f5es important\u00edssimas para a sa\u00fade p\u00fablica no Amazonas. Como titular da Sedecti, Serafim afirmou estar convencido de que a Amaz\u00f4nia n\u00e3o ter\u00e1 solu\u00e7\u00e3o sem ci\u00eancia, tecnologia e inova\u00e7\u00e3o, \u201c\u00e1reas para as quais a expertise da Fiocruz Amaz\u00f4nia tem um papel fundamental\u201d, salientou.<\/p>\n<p style=\"text-align: justify;\">Vanessa Grazziotin ressaltou o pioneirismo do m\u00e9dico Marcus Barros ao assumir a miss\u00e3o de instalar aqui um ent\u00e3o escrit\u00f3rio t\u00e9cnico da Fiocruz. \u201cDurante a pandemia de Convid-19, ficou claro a import\u00e2ncia das institui\u00e7\u00f5es de sa\u00fade p\u00fablica, da pesquisa e do conhecimento. Hoje, n\u00e3o estou mais na qualidade de parlamentar, mas como dirigente da OTCA, pretendemos retomar os trabalhos e projetos em parceria com a Fiocruz Amaz\u00f4nia visando atender as diversas demandas existentes no interior da Amaz\u00f4nia. Fico feliz de ter sido respons\u00e1vel por uma gotinha desse mar que hoje representa a Fiocruz para a popula\u00e7\u00e3o da Amaz\u00f4nia, do Brasil e do mundo inteiro\u201d, assegurou.<\/p>\n<p style=\"text-align: justify;\"><img decoding=\"async\" class=\"alignnone wp-image-47909\" src=\"https:\/\/amazonia.fiocruz.br\/wp-content\/uploads\/2024\/08\/solenidade-8-300x200.jpg\" alt=\"\" width=\"1691\" height=\"1127\" srcset=\"https:\/\/amazonia.fiocruz.br\/wp-content\/uploads\/2024\/08\/solenidade-8-300x200.jpg 300w, https:\/\/amazonia.fiocruz.br\/wp-content\/uploads\/2024\/08\/solenidade-8-1030x687.jpg 1030w, https:\/\/amazonia.fiocruz.br\/wp-content\/uploads\/2024\/08\/solenidade-8-768x512.jpg 768w, https:\/\/amazonia.fiocruz.br\/wp-content\/uploads\/2024\/08\/solenidade-8-705x470.jpg 705w, https:\/\/amazonia.fiocruz.br\/wp-content\/uploads\/2024\/08\/solenidade-8.jpg 1224w\" sizes=\"(max-width: 1691px) 100vw, 1691px\" \/><\/p>\n<p style=\"text-align: justify;\">Para o senador Plinio Val\u00e9rio, respons\u00e1vel por emendas parlamentares que permitiram a consolida\u00e7\u00e3o de pesquisas estrat\u00e9gicas e de educa\u00e7\u00e3o permanente em sa\u00fade em diversos munic\u00edpios do Amazonas, pesquisa, ci\u00eancia e conhecimento s\u00e3o indispens\u00e1veis. \u201cA Fiocruz \u00e9 uma institui\u00e7\u00e3o nacional mas aqui, particularmente no Amazonas, como representante da popula\u00e7\u00e3o, consigo entender isso, da\u00ed a nossa ajuda e eu fa\u00e7o isso em nome da popula\u00e7\u00e3o do Amazonas\u201d, endossou. O deputado federal Delegado Pablo tamb\u00e9m mencionou a credibilidade da institui\u00e7\u00e3o. \u201cNo Amazonas, a Fiocruz tem uma grande representatividade, produzindo pesquisas que v\u00e3o beneficiar diretamente n\u00e3o s\u00f3 a popula\u00e7\u00e3o amazonense, mas toda a popula\u00e7\u00e3o brasileira. Destinei emendas por acreditar no potencial da Fiocruz Amazonas\u201d, disse o Delegado Pablo, cuja emenda apoiou o projeto de controle vetorial de mosquitos transmissores de arboviroses, como dengue, zika v\u00edrus, chikungunya e febre amarela.<\/p>\n<p style=\"text-align: justify;\"><img decoding=\"async\" class=\"alignnone wp-image-47908\" src=\"https:\/\/amazonia.fiocruz.br\/wp-content\/uploads\/2024\/08\/solenidade-7-300x200.jpg\" alt=\"\" width=\"1697\" height=\"1131\" srcset=\"https:\/\/amazonia.fiocruz.br\/wp-content\/uploads\/2024\/08\/solenidade-7-300x200.jpg 300w, https:\/\/amazonia.fiocruz.br\/wp-content\/uploads\/2024\/08\/solenidade-7-1030x687.jpg 1030w, https:\/\/amazonia.fiocruz.br\/wp-content\/uploads\/2024\/08\/solenidade-7-768x512.jpg 768w, https:\/\/amazonia.fiocruz.br\/wp-content\/uploads\/2024\/08\/solenidade-7-705x470.jpg 705w, https:\/\/amazonia.fiocruz.br\/wp-content\/uploads\/2024\/08\/solenidade-7.jpg 1224w\" sizes=\"(max-width: 1697px) 100vw, 1697px\" \/><\/p>\n<p style=\"text-align: justify;\">O deputado estadual Carlinhos Bessa se orgulha do trabalho desenvolvido pela Fiocruz Amaz\u00f4nia, no apoio \u00e0 organiza\u00e7\u00e3o e capacita\u00e7\u00e3o de parteiras tradicionais do Amazonas. \u201cO trabalho com a Fiocruz \u00e9 muito importante por proporcionar o fortalecimento do papel da parteira tradicional, respons\u00e1vel por trazer tantas vidas ao mundo, em comunidades distantes, sem acesso a unidades hospitalares, utilizando t\u00e9cnicas ancestrais de parto em todo o Estado do Amazonas\u201d, comemorou.<\/p>\n<p style=\"text-align: justify;\"><strong>JUNTO COM O SUS<\/strong><\/p>\n<p style=\"text-align: justify;\">Cristiani Machado, vice-presidente de Educa\u00e7\u00e3o, Informa\u00e7\u00e3o e Comunica\u00e7\u00e3o da Fiocruz, observou que as tr\u00eas d\u00e9cadas de exist\u00eancia da Fiocruz Amaz\u00f4nia coincidem com parte importante da implanta\u00e7\u00e3o do Sistema \u00danico de Sa\u00fade (SUS). \u201cA unidade vem atuando nesse per\u00edodo e cresceu muito, se diversificou e vem produzindo conhecimento, nesse resgate social, cultural e de sa\u00fade, da Amaz\u00f4nia Legal, fazendo pesquisas inovadoras, como na \u00e1rea de gen\u00f4mica, de suma import\u00e2ncia no per\u00edodo da pandemia de Covid-19 com a identifica\u00e7\u00e3o de variantes do v\u00edrus SARS-CoV-2; atuando na forma\u00e7\u00e3o de recursos humanos para o SUS e expandindo incrivelmente tanto a sua p\u00f3s-gradua\u00e7\u00e3o (mestrado e doutorado) quanto a qualifica\u00e7\u00e3o de profissionais do SUS por meio de projetos que chegam ao Estado do Amazonas inteiro\u201d, salientou, lembrando o papel fundamental da atua\u00e7\u00e3o da unidade na elabora\u00e7\u00e3o de pol\u00edticas p\u00fablicas. \u201c\u00c9 uma alegria muito grande estar aqui nessa comemora\u00e7\u00e3o e que venham muitas d\u00e9cadas para a nossa Fiocruz Amaz\u00f4nia\u201d, frisou.<\/p>\n<p><em><strong>ILMD\/Fiocruz Amaz\u00f4nia, Por J\u00falio Pedrosa<\/strong><\/em><\/p>\n<p><em><strong>Fotos: Michell Mello \/ Fiocruz Amaz\u00f4nia<\/strong><\/em><\/p>\n<\/div><\/section>\n","protected":false},"excerpt":{"rendered":"<p>An\u00fancio foi feito durante a cerim\u00f4nia  em comemora\u00e7\u00e3o aos 30 anos de exist\u00eancia do Instituto Le\u00f4nidas e Maria Deane (ILMD\/Fiocruz Amaz\u00f4nia), comemorados nesta segunda-feira, 19\/08, com uma homenagem aos parlamentares do Amazonas que apoiam a institui\u00e7\u00e3o<\/p>\n","protected":false},"author":60,"featured_media":47910,"comment_status":"closed","ping_status":"closed","sticky":true,"template":"","format":"image","meta":{"footnotes":""},"categories":[15],"tags":[],"class_list":["post-47904","post","type-post","status-publish","format-image","has-post-thumbnail","hentry","category-noticias","post_format-post-format-image"],"_links":{"self":[{"href":"https:\/\/amazonia.fiocruz.br\/index.php?rest_route=\/wp\/v2\/posts\/47904","targetHints":{"allow":["GET"]}}],"collection":[{"href":"https:\/\/amazonia.fiocruz.br\/index.php?rest_route=\/wp\/v2\/posts"}],"about":[{"href":"https:\/\/amazonia.fiocruz.br\/index.php?rest_route=\/wp\/v2\/types\/post"}],"author":[{"embeddable":true,"href":"https:\/\/amazonia.fiocruz.br\/index.php?rest_route=\/wp\/v2\/users\/60"}],"replies":[{"embeddable":true,"href":"https:\/\/amazonia.fiocruz.br\/index.php?rest_route=%2Fwp%2Fv2%2Fcomments&post=47904"}],"version-history":[{"count":2,"href":"https:\/\/amazonia.fiocruz.br\/index.php?rest_route=\/wp\/v2\/posts\/47904\/revisions"}],"predecessor-version":[{"id":47913,"href":"https:\/\/amazonia.fiocruz.br\/index.php?rest_route=\/wp\/v2\/posts\/47904\/revisions\/47913"}],"wp:featuredmedia":[{"embeddable":true,"href":"https:\/\/amazonia.fiocruz.br\/index.php?rest_route=\/wp\/v2\/media\/47910"}],"wp:attachment":[{"href":"https:\/\/amazonia.fiocruz.br\/index.php?rest_route=%2Fwp%2Fv2%2Fmedia&parent=47904"}],"wp:term":[{"taxonomy":"category","embeddable":true,"href":"https:\/\/amazonia.fiocruz.br\/index.php?rest_route=%2Fwp%2Fv2%2Fcategories&post=47904"},{"taxonomy":"post_tag","embeddable":true,"href":"https:\/\/amazonia.fiocruz.br\/index.php?rest_route=%2Fwp%2Fv2%2Ftags&post=47904"}],"curies":[{"name":"wp","href":"https:\/\/api.w.org\/{rel}","templated":true}]}}