{"id":47870,"date":"2024-08-17T21:03:06","date_gmt":"2024-08-18T01:03:06","guid":{"rendered":"https:\/\/amazonia.fiocruz.br\/?p=47870"},"modified":"2025-10-16T10:17:38","modified_gmt":"2025-10-16T14:17:38","slug":"fiocruz-amazonia-abre-as-portas-para-mais-uma-festa-da-vacinacao-e-da-saude-em-manaus","status":"publish","type":"post","link":"https:\/\/amazonia.fiocruz.br\/?p=47870","title":{"rendered":"<strong>Fiocruz Amaz\u00f4nia abre as portas para mais uma festa da vacina\u00e7\u00e3o e da sa\u00fade em Manaus<\/strong>"},"content":{"rendered":"<section class=\"av_textblock_section \"  itemscope=\"itemscope\" itemtype=\"https:\/\/schema.org\/BlogPosting\" itemprop=\"blogPost\" ><div class='avia_textblock  '   itemprop=\"text\" ><p style=\"text-align: justify;\">O Instituto Le\u00f4nidas e Maria Deane (ILMD\/Fiocruz Amaz\u00f4nia) abriu as portas neste s\u00e1bado, 17\/08, para mais uma edi\u00e7\u00e3o do Fiocruz Pra Voc\u00ea, evento anual realizado por todas as unidades da Fiocruz, no Pa\u00eds, que, al\u00e9m do estimular a vacina\u00e7\u00e3o, tem como finalidade apoiar a divulga\u00e7\u00e3o cient\u00edfica e combater fakenews, mostrando na pr\u00e1tica que vacinas salvam vidas e que todos devem se vacinar. A festa da vacina\u00e7\u00e3o, como \u00e9 conhecido o evento, marcou tamb\u00e9m o in\u00edcio da programa\u00e7\u00e3o de anivers\u00e1rio de 30 anos da Fiocruz Amaz\u00f4nia, com a entrega dos murais grafitados pelo artista paraense Rog\u00e9rio Soares, o Arab Amazon, que, com sensibilidade e t\u00e9cnica pr\u00f3pria, retratou elementos que remetem \u00e0 Fiocruz, \u00e0 sa\u00fade e \u00e0 popula\u00e7\u00e3o da Amaz\u00f4nia, em tr\u00eas pain\u00e9is, sendo dois na fachada do pr\u00e9dio-sede e um na \u00e1rea de conviv\u00eancia interna da institui\u00e7\u00e3o.<\/a><\/p>\n<p style=\"text-align: justify;\"><img decoding=\"async\" class=\"alignnone wp-image-47871\" src=\"https:\/\/amazonia.fiocruz.br\/wp-content\/uploads\/2024\/08\/MIC_7080-300x200.jpg\" alt=\"\" width=\"1695\" height=\"1130\" srcset=\"https:\/\/amazonia.fiocruz.br\/wp-content\/uploads\/2024\/08\/MIC_7080-300x200.jpg 300w, https:\/\/amazonia.fiocruz.br\/wp-content\/uploads\/2024\/08\/MIC_7080-1030x687.jpg 1030w, https:\/\/amazonia.fiocruz.br\/wp-content\/uploads\/2024\/08\/MIC_7080-768x512.jpg 768w, https:\/\/amazonia.fiocruz.br\/wp-content\/uploads\/2024\/08\/MIC_7080-1536x1024.jpg 1536w, https:\/\/amazonia.fiocruz.br\/wp-content\/uploads\/2024\/08\/MIC_7080-2048x1365.jpg 2048w, https:\/\/amazonia.fiocruz.br\/wp-content\/uploads\/2024\/08\/MIC_7080-1500x1000.jpg 1500w, https:\/\/amazonia.fiocruz.br\/wp-content\/uploads\/2024\/08\/MIC_7080-705x470.jpg 705w\" sizes=\"(max-width: 1695px) 100vw, 1695px\" \/><\/p>\n<p style=\"text-align: justify;\">\u201cA Fiocruz \u00e9 uma institui\u00e7\u00e3o que luta pela inclus\u00e3o, diversidade, equidade e sabemos que o grafite \u00e9 uma arte que durante algum tempo foi marginalizada e isso vem sendo quebrado atrav\u00e9s de a\u00e7\u00f5es como essa, onde utilizamos essas popula\u00e7\u00f5es e essa arte que um dia foi marginalizada para pintar e decorar a nossa institui\u00e7\u00e3o\u201d, afirmou a diretora da Fiocruz Amaz\u00f4nia, Stefanie Lopes, durante a solenidade simb\u00f3lica de abertura do Fiocruz Pra Voc\u00ea. \u201cEntendemos que trazer essa a\u00e7\u00e3o num momento em que estamos de portas abertas s\u00f3 demonstra o quanto somos diversos e preconizamos a diversidade, a equidade e a ocupa\u00e7\u00e3o de espa\u00e7os por pessoas que foram invisibilizadas\u201d, complementou.<\/p>\n<p style=\"text-align: justify;\"><img decoding=\"async\" class=\"alignnone wp-image-47873\" src=\"https:\/\/amazonia.fiocruz.br\/wp-content\/uploads\/2024\/08\/MIC_7111-300x200.jpg\" alt=\"\" width=\"1688\" height=\"1125\" srcset=\"https:\/\/amazonia.fiocruz.br\/wp-content\/uploads\/2024\/08\/MIC_7111-300x200.jpg 300w, https:\/\/amazonia.fiocruz.br\/wp-content\/uploads\/2024\/08\/MIC_7111-1030x687.jpg 1030w, https:\/\/amazonia.fiocruz.br\/wp-content\/uploads\/2024\/08\/MIC_7111-768x512.jpg 768w, https:\/\/amazonia.fiocruz.br\/wp-content\/uploads\/2024\/08\/MIC_7111-1536x1024.jpg 1536w, https:\/\/amazonia.fiocruz.br\/wp-content\/uploads\/2024\/08\/MIC_7111-2048x1365.jpg 2048w, https:\/\/amazonia.fiocruz.br\/wp-content\/uploads\/2024\/08\/MIC_7111-1500x1000.jpg 1500w, https:\/\/amazonia.fiocruz.br\/wp-content\/uploads\/2024\/08\/MIC_7111-705x470.jpg 705w\" sizes=\"(max-width: 1688px) 100vw, 1688px\" \/><\/p>\n<p style=\"text-align: justify;\">O evento disponibilizou centenas de doses, fornecidas pela Secretaria Municipal de Sa\u00fade (Semsa-Manaus). Foram disponibilizadas vacinas contra Poliomielite (gotinha); DTP \u2013 Difteria, T\u00e9tano, Coqueluche; DTP\/HB\/Hib (Penta) \u2013 Difteria, T\u00e9tano, Coqueluche, Haemophilus influenzae B e Hepatite B; Pneumoc\u00f3cica 10; Meningoc\u00f3cica ACWY; Febre Amarela; Tr\u00edplice Viral \u2013 Sarampo, Caxumba, Rub\u00e9ola e Varicela; Hepatite A; dT \u2013 Difteria e T\u00e9tano; HPV e Covid-19. A aplica\u00e7\u00e3o foi feita por profissionais da Unidade de Sa\u00fade da Familia (USF) Luiz Montenegro em espa\u00e7os diferentes e climatizados, para adultos e crian\u00e7as. A unidade recebeu um fluxo intenso de visitantes ao longo do dia e foi prestigiada pela presen\u00e7a da secret\u00e1ria de Estado da Sa\u00fade, Nayara Maksud, e a diretora-presidente da Funda\u00e7\u00e3o de Vigil\u00e2ncia em Sa\u00fade Dra Rosemary Costa Pinto, Tatyana Amorim.<\/p>\n<p style=\"text-align: justify;\"><img decoding=\"async\" class=\"alignnone wp-image-47874\" src=\"https:\/\/amazonia.fiocruz.br\/wp-content\/uploads\/2024\/08\/MIC_7508-300x200.jpg\" alt=\"\" width=\"1700\" height=\"1133\" srcset=\"https:\/\/amazonia.fiocruz.br\/wp-content\/uploads\/2024\/08\/MIC_7508-300x200.jpg 300w, https:\/\/amazonia.fiocruz.br\/wp-content\/uploads\/2024\/08\/MIC_7508-1030x687.jpg 1030w, https:\/\/amazonia.fiocruz.br\/wp-content\/uploads\/2024\/08\/MIC_7508-768x512.jpg 768w, https:\/\/amazonia.fiocruz.br\/wp-content\/uploads\/2024\/08\/MIC_7508-1536x1024.jpg 1536w, https:\/\/amazonia.fiocruz.br\/wp-content\/uploads\/2024\/08\/MIC_7508-2048x1365.jpg 2048w, https:\/\/amazonia.fiocruz.br\/wp-content\/uploads\/2024\/08\/MIC_7508-1500x1000.jpg 1500w, https:\/\/amazonia.fiocruz.br\/wp-content\/uploads\/2024\/08\/MIC_7508-705x470.jpg 705w\" sizes=\"(max-width: 1700px) 100vw, 1700px\" \/><\/p>\n<p style=\"text-align: justify;\">Este ano, o Fiocruz pra Voc\u00ea trouxe como novidade o servi\u00e7o de consulta em infectologia para gestantes, com a realiza\u00e7\u00e3o de testes r\u00e1pidos para HIV, S\u00edfilis, Toxoplasmose, entre outras doen\u00e7as infecciosas que afetam a sa\u00fade da mulher e podem ser transmitidas para o beb\u00ea na hora do parto. A atividade marcou o in\u00edcio do projeto da Fiocruz Amaz\u00f4nia que levar\u00e1 o laborat\u00f3rio volante, adquirido por meio de emenda parlamentar, para atendimento e realiza\u00e7\u00e3o de testagem em Unidades B\u00e1sicas de Sa\u00fade (UBS) de localidades distantes, onde a popula\u00e7\u00e3o tenha acesso mais dificultado a esses exames. \u00a0\u00a0<\/a><\/p>\n<p style=\"text-align: justify;\">\u201cVer a casa cheia significa que nosso trabalho est\u00e1 surtindo efeito e mesmo que sejam algumas gotinhas a mais de cobertura vacinal, uma pequena percentagem de aumento, j\u00e1 nos enche de orgulho poder contribuir o aumento desse alcance, raz\u00e3o pela qual agrade\u00e7o a todos que contribu\u00edram, em especial aos colaboradores da Fiocruz que vestem a camisa e se esfor\u00e7aram para fazer desse dia um dia de festa da vacina\u00e7\u00e3o e da sa\u00fade\u201d, agradeceu Stefanie.<\/p>\n<p style=\"text-align: justify;\"><img decoding=\"async\" class=\"alignnone wp-image-47875\" src=\"https:\/\/amazonia.fiocruz.br\/wp-content\/uploads\/2024\/08\/MIC_7306-300x200.jpg\" alt=\"\" width=\"1691\" height=\"1127\" srcset=\"https:\/\/amazonia.fiocruz.br\/wp-content\/uploads\/2024\/08\/MIC_7306-300x200.jpg 300w, https:\/\/amazonia.fiocruz.br\/wp-content\/uploads\/2024\/08\/MIC_7306-1030x687.jpg 1030w, https:\/\/amazonia.fiocruz.br\/wp-content\/uploads\/2024\/08\/MIC_7306-768x512.jpg 768w, https:\/\/amazonia.fiocruz.br\/wp-content\/uploads\/2024\/08\/MIC_7306-1536x1024.jpg 1536w, https:\/\/amazonia.fiocruz.br\/wp-content\/uploads\/2024\/08\/MIC_7306-2048x1365.jpg 2048w, https:\/\/amazonia.fiocruz.br\/wp-content\/uploads\/2024\/08\/MIC_7306-1500x1000.jpg 1500w, https:\/\/amazonia.fiocruz.br\/wp-content\/uploads\/2024\/08\/MIC_7306-705x470.jpg 705w\" sizes=\"(max-width: 1691px) 100vw, 1691px\" \/><\/p>\n<p style=\"text-align: justify;\"><a>MOSTRA CIENT\u00cdFICA<\/a><\/p>\n<p style=\"text-align: justify;\">Al\u00e9m da atualiza\u00e7\u00e3o da caderneta de vacina\u00e7\u00e3o, testagem r\u00e1pida e demais servi\u00e7os, como aferi\u00e7\u00e3o de press\u00e3o arterial e glicemia, os visitantes do Fiocruz Pra Voc\u00ea 2024 puderam conferir os trabalhos cient\u00edficos desenvolvidos na unidade. As exposi\u00e7\u00f5es foram uma atra\u00e7\u00e3o a mais para quem participou do evento. Mostras como \u201cVoc\u00ea sabe o que \u00e9 um fungo\u201d, do laborat\u00f3rio Diversidade Microbiana na Amaz\u00f4nia com Import\u00e2ncia para Sa\u00fade (DMAIS), e \u201cAventura Molecular\u201d, do DCDIA (Laborat\u00f3rio de Diagn\u00f3stico e Controle de Doen\u00e7as Infecciosas na Amaz\u00f4nia), proporcionaram experi\u00eancias in\u00e9ditas e conhecimentos espec\u00edficos sobre parasitas, bact\u00e9rias, combate a vetores de doen\u00e7as, como a dengue e a mal\u00e1ria, al\u00e9m de import\u00e2ncia da lavagem das m\u00e3os, tudo de forma l\u00fadica e acess\u00edvel principalmente para as crian\u00e7as.<\/p>\n<p style=\"text-align: justify;\"><img decoding=\"async\" class=\"alignnone wp-image-47876\" src=\"https:\/\/amazonia.fiocruz.br\/wp-content\/uploads\/2024\/08\/MIC_7447-300x200.jpg\" alt=\"\" width=\"1695\" height=\"1130\" srcset=\"https:\/\/amazonia.fiocruz.br\/wp-content\/uploads\/2024\/08\/MIC_7447-300x200.jpg 300w, https:\/\/amazonia.fiocruz.br\/wp-content\/uploads\/2024\/08\/MIC_7447-1030x687.jpg 1030w, https:\/\/amazonia.fiocruz.br\/wp-content\/uploads\/2024\/08\/MIC_7447-768x512.jpg 768w, https:\/\/amazonia.fiocruz.br\/wp-content\/uploads\/2024\/08\/MIC_7447-1536x1024.jpg 1536w, https:\/\/amazonia.fiocruz.br\/wp-content\/uploads\/2024\/08\/MIC_7447-2048x1365.jpg 2048w, https:\/\/amazonia.fiocruz.br\/wp-content\/uploads\/2024\/08\/MIC_7447-1500x1000.jpg 1500w, https:\/\/amazonia.fiocruz.br\/wp-content\/uploads\/2024\/08\/MIC_7447-705x470.jpg 705w\" sizes=\"(max-width: 1695px) 100vw, 1695px\" \/><\/p>\n<p style=\"text-align: justify;\">A psic\u00f3loga Ingrid Sampaio, moradora do bairro S\u00e3o Geraldo, levou o filho para vacinar por acreditar na ci\u00eancia e no trabalho da Fiocruz. \u201cAvan\u00e7os cient\u00edficos s\u00e3o necess\u00e1rios e t\u00eam import\u00e2ncia crucial. A vacina\u00e7\u00e3o tem um papel fundamental na preven\u00e7\u00e3o de doen\u00e7as que, muitas vezes s\u00e3o erradicadas, e come\u00e7am a ressurgir porque as pessoas passam a acreditar que n\u00e3o \u00e9 necess\u00e1rio se vacinar\u201d, justificou, afirmando ser importante a\u00e7\u00f5es como a do Fiocruz Pra Voc\u00ea. Primeira a chegar na sede da Fiocruz Amaz\u00f4nia, Sara Rebeca Brand\u00e3o da Silva, 24 anos, aproveitou a oportunidade para atualizar sua caderneta vacinal, se imunizando contra t\u00e9tano, febre amarela e hepatite. \u201cEstou vindo pela primeira vez e aprovei o servi\u00e7o\u201d, afirmou Sara, que reside no Morro da Liberdade.<\/p>\n<p style=\"text-align: justify;\"><img decoding=\"async\" class=\"alignnone wp-image-47877\" src=\"https:\/\/amazonia.fiocruz.br\/wp-content\/uploads\/2024\/08\/MIC_7176-300x200.jpg\" alt=\"\" width=\"1689\" height=\"1126\" srcset=\"https:\/\/amazonia.fiocruz.br\/wp-content\/uploads\/2024\/08\/MIC_7176-300x200.jpg 300w, https:\/\/amazonia.fiocruz.br\/wp-content\/uploads\/2024\/08\/MIC_7176-1030x687.jpg 1030w, https:\/\/amazonia.fiocruz.br\/wp-content\/uploads\/2024\/08\/MIC_7176-768x512.jpg 768w, https:\/\/amazonia.fiocruz.br\/wp-content\/uploads\/2024\/08\/MIC_7176-1536x1024.jpg 1536w, https:\/\/amazonia.fiocruz.br\/wp-content\/uploads\/2024\/08\/MIC_7176-2048x1365.jpg 2048w, https:\/\/amazonia.fiocruz.br\/wp-content\/uploads\/2024\/08\/MIC_7176-1500x1000.jpg 1500w, https:\/\/amazonia.fiocruz.br\/wp-content\/uploads\/2024\/08\/MIC_7176-705x470.jpg 705w\" sizes=\"(max-width: 1689px) 100vw, 1689px\" \/><\/p>\n<p style=\"text-align: justify;\">A secret\u00e1ria de Estado da Sa\u00fade, Nayara Maksud destacou a import\u00e2ncia da Fiocruz Amaz\u00f4nia no contexto da pesquisa e do ensino na Amaz\u00f4nia e afirmou que o di\u00e1logo com a institui\u00e7\u00e3o faz parte da pol\u00edtica de sa\u00fade do Estado. \u201cA Fiocruz Amaz\u00f4nia \u00e9 uma institui\u00e7\u00e3o que tem muito a contribuir e, j\u00e1 contribui, para pesquisa e o ensino. Sou mestra em Sa\u00fade P\u00fablica pela Fiocruz Amaz\u00f4nia, e fico muito feliz em ver a institui\u00e7\u00e3o de portas abertas para a comunidade, ofertando servi\u00e7os e dando oportunidade para que possamos conhecer projetos de pesquisa desenvolvidos na casa. Isso \u00e9 extremamente importante porque sa\u00fade \u00e9 um amplo conceito que envolve ci\u00eancia, pesquisa, promo\u00e7\u00e3o, preven\u00e7\u00e3o e descobertas de novos caminhos com tecnologias inovadoras\u201d, observou.<\/p>\n<p style=\"text-align: justify;\">VOCA\u00c7\u00c3O<\/p>\n<p style=\"text-align: justify;\">Para a realiza\u00e7\u00e3o das exposi\u00e7\u00f5es, o Fiocruz Pra Voc\u00ea contou com a colabora\u00e7\u00e3o de bolsistas e estudantes dos programas de Inicia\u00e7\u00e3o Cient\u00edfica e de P\u00f3s-Gradu\u00e7\u00e3o da unidade. Integrante do Laborat\u00f3rio DMAIS, a bolsista Elaine Amorim, lembrou que foi numa feira de ci\u00eancias na escola que desenvolveu o gosto pela pesquisa. Para ela, eventos como o Fiocruz Pra Voc\u00ea proporcionam esse contato e ajudam a despertar o interesse de crian\u00e7as e adolescentes pela Ci\u00eancia. \u201cNosso grupo trabalha com v\u00e1rios tipos de microorganismos e aqui temos trouxemos para expor os parasitas mais comuns na nossa regi\u00e3o, al\u00e9m da parte de microbiologia industrial e micologia m\u00e9dica.<\/p>\n<p style=\"text-align: justify;\">O Fiocruz Pra Voc\u00ea contou tamb\u00e9m com a participa\u00e7\u00e3o dos bolsistas do Projeto Moet\u00e1, respons\u00e1vel pela difus\u00e3o de informa\u00e7\u00f5es cient\u00edficas e de sa\u00fade em comunidades de Manaus. Eles estiveram trabalhando os conceitos dos Objetivos do Desenvolvimento Sustent\u00e1vel (ODS), com o jogo do Tapet\u00e3o dos ODS, junto \u00e0s crian\u00e7as e adolescentes.<\/p>\n<p><em>ILMD\/Fiocruz Amaz\u00f4nia, Por J\u00falio Pedrosa<\/em><\/p>\n<p><em>Fotos: Michell Mello \/ Especial para Fiocruz Amaz\u00f4nia<\/em><\/p>\n<\/div><\/section>\n","protected":false},"excerpt":{"rendered":"<p>Fiocruz Pra Voc\u00ea marcou tamb\u00e9m o in\u00edcio da programa\u00e7\u00e3o de anivers\u00e1rio de 30 anos da Fiocruz Amaz\u00f4nia, com a entrega dos murais grafitados pelo artista paraense Rog\u00e9rio Soares<\/p>\n","protected":false},"author":60,"featured_media":47879,"comment_status":"closed","ping_status":"closed","sticky":true,"template":"","format":"image","meta":{"footnotes":""},"categories":[15],"tags":[],"class_list":["post-47870","post","type-post","status-publish","format-image","has-post-thumbnail","hentry","category-noticias","post_format-post-format-image"],"_links":{"self":[{"href":"https:\/\/amazonia.fiocruz.br\/index.php?rest_route=\/wp\/v2\/posts\/47870","targetHints":{"allow":["GET"]}}],"collection":[{"href":"https:\/\/amazonia.fiocruz.br\/index.php?rest_route=\/wp\/v2\/posts"}],"about":[{"href":"https:\/\/amazonia.fiocruz.br\/index.php?rest_route=\/wp\/v2\/types\/post"}],"author":[{"embeddable":true,"href":"https:\/\/amazonia.fiocruz.br\/index.php?rest_route=\/wp\/v2\/users\/60"}],"replies":[{"embeddable":true,"href":"https:\/\/amazonia.fiocruz.br\/index.php?rest_route=%2Fwp%2Fv2%2Fcomments&post=47870"}],"version-history":[{"count":4,"href":"https:\/\/amazonia.fiocruz.br\/index.php?rest_route=\/wp\/v2\/posts\/47870\/revisions"}],"predecessor-version":[{"id":56482,"href":"https:\/\/amazonia.fiocruz.br\/index.php?rest_route=\/wp\/v2\/posts\/47870\/revisions\/56482"}],"wp:featuredmedia":[{"embeddable":true,"href":"https:\/\/amazonia.fiocruz.br\/index.php?rest_route=\/wp\/v2\/media\/47879"}],"wp:attachment":[{"href":"https:\/\/amazonia.fiocruz.br\/index.php?rest_route=%2Fwp%2Fv2%2Fmedia&parent=47870"}],"wp:term":[{"taxonomy":"category","embeddable":true,"href":"https:\/\/amazonia.fiocruz.br\/index.php?rest_route=%2Fwp%2Fv2%2Fcategories&post=47870"},{"taxonomy":"post_tag","embeddable":true,"href":"https:\/\/amazonia.fiocruz.br\/index.php?rest_route=%2Fwp%2Fv2%2Ftags&post=47870"}],"curies":[{"name":"wp","href":"https:\/\/api.w.org\/{rel}","templated":true}]}}