{"id":46974,"date":"2024-07-18T18:05:04","date_gmt":"2024-07-18T22:05:04","guid":{"rendered":"https:\/\/amazonia.fiocruz.br\/?p=46974"},"modified":"2024-07-18T18:05:05","modified_gmt":"2024-07-18T22:05:05","slug":"centro-de-estudos-abordara-metodologia-formularios-e-resultados-da-coleta-para-os-povos-e-comunidades-tradicionais","status":"publish","type":"post","link":"https:\/\/amazonia.fiocruz.br\/?p=46974","title":{"rendered":"Centro de Estudos abordar\u00e1 metodologia, formul\u00e1rios e resultados da coleta para os Povos e Comunidades Tradicionais"},"content":{"rendered":"<section class=\"av_textblock_section \"  itemscope=\"itemscope\" itemtype=\"https:\/\/schema.org\/BlogPosting\" itemprop=\"blogPost\" ><div class='avia_textblock  '   itemprop=\"text\" ><p style=\"text-align: justify;\">O Centro de Estudos do Instituto Le\u00f4nidas &amp; Maria Deane (ILMD\/Fiocruz Amaz\u00f4nia) promover\u00e1 nesta sexta-feira, 19\/07, a partir das 10h, a palestra intitulada \u201cCenso 2022 &#8211; metodologia, formul\u00e1rios e resultados da coleta para os Povos e Comunidades Tradicionais\u201d, a ser ministrada por David Benarros, analista de Geoprocessamento e Estat\u00edstica do Instituto Brasileiro de Geografia e Estatistica (IBGE). O evento ser\u00e1 moderado pela pesquisadora K\u00e1tia Lima, chefe do Laborat\u00f3rio de Hist\u00f3ria, Pol\u00edticas P\u00fablicas e Sa\u00fade na Amaz\u00f4nia \u2013 LAHPSA.<\/p>\n<p style=\"text-align: justify;\">Na ocasi\u00e3o, ser\u00e1 apresentada a metodologia e os resultados da coleta feita durante o Censo Demogr\u00e1fico de 2022 para os Povos e Comunidades Tradicionais, com foco na Amaz\u00f4nia. O pesquisador, abordar\u00e1 ainda os desafios enfrentados e a mudan\u00e7a no panorama das popula\u00e7\u00f5es ind\u00edgenas desde o \u00faltimo Censo de 2010.<\/p>\n<p style=\"text-align: justify;\"><strong>SOBRE O PALESTRANTE<\/strong><\/p>\n<p style=\"text-align: justify;\">David Benarros \u00e9 mestrando graduado em Engenharia mec\u00e2nica, pelo <em>Technion-Israel Institute Of Technology<\/em>, com especializa\u00e7\u00e3o em Ci\u00eancia dos Materiais. Tem experi\u00eancia na \u00e1rea de engenharia mec\u00e2nica, planejamento e produ\u00e7\u00e3o, com \u00eanfase em ci\u00eancia dos materiais nas ind\u00fastrias seguintes: atuou em Constru\u00e7\u00e3o Naval (1987 \u2013 1998), na Ind\u00fastria petroqu\u00edmica (1999 \u2013 2002) e Industria de maquin\u00e1rios pesados (2002 \u2013 2010).<\/p>\n<p style=\"text-align: justify;\">Desde 2017 ativo na \u00e1rea de Geoprocessamento e an\u00e1lise de imagens de sat\u00e9lite pelo Instituto Brasileiro de Geografia e Estat\u00edstica (IBGE). P\u00f3s-gradua\u00e7\u00e3o em Gest\u00e3o P\u00fablica\u00e9 tamb\u00e9m mestrando em Sa\u00fade P\u00fablica, no ILMD\/ Fiocruz Amaz\u00f4nia.<\/p>\n<p style=\"text-align: justify;\">O evento ter\u00e1 transmiss\u00e3o via plataforma zoom, e poder\u00e1 ser acompanhado por meio do link: \u00a0<a href=\"https:\/\/us06web.zoom.us\/j\/86207182445?pwd=yfnDweajEUUvpzednd24F4eWO018u4.1\">https:\/\/us06web.zoom.us\/j\/86207182445?pwd=yfnDweajEUUvpzednd24F4eWO018u4.1<\/a> (ID 862 0718 2445) e (Senha 746231).<\/p>\n<p style=\"text-align: justify;\"><strong>CENTRO DE ESTUDOS<\/strong><\/p>\n<p style=\"text-align: justify;\">O Centro de Estudos do ILMD\/Fiocruz Amaz\u00f4nia \u00e9 um n\u00facleo que oportuniza encontros, palestras, semin\u00e1rios e debates sobre diversos temas ligados \u00e0 pesquisa e ao ensino para a promo\u00e7\u00e3o da sa\u00fade. Os eventos s\u00e3o gratuitos e ocorrem \u00e0s sextas-feiras. As atividades s\u00e3o destinadas a estudantes de gradua\u00e7\u00e3o e p\u00f3s-gradua\u00e7\u00e3o, pesquisadores, professores e trabalhadores da \u00e1rea da Sa\u00fade.<\/p>\n<h6 style=\"text-align: justify;\"><strong><em>ILMD\/Fiocruz Amaz\u00f4nia, por Eduardo Gomes<\/em><\/strong><\/h6>\n<h6 style=\"text-align: justify;\"><strong><em>Imagem: Mackesy Nascimento<\/em><\/strong><\/h6>\n<\/div><\/section>\n","protected":false},"excerpt":{"rendered":"<p>O pesquisador, abordar\u00e1 ainda os desafios enfrentados e a mudan\u00e7a no panorama das popula\u00e7\u00f5es ind\u00edgenas desde o \u00faltimo Censo de 2010.<\/p>\n","protected":false},"author":20,"featured_media":46975,"comment_status":"closed","ping_status":"closed","sticky":true,"template":"","format":"image","meta":{"footnotes":""},"categories":[15],"tags":[118,136,120,119,131],"class_list":["post-46974","post","type-post","status-publish","format-image","has-post-thumbnail","hentry","category-noticias","tag-centro-de-estudos","tag-fiocruz","tag-fiocruz-amazonia","tag-ilmd","tag-ilmdfiocruz-amazonia","post_format-post-format-image"],"_links":{"self":[{"href":"https:\/\/amazonia.fiocruz.br\/index.php?rest_route=\/wp\/v2\/posts\/46974","targetHints":{"allow":["GET"]}}],"collection":[{"href":"https:\/\/amazonia.fiocruz.br\/index.php?rest_route=\/wp\/v2\/posts"}],"about":[{"href":"https:\/\/amazonia.fiocruz.br\/index.php?rest_route=\/wp\/v2\/types\/post"}],"author":[{"embeddable":true,"href":"https:\/\/amazonia.fiocruz.br\/index.php?rest_route=\/wp\/v2\/users\/20"}],"replies":[{"embeddable":true,"href":"https:\/\/amazonia.fiocruz.br\/index.php?rest_route=%2Fwp%2Fv2%2Fcomments&post=46974"}],"version-history":[{"count":1,"href":"https:\/\/amazonia.fiocruz.br\/index.php?rest_route=\/wp\/v2\/posts\/46974\/revisions"}],"predecessor-version":[{"id":46976,"href":"https:\/\/amazonia.fiocruz.br\/index.php?rest_route=\/wp\/v2\/posts\/46974\/revisions\/46976"}],"wp:featuredmedia":[{"embeddable":true,"href":"https:\/\/amazonia.fiocruz.br\/index.php?rest_route=\/wp\/v2\/media\/46975"}],"wp:attachment":[{"href":"https:\/\/amazonia.fiocruz.br\/index.php?rest_route=%2Fwp%2Fv2%2Fmedia&parent=46974"}],"wp:term":[{"taxonomy":"category","embeddable":true,"href":"https:\/\/amazonia.fiocruz.br\/index.php?rest_route=%2Fwp%2Fv2%2Fcategories&post=46974"},{"taxonomy":"post_tag","embeddable":true,"href":"https:\/\/amazonia.fiocruz.br\/index.php?rest_route=%2Fwp%2Fv2%2Ftags&post=46974"}],"curies":[{"name":"wp","href":"https:\/\/api.w.org\/{rel}","templated":true}]}}