{"id":46919,"date":"2024-07-17T18:18:08","date_gmt":"2024-07-17T22:18:08","guid":{"rendered":"https:\/\/amazonia.fiocruz.br\/?p=46919"},"modified":"2024-07-17T18:18:08","modified_gmt":"2024-07-17T22:18:08","slug":"fiocruz-amazonia-comemora-30-anos-com-tres-dias-de-eventos-em-espacos-simbolicos-para-a-regiao-no-proximo-mes-de-agosto","status":"publish","type":"post","link":"https:\/\/amazonia.fiocruz.br\/?p=46919","title":{"rendered":"<strong>Fiocruz Amaz\u00f4nia comemora 30 anos com tr\u00eas dias de eventos em espa\u00e7os simb\u00f3licos para a regi\u00e3o no pr\u00f3ximo m\u00eas de agosto<\/strong>"},"content":{"rendered":"<section class=\"av_textblock_section \"  itemscope=\"itemscope\" itemtype=\"https:\/\/schema.org\/BlogPosting\" itemprop=\"blogPost\" ><div class='avia_textblock  '   itemprop=\"text\" ><p style=\"text-align: justify;\">O Instituto Le\u00f4nidas &amp; Maria Deane (ILMD\/Fiocruz Amaz\u00f4nia) comemora no pr\u00f3ximo m\u00eas de agosto, 30 anos de exist\u00eancia e atua\u00e7\u00e3o voltada para a sociedade, com a miss\u00e3o de contribuir para a melhoria das condi\u00e7\u00f5es de vida e sa\u00fade das popula\u00e7\u00f5es amaz\u00f4nicas, bem como ao desenvolvimento cient\u00edfico e tecnol\u00f3gico regional. A comemora\u00e7\u00e3o ser\u00e1 marcada por tr\u00eas dias de eventos, programados para acontecer em espa\u00e7os diferentes e simb\u00f3licos para a cultura, pol\u00edtica p\u00fablica e a ci\u00eancia da regi\u00e3o amaz\u00f4nica. Eventos cient\u00edficos, culturais, de populariza\u00e7\u00e3o da ci\u00eancia, difus\u00e3o do conhecimento e homenagens marcar\u00e3o as festividades, come\u00e7ando, no dia 17\/08, s\u00e1bado, com o evento Fiocruz Pra Voc\u00ea, de incentivo \u00e0 vacina\u00e7\u00e3o, feito com apoio da Secretaria Municipal de Sa\u00fade (Semsa-Manaus), quando a Fiocruz Amaz\u00f4nia abrir\u00e1 as portas para a comunidade em geral, com mostras cient\u00edficas reunindo os laborat\u00f3rios da unidade, atividades l\u00fadicas para crian\u00e7as e a possibilidade de atualiza\u00e7\u00e3o da caderneta de vacina\u00e7\u00e3o com aplica\u00e7\u00e3o de diversos tipos de imunizantes.<\/p>\n<p style=\"text-align: justify;\">Na segunda-feira,19\/08, data em que a Fiocruz Amaz\u00f4nia completa 30 anos, a programa\u00e7\u00e3o ser\u00e1 marcada por duas festividades solenes, uma interna, na sede da Fiocruz Amaz\u00f4nia, no Adrian\u00f3polis, com homenagens especiais a parlamentares que apoiam a institui\u00e7\u00e3o, come\u00e7ando \u00e0s 10h. O outro evento ser\u00e1 \u00e0 noite, no Centro Cultural dos Povos da Amaz\u00f4nia, iniciando \u00e0s 19h, com homenagens a ex-diretores e personalidades e entrega de men\u00e7\u00e3o honrosa da Fiocruz Amaz\u00f4nia. No dia 20\/08, a partir das 10h30, uma Cess\u00e3o de Tempo durante Plen\u00e1ria da Assembleia Legislativa do Estado do Amazonas, homenagear\u00e1 pessoas e institui\u00e7\u00f5es parcerias que fizeram e fazem a hist\u00f3ria da institui\u00e7\u00e3o, atendendo propositura da presidente da Comiss\u00e3o de Sa\u00fade e Previd\u00eancia da ALE-AM, deputada Mayara Pinheiro. \u00c0 noite, a partir das 19h30, a programa\u00e7\u00e3o festiva ser\u00e1 brindada com a apresenta\u00e7\u00e3o do espet\u00e1culo Folguedos, do Bal\u00e9 Folcl\u00f3rico do Amazonas, no Teatro Amazonas, tendo a Fiocruz Amaz\u00f4nia como convidada especial da Secretaria de Estado de Cultura (SEC).<\/p>\n<p style=\"text-align: justify;\">A diretora da Fiocruz Amaz\u00f4nia, a pesquisadora-doutora em Biologia Molecular, Stefanie Lopes, enfatiza a import\u00e2ncia das parcerias com outras institui\u00e7\u00f5es, no cumprimento do papel fundamental da Fiocruz Amaz\u00f4nia na forma\u00e7\u00e3o e na capacita\u00e7\u00e3o de recursos humanos para o Sistema \u00danico de Sa\u00fade. \u201cDesde a cria\u00e7\u00e3o, em 1994, a Fiocruz Amaz\u00f4nia vem contando uma hist\u00f3ria de conquistas e avan\u00e7os para a ci\u00eancia e a popula\u00e7\u00e3o amaz\u00f4nica, cooperando com a elabora\u00e7\u00e3o de pol\u00edticas p\u00fablicas e na produ\u00e7\u00e3o de conhecimento cient\u00edfico e tecnol\u00f3gico. Ao longo desses anos, crescemos e nos modernizamos, ao ponto de expandirmos nossa atua\u00e7\u00e3o nos mais diversos territ\u00f3rios da Amaz\u00f4nia, assegurando qualidade de vida para todos os povos que habitam essa regi\u00e3o\u201d, destaca Stefanie.<\/p>\n<p style=\"text-align: justify;\">A Fiocruz Amaz\u00f4nia possui hoje uma comunidade estimada em 350 pessoas, entre pesquisadores, bolsistas, alunos de programas de p\u00f3s-gradua\u00e7\u00e3o e pessoal administrativo. Com sete laborat\u00f3rios de pesquisa, possui ao todo sete programas educacionais. S\u00e3o eles: Programa de Voca\u00e7\u00e3o Cient\u00edfica (Provoc), Programa de Inicia\u00e7\u00e3o Cient\u00edfica (PIC-ILMD), Mestrado e Doutorado em Biologia Parasit\u00e1ria (PPGBIO-Intera\u00e7\u00e3o), Mestrado em Sa\u00fade Coletiva (PPGVIDA), com turma fora da sede de Sanitaristas Ind\u00edgenas e o Mestrado e Doutorado do Vigifronteiras, Doutorado em Sa\u00fade Coletiva (DASPAM) e Mestrado Profissional em Rede (PROFSA\u00daDE).<\/p>\n<p style=\"text-align: justify;\">Os laborat\u00f3rios da institui\u00e7\u00e3o s\u00e3o: Diagn\u00f3stico e Controle de Doen\u00e7as Infecciosas (DCDIA), Diversidade Microbiana da Amaz\u00f4nia com Import\u00e2ncia para a Sa\u00fade (DMAIS), Ecologia de Doen\u00e7as Transmiss\u00edveis na Amaz\u00f4nia (EDTA), Hist\u00f3ria, Pol\u00edticas P\u00fablicas e Sa\u00fade na Amaz\u00f4nia (LAHPSA), Sa\u00fade de Popula\u00e7\u00f5es Vulner\u00e1veis (SAGESPI), Pesquisa Cl\u00ednica Carlos Borborema (IPCCB), Modelagem, Geoprocessamento e Epidemiologia (LEGEPI).<\/p>\n<p style=\"text-align: justify;\">Ao todo, a Fiocruz Amaz\u00f4nia possui seis plataformas tecnol\u00f3gicas (gen\u00f4mica, RT-PCR, Citometria de Fluxo, Bioensaios, Microscopia de Disec\u00e7\u00e3o e Laser e Bioprospec\u00e7\u00e3o, que integram a Rede de Plataformas Tecnol\u00f3gicas da Fiocruz), mais duas cole\u00e7\u00f5es biol\u00f3gicas (bact\u00e9rias e fungos) e dois biobancos. Todas plataformas tecnol\u00f3gicas e cole\u00e7\u00f5es biol\u00f3gicas voltadas para melhor atender as necessidades e ajudar a enfrentar os desafios para ofertar sa\u00fade p\u00fablica de qualidade \u00e0s pessoas, com foco na redu\u00e7\u00e3o de desigualdades sociais.<\/p>\n<p style=\"text-align: justify;\">A Fiocruz Amaz\u00f4nia est\u00e1 presente tamb\u00e9m nas periferias de Manaus, munic\u00edpios do interior, nas regi\u00f5es de fronteira e comunidades ind\u00edgenas, quilombolas e ribeirinhas, desenvolvendo projetos de pesquisa e programas de p\u00f3s-gradua\u00e7\u00e3o visando a forma\u00e7\u00e3o de recursos humanos, com destaque para o primeiro curso de Mestrado em Sa\u00fade Coletiva, na modalidade Sala Estendida (realizado fora da sede da institui\u00e7\u00e3o) voltado exclusivamente para ind\u00edgenas do Alto Solim\u00f5es, numa turma de 15 vagas oferecidas nesta iniciativa in\u00e9dita de forma\u00e7\u00e3o strictu senso do Programa de P\u00f3s-Gradua\u00e7\u00e3o em Condi\u00e7\u00f5es de Vida e Situa\u00e7\u00f5es de Sa\u00fade na Amaz\u00f4nia (PPGVIDA). O curso re\u00fane tikunas, kambebas, kaikanas, marubos, kokamas e kanamaris, dos munic\u00edpios de Tabatinga, Benjamim Constant, Atalaia do Norte, Amatur\u00e1 e Santo Ant\u00f4nio do I\u00e7\u00e1, e \u00e9 resultado de um esfor\u00e7o conjunto desenvolvido entre institui\u00e7\u00f5es de ensino e de fomento \u00e0 pesquisa.<\/p>\n<p style=\"text-align: justify;\"><em>ILMD\/Fiocruz Amaz\u00f4nia, por J\u00falio Pedrosa<\/em><\/p>\n<p><em>Foto: Michell Mello\/Arquivo\/Fiocruz Amaz\u00f4nia<\/em><\/p>\n<\/div><\/section>\n","protected":false},"excerpt":{"rendered":"<p>Eventos cient\u00edficos, culturais, de populariza\u00e7\u00e3o da ci\u00eancia, difus\u00e3o do conhecimento e homenagens marcar\u00e3o as festividades, come\u00e7ando, no dia 17\/08, s\u00e1bado<\/p>\n","protected":false},"author":60,"featured_media":46920,"comment_status":"closed","ping_status":"closed","sticky":true,"template":"","format":"image","meta":{"footnotes":""},"categories":[15],"tags":[],"class_list":["post-46919","post","type-post","status-publish","format-image","has-post-thumbnail","hentry","category-noticias","post_format-post-format-image"],"_links":{"self":[{"href":"https:\/\/amazonia.fiocruz.br\/index.php?rest_route=\/wp\/v2\/posts\/46919","targetHints":{"allow":["GET"]}}],"collection":[{"href":"https:\/\/amazonia.fiocruz.br\/index.php?rest_route=\/wp\/v2\/posts"}],"about":[{"href":"https:\/\/amazonia.fiocruz.br\/index.php?rest_route=\/wp\/v2\/types\/post"}],"author":[{"embeddable":true,"href":"https:\/\/amazonia.fiocruz.br\/index.php?rest_route=\/wp\/v2\/users\/60"}],"replies":[{"embeddable":true,"href":"https:\/\/amazonia.fiocruz.br\/index.php?rest_route=%2Fwp%2Fv2%2Fcomments&post=46919"}],"version-history":[{"count":1,"href":"https:\/\/amazonia.fiocruz.br\/index.php?rest_route=\/wp\/v2\/posts\/46919\/revisions"}],"predecessor-version":[{"id":46921,"href":"https:\/\/amazonia.fiocruz.br\/index.php?rest_route=\/wp\/v2\/posts\/46919\/revisions\/46921"}],"wp:featuredmedia":[{"embeddable":true,"href":"https:\/\/amazonia.fiocruz.br\/index.php?rest_route=\/wp\/v2\/media\/46920"}],"wp:attachment":[{"href":"https:\/\/amazonia.fiocruz.br\/index.php?rest_route=%2Fwp%2Fv2%2Fmedia&parent=46919"}],"wp:term":[{"taxonomy":"category","embeddable":true,"href":"https:\/\/amazonia.fiocruz.br\/index.php?rest_route=%2Fwp%2Fv2%2Fcategories&post=46919"},{"taxonomy":"post_tag","embeddable":true,"href":"https:\/\/amazonia.fiocruz.br\/index.php?rest_route=%2Fwp%2Fv2%2Ftags&post=46919"}],"curies":[{"name":"wp","href":"https:\/\/api.w.org\/{rel}","templated":true}]}}