{"id":46692,"date":"2024-07-10T14:22:26","date_gmt":"2024-07-10T18:22:26","guid":{"rendered":"https:\/\/amazonia.fiocruz.br\/?p=46692"},"modified":"2024-07-10T14:23:25","modified_gmt":"2024-07-10T18:23:25","slug":"doutorado-academico-em-saude-publica-na-amazonia-abre-inscricoes-para-candidatos-externos","status":"publish","type":"post","link":"https:\/\/amazonia.fiocruz.br\/?p=46692","title":{"rendered":"Doutorado Acad\u00eamico em Sa\u00fade P\u00fablica na Amaz\u00f4nia abre inscri\u00e7\u00f5es para candidatos externos"},"content":{"rendered":"<section class=\"av_textblock_section \"  itemscope=\"itemscope\" itemtype=\"https:\/\/schema.org\/BlogPosting\" itemprop=\"blogPost\" ><div class='avia_textblock  '   itemprop=\"text\" ><p style=\"text-align: justify;\">O Curso de Doutorado Acad\u00eamico em Sa\u00fade P\u00fablica na Amaz\u00f4nia (DASPAM), do Instituto Le\u00f4nidas &amp; Maria Deane, atrav\u00e9s da Vice-Diretoria de Educa\u00e7\u00e3o, Informa\u00e7\u00e3o e Comunica\u00e7\u00e3o, estar\u00e1 com inscri\u00e7\u00f5es abertas para candidatos externos interessados nas disciplinas oferecidas para o segundo semestre de 2024. As inscri\u00e7\u00f5es ocorrer\u00e3o no per\u00edodo de 09 a 12 de julho de 2024.<\/p>\n<p style=\"text-align: justify;\"><a href=\"https:\/\/amazonia.fiocruz.br\/?page_id=46616\" target=\"_blank\" rel=\"noopener\">Acesse o edital AQUI<\/a>.<\/p>\n<p style=\"text-align: justify;\">Podem se inscrever no processo seletivo: Alunos de outros cursos de p\u00f3s -gradua\u00e7\u00e3o stricto sensu da Fiocruz; Alunos de outros cursos de p\u00f3s -gradua\u00e7\u00e3o stricto sensu de outras institui\u00e7\u00f5es p\u00fablicas e\/ou privadas; Alunos de curso de p\u00f3s-gradua\u00e7\u00e3o lato sensu da Fiocruz; Alunos de outros cursos de p\u00f3s -gradua\u00e7\u00e3o lato sensu de outras institui\u00e7\u00f5es p\u00fablicas e\/ou privadas; Candidatos com curso de p\u00f3s -gradua\u00e7\u00e3o lato sensu conclu\u00eddo, que n\u00e3o estejam no momento da inscri\u00e7\u00e3o fazendo outro curso de <em>lato sensu<\/em> ou cursando <em>stricto sensu<\/em>.<\/p>\n<p style=\"text-align: justify;\">A Divulga\u00e7\u00e3o da lista dos candidatos selecionados ocorrer\u00e1 no dia 26 de julho de 2024 e ser\u00e1 disponibilizado no site <a href=\"https:\/\/amazonia.fiocruz.br\/?page_id=42573\" target=\"_blank\" rel=\"noopener\">https:\/\/amazonia.fiocruz.br\/?page_id=42573<\/a> e no site acesso.fiocruz.br. As disciplinas ser\u00e3o ministradas na sede do ILMD\/ Fiocruz Amaz\u00f4nia, situado \u00e0 Rua Teresina, 476. Adrian\u00f3polis. Manaus \u2013 AM.<\/p>\n<p style=\"text-align: justify;\"><strong>SOBRE O DASPAM<\/strong><\/p>\n<p style=\"text-align: justify;\">O curso tem como objetivo capacitar pesquisadores para exercitar an\u00e1lises cr\u00edticas, utilizando, de forma integrada, conceitos e recursos metodol\u00f3gicos da sa\u00fade coletiva, biologia parasit\u00e1ria, epidemiologia, ci\u00eancias sociais aplicadas \u00e0 sa\u00fade, e de outras \u00e1reas conexas; Desenvolver modelos anal\u00edticos de processos de sa\u00fade\/doen\u00e7a\/cuidados, tomando como refer\u00eancia o quadro epidemiol\u00f3gico, econ\u00f4mico, s\u00f3cio antropol\u00f3gico, hist\u00f3rico, biol\u00f3gico e ambiental no cen\u00e1rio regional e suas interfaces com os contextos nacional e internacional de globaliza\u00e7\u00e3o da Amaz\u00f4nia; contribuir, te\u00f3rica e tecnicamente, para a formula\u00e7\u00e3o, implementa\u00e7\u00e3o e gest\u00e3o de pol\u00edticas setoriais, bem como atuar, neste campo, na doc\u00eancia e na pesquisa.<\/p>\n<h6 style=\"text-align: justify;\"><strong><em>ILMD Fiocruz Amaz\u00f4nia, por Eduardo Gomes.<\/em><\/strong><\/h6>\n<h6 style=\"text-align: justify;\"><strong><em>Imagem: Mackesy Nascimento.<\/em><\/strong><\/h6>\n<\/div><\/section>\n","protected":false},"excerpt":{"rendered":"<p>As inscri\u00e7\u00f5es ocorrer\u00e3o no per\u00edodo de 09 a 12 de julho de 2024<\/p>\n","protected":false},"author":20,"featured_media":46693,"comment_status":"closed","ping_status":"closed","sticky":true,"template":"","format":"image","meta":{"footnotes":""},"categories":[15],"tags":[1032,136,120,119,131],"class_list":["post-46692","post","type-post","status-publish","format-image","has-post-thumbnail","hentry","category-noticias","tag-daspam","tag-fiocruz","tag-fiocruz-amazonia","tag-ilmd","tag-ilmdfiocruz-amazonia","post_format-post-format-image"],"_links":{"self":[{"href":"https:\/\/amazonia.fiocruz.br\/index.php?rest_route=\/wp\/v2\/posts\/46692","targetHints":{"allow":["GET"]}}],"collection":[{"href":"https:\/\/amazonia.fiocruz.br\/index.php?rest_route=\/wp\/v2\/posts"}],"about":[{"href":"https:\/\/amazonia.fiocruz.br\/index.php?rest_route=\/wp\/v2\/types\/post"}],"author":[{"embeddable":true,"href":"https:\/\/amazonia.fiocruz.br\/index.php?rest_route=\/wp\/v2\/users\/20"}],"replies":[{"embeddable":true,"href":"https:\/\/amazonia.fiocruz.br\/index.php?rest_route=%2Fwp%2Fv2%2Fcomments&post=46692"}],"version-history":[{"count":1,"href":"https:\/\/amazonia.fiocruz.br\/index.php?rest_route=\/wp\/v2\/posts\/46692\/revisions"}],"predecessor-version":[{"id":46694,"href":"https:\/\/amazonia.fiocruz.br\/index.php?rest_route=\/wp\/v2\/posts\/46692\/revisions\/46694"}],"wp:featuredmedia":[{"embeddable":true,"href":"https:\/\/amazonia.fiocruz.br\/index.php?rest_route=\/wp\/v2\/media\/46693"}],"wp:attachment":[{"href":"https:\/\/amazonia.fiocruz.br\/index.php?rest_route=%2Fwp%2Fv2%2Fmedia&parent=46692"}],"wp:term":[{"taxonomy":"category","embeddable":true,"href":"https:\/\/amazonia.fiocruz.br\/index.php?rest_route=%2Fwp%2Fv2%2Fcategories&post=46692"},{"taxonomy":"post_tag","embeddable":true,"href":"https:\/\/amazonia.fiocruz.br\/index.php?rest_route=%2Fwp%2Fv2%2Ftags&post=46692"}],"curies":[{"name":"wp","href":"https:\/\/api.w.org\/{rel}","templated":true}]}}