{"id":46672,"date":"2024-07-09T17:12:06","date_gmt":"2024-07-09T21:12:06","guid":{"rendered":"https:\/\/amazonia.fiocruz.br\/?p=46672"},"modified":"2024-07-09T17:12:31","modified_gmt":"2024-07-09T21:12:31","slug":"fiocruz-amazonia-abre-inscricoes-para-chamada-de-aluno-especial-do-ppgvida","status":"publish","type":"post","link":"https:\/\/amazonia.fiocruz.br\/?p=46672","title":{"rendered":"Fiocruz Amaz\u00f4nia abre inscri\u00e7\u00f5es para Chamada de Aluno Especial do PPGVIDA"},"content":{"rendered":"<section class=\"av_textblock_section \"  itemscope=\"itemscope\" itemtype=\"https:\/\/schema.org\/BlogPosting\" itemprop=\"blogPost\" ><div class='avia_textblock  '   itemprop=\"text\" ><p style=\"text-align: justify;\">O Programa de P\u00f3s-Gradua\u00e7\u00e3o Stricto Sensu Condi\u00e7\u00f5es de Vida e Situa\u00e7\u00f5es de Sa\u00fade na Amaz\u00f4nia (PPGVIDA), do Instituto Le\u00f4nidas &amp; Maria Deane, atrav\u00e9s da Vice-Diretoria de Educa\u00e7\u00e3o, Informa\u00e7\u00e3o e Comunica\u00e7\u00e3o, est\u00e1 com inscri\u00e7\u00f5es abertas para candidatos externos interessados nas disciplinas oferecidas para o segundo semestre de 2024. As inscri\u00e7\u00f5es ocorrer\u00e3o no per\u00edodo de 09 a 12 de julho de 2024.<\/p>\n<p style=\"text-align: justify;\"><a href=\"https:\/\/amazonia.fiocruz.br\/?page_id=46605\">Confira o edital<\/a>.<\/p>\n<p style=\"text-align: justify;\">As inscri\u00e7\u00f5es podem ser feitas por alunos de outros cursos de p\u00f3s-gradua\u00e7\u00e3o stricto sensu da Fiocruz; Alunos de outros cursos de p\u00f3s -gradua\u00e7\u00e3o stricto sensu de outras institui\u00e7\u00f5es p\u00fablicas e\/ou privadas; Alunos de curso de p\u00f3s-gradua\u00e7\u00e3o lato sensu da Fiocruz; Alunos de outros cursos de p\u00f3s -gradua\u00e7\u00e3o lato sensu de outras institui\u00e7\u00f5es p\u00fablicas e\/ou privadas; Candidatos com curso de p\u00f3s -gradua\u00e7\u00e3o lato sensu conclu\u00eddo, que n\u00e3o estejam no momento da inscri\u00e7\u00e3o fazendo outro curso de lato sensu ou cursando stricto sensu.<\/p>\n<p style=\"text-align: justify;\">A sele\u00e7\u00e3o dos candidatos ocorrer\u00e1 no per\u00edodo de 22 a 24 de julho de 2024. A Divulga\u00e7\u00e3o da lista dos candidatos selecionados ocorrer\u00e1 no dia 26 de julho de 2024 e ser\u00e1 disponibilizado no site <a href=\"https:\/\/amazonia.fiocruz.br\/?page_id=42573\">https:\/\/amazonia.fiocruz.br\/?page_id=42573<\/a> e no site acesso.fiocruz.br.<\/p>\n<p style=\"text-align: justify;\">As disciplinas ser\u00e3o ministradas na sede do ILMD\/ Fiocruz Amaz\u00f4nia, situado \u00e0 Rua Teresina, 476. Adrian\u00f3polis. Manaus \u2013 AM.<\/p>\n<p style=\"text-align: justify;\"><strong>SOBRE PPGVIDA<\/strong><\/p>\n<p style=\"text-align: justify;\">O Programa de P\u00f3s-Gradua\u00e7\u00e3o Stricto Sensu em Condi\u00e7\u00f5es de Vida e Situa\u00e7\u00f5es de Sa\u00fade na Amaz\u00f4nia (PPGVIDA) tem como objetivo capacitar profissionais para desenvolver modelos anal\u00edticos capazes de subsidiar pesquisas em sa\u00fade, apoiar o planejamento, execu\u00e7\u00e3o e gerenciamento de servi\u00e7os e a\u00e7\u00f5es de controle e o monitoramento de doen\u00e7as e agravos de interesse coletivo e do Sistema \u00danico de Sa\u00fade na Amaz\u00f4nia.<\/p>\n<p style=\"text-align: justify;\">O programa tamb\u00e9m visa planejar, propor e utilizar m\u00e9todos e t\u00e9cnicas para executar investiga\u00e7\u00f5es na \u00e1rea de sa\u00fade, mediante o uso integrado de conceitos e recursos te\u00f3rico-metodol\u00f3gicos advindos da sa\u00fade coletiva, biologia parasit\u00e1ria, epidemiologia, ci\u00eancias sociais e humanas aplicadas \u00e0 sa\u00fade, comunica\u00e7\u00e3o e informa\u00e7\u00e3o em sa\u00fade e de outras \u00e1reas de interesse acad\u00eamico, na constru\u00e7\u00e3o de desenhos complexos de pesquisa sobre a realidade amaz\u00f4nica.<\/p>\n<h6 style=\"text-align: justify;\"><strong><em>ILMD \/ Fiocruz Amaz\u00f4nia, por Eduardo Gomes<\/em><\/strong><\/h6>\n<h6 style=\"text-align: justify;\"><strong><em>Imagem: Mackesy Nascimento<\/em><\/strong><\/h6>\n<\/div><\/section>\n","protected":false},"excerpt":{"rendered":"<p>As inscri\u00e7\u00f5es ocorrer\u00e3o no per\u00edodo de 09 a 12 de julho de 2024<\/p>\n","protected":false},"author":20,"featured_media":46673,"comment_status":"closed","ping_status":"closed","sticky":true,"template":"","format":"image","meta":{"footnotes":""},"categories":[15],"tags":[136,120,119,131,143],"class_list":["post-46672","post","type-post","status-publish","format-image","has-post-thumbnail","hentry","category-noticias","tag-fiocruz","tag-fiocruz-amazonia","tag-ilmd","tag-ilmdfiocruz-amazonia","tag-ppgvida","post_format-post-format-image"],"_links":{"self":[{"href":"https:\/\/amazonia.fiocruz.br\/index.php?rest_route=\/wp\/v2\/posts\/46672","targetHints":{"allow":["GET"]}}],"collection":[{"href":"https:\/\/amazonia.fiocruz.br\/index.php?rest_route=\/wp\/v2\/posts"}],"about":[{"href":"https:\/\/amazonia.fiocruz.br\/index.php?rest_route=\/wp\/v2\/types\/post"}],"author":[{"embeddable":true,"href":"https:\/\/amazonia.fiocruz.br\/index.php?rest_route=\/wp\/v2\/users\/20"}],"replies":[{"embeddable":true,"href":"https:\/\/amazonia.fiocruz.br\/index.php?rest_route=%2Fwp%2Fv2%2Fcomments&post=46672"}],"version-history":[{"count":1,"href":"https:\/\/amazonia.fiocruz.br\/index.php?rest_route=\/wp\/v2\/posts\/46672\/revisions"}],"predecessor-version":[{"id":46674,"href":"https:\/\/amazonia.fiocruz.br\/index.php?rest_route=\/wp\/v2\/posts\/46672\/revisions\/46674"}],"wp:featuredmedia":[{"embeddable":true,"href":"https:\/\/amazonia.fiocruz.br\/index.php?rest_route=\/wp\/v2\/media\/46673"}],"wp:attachment":[{"href":"https:\/\/amazonia.fiocruz.br\/index.php?rest_route=%2Fwp%2Fv2%2Fmedia&parent=46672"}],"wp:term":[{"taxonomy":"category","embeddable":true,"href":"https:\/\/amazonia.fiocruz.br\/index.php?rest_route=%2Fwp%2Fv2%2Fcategories&post=46672"},{"taxonomy":"post_tag","embeddable":true,"href":"https:\/\/amazonia.fiocruz.br\/index.php?rest_route=%2Fwp%2Fv2%2Ftags&post=46672"}],"curies":[{"name":"wp","href":"https:\/\/api.w.org\/{rel}","templated":true}]}}