{"id":46464,"date":"2024-06-26T08:55:45","date_gmt":"2024-06-26T12:55:45","guid":{"rendered":"https:\/\/amazonia.fiocruz.br\/?p=46464"},"modified":"2024-06-26T08:58:19","modified_gmt":"2024-06-26T12:58:19","slug":"projeto-de-formacao-de-trabalhadores-da-saude-no-cuidado-das-populacoes-do-campo-floresta-e-aguas-reune-em-manaus-equipe-de-facilitadores-e-articuladores-que-atuarao-nos-territorios","status":"publish","type":"post","link":"https:\/\/amazonia.fiocruz.br\/?p=46464","title":{"rendered":"<strong>Projeto de forma\u00e7\u00e3o de trabalhadores da Sa\u00fade no cuidado das popula\u00e7\u00f5es do Campo, Floresta e \u00c1guas re\u00fane em Manaus equipe de facilitadores e articuladores que atuar\u00e3o nos territ\u00f3rios<\/strong>"},"content":{"rendered":"<section class=\"av_textblock_section \"  itemscope=\"itemscope\" itemtype=\"https:\/\/schema.org\/BlogPosting\" itemprop=\"blogPost\" ><div class='avia_textblock  '   itemprop=\"text\" ><p style=\"text-align: justify;\">O Projeto de Forma\u00e7\u00e3o de Trabalhadores e Trabalhadoras que atuam no Cuidado em Sa\u00fade das popula\u00e7\u00f5es do Campo, Floresta e \u00c1guas, fruto de parceria entre o Minist\u00e9rio da Sa\u00fade, Fiocruz Amaz\u00f4nia e Rede Unida, realizou entre os dias 17 e 21\/06, na Fiocruz Amaz\u00f4nia, em Manaus, a primeira oficina de forma\u00e7\u00e3o destinada aos articuladores e facilitadores que ficar\u00e3o respons\u00e1veis pela atua\u00e7\u00e3o junto aos profissionais de sa\u00fade nos territ\u00f3rios em quest\u00e3o. O projeto pretende beneficiar 3,5 mil profissionais de Sa\u00fade Prim\u00e1ria em munic\u00edpios de oito estados da Amaz\u00f4nia Legal, representando um importante passo para a execu\u00e7\u00e3o da Pol\u00edtica Nacional de Sa\u00fade Integral das Popula\u00e7\u00f5es do Campo, das Florestas e das \u00c1guas, criada em 2011 e que o Governo Federal come\u00e7a a implementar com a iniciativa. Participaram, no total, desta primeira forma\u00e7\u00e3o, 69 pessoas, sendo 31 facilitadores, oito articuladores, seis coordenadores e quatro conteudistas, dos Estados do Par\u00e1, Amap\u00e1, Maranh\u00e3o, Acre e Amazonas, al\u00e9m de convidados de secret\u00e1rias estaduais e municipais, Cosems-PA, Cosems-AC, Cosems-AM e Minist\u00e9rio da Sa\u00fade.<\/p>\n<p style=\"text-align: justify;\"><img decoding=\"async\" class=\"alignnone wp-image-46467\" src=\"https:\/\/amazonia.fiocruz.br\/wp-content\/uploads\/2024\/06\/IMG_0182-300x200.jpg\" alt=\"\" width=\"1692\" height=\"1128\" srcset=\"https:\/\/amazonia.fiocruz.br\/wp-content\/uploads\/2024\/06\/IMG_0182-300x200.jpg 300w, https:\/\/amazonia.fiocruz.br\/wp-content\/uploads\/2024\/06\/IMG_0182-1030x687.jpg 1030w, https:\/\/amazonia.fiocruz.br\/wp-content\/uploads\/2024\/06\/IMG_0182-768x512.jpg 768w, https:\/\/amazonia.fiocruz.br\/wp-content\/uploads\/2024\/06\/IMG_0182-1536x1024.jpg 1536w, https:\/\/amazonia.fiocruz.br\/wp-content\/uploads\/2024\/06\/IMG_0182-2048x1365.jpg 2048w, https:\/\/amazonia.fiocruz.br\/wp-content\/uploads\/2024\/06\/IMG_0182-1500x1000.jpg 1500w, https:\/\/amazonia.fiocruz.br\/wp-content\/uploads\/2024\/06\/IMG_0182-705x470.jpg 705w\" sizes=\"(max-width: 1692px) 100vw, 1692px\" \/><\/p>\n<p style=\"text-align: justify;\">A atividade foi aberta pelo coordenador do projeto, o pesquisador em Sa\u00fade P\u00fablica da Fiocruz Amaz\u00f4nia, J\u00falio Cesar Schweickardt, do Laborat\u00f3rio de Hist\u00f3ria, Pol\u00edticas P\u00fablicas e Sa\u00fade na Amaz\u00f4nia (Lahpsa). Ele destacou a import\u00e2ncia da presen\u00e7a do Minist\u00e9rio da Sa\u00fade no processo de constru\u00e7\u00e3o das estrat\u00e9gias de execu\u00e7\u00e3o do projeto. \u201cA forma\u00e7\u00e3o \u00e9 feita em conjunto e nessa primeira, realizada em Manaus, contamos com o compromisso dos facilitadores e articuladores dos Estados, que aceitaram o desafio da constru\u00e7\u00e3o de conte\u00fados, metodologias e abordagens a serem aplicadas pelo projeto. Sa\u00edmos muito felizes com esse processo e, sobretudo, com o entusiasmo de todos que participaram desse momento\u201d, explica o pesquisador. O projeto ganhou o nome Come\u00e7o Meio Come\u00e7o, inspirado no pensador quilombola Nego Bispo e como s\u00edmbolo da busca constante por conhecimento e aprendizado na exist\u00eancia humana.<\/p>\n<p style=\"text-align: justify;\">A diretora da Fiocruz Amaz\u00f4nia, Stefanie Lopes, agradeceu a confian\u00e7a do Minist\u00e9rio da Sa\u00fade e se disse confiante no \u00eaxito da execu\u00e7\u00e3o do projeto, dado o potencial do trabalho em rede da equipe montada pelo Lahpsa. \u201cReceber esse projeto na Fiocruz Amaz\u00f4nia n\u00e3o \u00e9 dif\u00edcil quando se trata de uma articula\u00e7\u00e3o em rede, com capacidade de integrar e trazer v\u00e1rios parceiros, t\u00edpico desafio que o J\u00falio (Schweickardt) nos apresenta e, de pronto, aceitamos, porque sabemos o quanto \u00e9 importante formar pessoas na busca por melhorias para o sistema de sa\u00fade, sendo uma honra para n\u00f3s atuarmos como protagonistas neste processo\u201d, frisou Stefanie.<\/p>\n<p style=\"text-align: justify;\"><img decoding=\"async\" class=\"alignnone wp-image-46468\" src=\"https:\/\/amazonia.fiocruz.br\/wp-content\/uploads\/2024\/06\/IMG_0209-300x200.jpg\" alt=\"\" width=\"1695\" height=\"1130\" srcset=\"https:\/\/amazonia.fiocruz.br\/wp-content\/uploads\/2024\/06\/IMG_0209-300x200.jpg 300w, https:\/\/amazonia.fiocruz.br\/wp-content\/uploads\/2024\/06\/IMG_0209-1030x687.jpg 1030w, https:\/\/amazonia.fiocruz.br\/wp-content\/uploads\/2024\/06\/IMG_0209-768x512.jpg 768w, https:\/\/amazonia.fiocruz.br\/wp-content\/uploads\/2024\/06\/IMG_0209-1536x1024.jpg 1536w, https:\/\/amazonia.fiocruz.br\/wp-content\/uploads\/2024\/06\/IMG_0209-2048x1365.jpg 2048w, https:\/\/amazonia.fiocruz.br\/wp-content\/uploads\/2024\/06\/IMG_0209-1500x1000.jpg 1500w, https:\/\/amazonia.fiocruz.br\/wp-content\/uploads\/2024\/06\/IMG_0209-705x470.jpg 705w\" sizes=\"(max-width: 1695px) 100vw, 1695px\" \/><\/p>\n<p style=\"text-align: justify;\">Tamb\u00e9m presente \u00e0 abertura da forma\u00e7\u00e3o, a coordenadora de Acesso e Equidade da Coordena\u00e7\u00e3o Geral de Sa\u00fade da Fam\u00edlia e Comunidade da Secretaria de Aten\u00e7\u00e3o Prim\u00e1ria \u00e0 Sa\u00fade, do Minist\u00e9rio da Sa\u00fade, Lilian Gon\u00e7alves, destacou a import\u00e2ncia do projeto como um vetor para o avan\u00e7o das pol\u00edticas p\u00fablicas do Governo Federal no combate \u00e0 desigualdade, principalmente na regi\u00e3o amaz\u00f4nica. \u201cTemos que agradecer pela exist\u00eancia do nosso presidente Lula e por temos a ministra N\u00edsia Trindade \u00e0 frente do Minist\u00e9rio da Sa\u00fade, o que demonstra uma intencionalidade de governo para este processo formativo. O projeto retoma o protagonismo do Governo Federal na condu\u00e7\u00e3o das pol\u00edticas p\u00fablicas de sa\u00fade no \u00e2mbito nacional e traz o protagonismo de intencionalidade tamb\u00e9m para as institui\u00e7\u00f5es que j\u00e1 estavam fazendo educa\u00e7\u00e3o permanente, mesmo num per\u00edodo do governo fascista, para o nosso pa\u00eds\u201d, afirmou Lilian.<\/p>\n<p style=\"text-align: justify;\">Ela destacou ainda a expertise da Fiocruz Amaz\u00f4nia, especificamente do Lahpsa e da Rede Unida, no processo formativo de sa\u00fade no territ\u00f3rio amaz\u00f4nico, com a diversidade de opini\u00f5es e de movimentos sociais organizados, e a parceria do Grupo da Terra, institu\u00eddo pela ministra da Sa\u00fade, N\u00edsia Trindade, em 13 de agosto de 2023, \u00a0Trindade, composto por mais de 20 movimentos sociais populares com a finalidade de rediscutir a pol\u00edtica nacional de aten\u00e7\u00e3o integral \u00e0 popula\u00e7\u00e3o do campo, da floresta e das \u00e1guas. \u201cEstamos agora com o compromisso de iniciar esse trabalho, junto com a vigil\u00e2ncia e a educa\u00e7\u00e3o permanente na forma\u00e7\u00e3o de gestores e profissionais de sa\u00fade da Fiocruz Amaz\u00f4nia\u201d, afirmou Lilian.<\/p>\n<p style=\"text-align: justify;\">Coordenadora estadual do projeto, Ana L\u00facia Nunes, gestora da Escola de Sa\u00fade P\u00fablica da Secretaria de Estado da Sa\u00fade do Maranh\u00e3o, agradeceu a oportunidade de parceria e destacou que o projeto possibilita o crescimento da atua\u00e7\u00e3o da ESAP-MA na educa\u00e7\u00e3o permanente em sa\u00fade. \u201cO cuidado com o trabalhador e a trabalhadora do SUS \u00e9 a miss\u00e3o da escola, mesmo estando na Regi\u00e3o Nordeste n\u00f3s somos Norte e agradecemos estar participando desse processo, com pessoas da Escola de Sa\u00fade P\u00fablica, da sa\u00fade prim\u00e1ria e facilitadores do Amazonas que estar\u00e3o conosco no Maranh\u00e3o\u201d, afirmou.<\/p>\n<p style=\"text-align: justify;\"><img decoding=\"async\" class=\"alignnone wp-image-46469\" src=\"https:\/\/amazonia.fiocruz.br\/wp-content\/uploads\/2024\/06\/IMG_0187-300x200.jpg\" alt=\"\" width=\"1689\" height=\"1126\" srcset=\"https:\/\/amazonia.fiocruz.br\/wp-content\/uploads\/2024\/06\/IMG_0187-300x200.jpg 300w, https:\/\/amazonia.fiocruz.br\/wp-content\/uploads\/2024\/06\/IMG_0187-1030x687.jpg 1030w, https:\/\/amazonia.fiocruz.br\/wp-content\/uploads\/2024\/06\/IMG_0187-768x512.jpg 768w, https:\/\/amazonia.fiocruz.br\/wp-content\/uploads\/2024\/06\/IMG_0187-1536x1024.jpg 1536w, https:\/\/amazonia.fiocruz.br\/wp-content\/uploads\/2024\/06\/IMG_0187-2048x1365.jpg 2048w, https:\/\/amazonia.fiocruz.br\/wp-content\/uploads\/2024\/06\/IMG_0187-1500x1000.jpg 1500w, https:\/\/amazonia.fiocruz.br\/wp-content\/uploads\/2024\/06\/IMG_0187-705x470.jpg 705w\" sizes=\"(max-width: 1689px) 100vw, 1689px\" \/><\/p>\n<p style=\"text-align: justify;\">Entre as facilitadoras citadas por Ana L\u00facia, est\u00e3o as pesquisadoras Denise Amorim, da Escola de Sa\u00fade P\u00fablica de Manaus, e S\u00f4nia Lemos, docente da Universidade do Estado do Amazonas (UEA). Para Denise, \u00e9 grande a expectativa de atua\u00e7\u00e3o no projeto numa regi\u00e3o com peculiaridades diferentes da realidade amaz\u00f4nica. \u201cParticipar da forma\u00e7\u00e3o de facilitadores para o cuidado em sa\u00fade das popula\u00e7\u00f5es do campo, floresta e \u00e1guas \u00e9 ter a oportunidade de dialogar com realidades singulares e plurais, na perspectiva de uma ecologia dos saberes que combina conhecimentos cient\u00edficos e populares. \u00c9 participar da possibilidade de dar visibilidade a essas popula\u00e7\u00f5es e contribuir com a justi\u00e7a social e os direitos \u00e0 sa\u00fade e \u00e0 vida\u201d, afirmou.<\/p>\n<p style=\"text-align: justify;\">S\u00f4nia Lemos ressalta que, ao facilitador, caber\u00e1 o acompanhamento e a constru\u00e7\u00e3o de aprendizagens com as turmas por meio dos conte\u00fados e estrat\u00e9gias pedag\u00f3gicas propostas para a forma\u00e7\u00e3o. \u201cAs expectativas s\u00e3o as melhores. Estar com as trabalhadoras e trabalhadores \u00e9 uma grande oportunidade de compartilhar experi\u00eancias e realizar aprendizagens que visam melhorar e consolidar a pol\u00edtica nacional das popula\u00e7\u00f5es do campo, floresta e \u00e1guas\u201d, comenta, destacando a import\u00e2ncia do Lahpsa na sua atua\u00e7\u00e3o acad\u00eamica, como docente e pesquisadora. \u201cS\u00e3o os projetos desenvolvidos pelo Lahpsa que oportunizam o fazer com as pessoas e os territ\u00f3rios. Possibilitam construir conhecimento e cuidado, coletivos. Ampliam a vis\u00e3o sobre a vida e a import\u00e2ncia de estar com nossas gentes\u201d, frisou.<\/p>\n<p style=\"text-align: justify;\">Julio Schweickardt destaca a import\u00e2ncia da contribui\u00e7\u00e3o dada pelo Grupo da Terra no processo de concep\u00e7\u00e3o das forma\u00e7\u00f5es. \u201cO Grupo da Terra \u00e9 formado por movimentos sociais que elaboraram a Pol\u00edtica Nacional de Sa\u00fade Integral das Popula\u00e7\u00f5es do Campo, das Florestas e das \u00c1guas. Em mar\u00e7o, apresentamos proposta da forma\u00e7\u00e3o em uma consulta ao Grupo da Terra e fizemos uma consulta aos movimentos sociais acerca dos temas que seriam importantes para fazerem parte da forma\u00e7\u00e3o\u201d, relembra Schweickardt, afirmando que os integrantes contribu\u00edram com conceitos, preocupa\u00e7\u00f5es, ideias e experi\u00eancias, na busca pela qualifica\u00e7\u00e3o do cuidado com essas popula\u00e7\u00f5es.<\/p>\n<p style=\"text-align: justify;\"><img decoding=\"async\" class=\"alignnone wp-image-46466\" src=\"https:\/\/amazonia.fiocruz.br\/wp-content\/uploads\/2024\/06\/IMG_0194-300x200.jpg\" alt=\"\" width=\"1691\" height=\"1127\" srcset=\"https:\/\/amazonia.fiocruz.br\/wp-content\/uploads\/2024\/06\/IMG_0194-300x200.jpg 300w, https:\/\/amazonia.fiocruz.br\/wp-content\/uploads\/2024\/06\/IMG_0194-1030x687.jpg 1030w, https:\/\/amazonia.fiocruz.br\/wp-content\/uploads\/2024\/06\/IMG_0194-768x512.jpg 768w, https:\/\/amazonia.fiocruz.br\/wp-content\/uploads\/2024\/06\/IMG_0194-1536x1024.jpg 1536w, https:\/\/amazonia.fiocruz.br\/wp-content\/uploads\/2024\/06\/IMG_0194-2048x1365.jpg 2048w, https:\/\/amazonia.fiocruz.br\/wp-content\/uploads\/2024\/06\/IMG_0194-1500x1000.jpg 1500w, https:\/\/amazonia.fiocruz.br\/wp-content\/uploads\/2024\/06\/IMG_0194-705x470.jpg 705w\" sizes=\"(max-width: 1691px) 100vw, 1691px\" \/><\/p>\n<p style=\"text-align: justify;\">O pesquisador Alcindo Ferla, docente do Programa de P\u00f3s-Gradua\u00e7\u00e3o em Sa\u00fade Coletiva da Universidade Federal do Rio Grande do Sul e coordenador geral da Rede Unida, enfatiza a contribui\u00e7\u00e3o da Fiocruz Amaz\u00f4nia, por meio da expertise do Lahpsa,\u00a0 na acolhida do projeto pelos movimentos sociais. \u201cA apresenta\u00e7\u00e3o do projeto pelo dr J\u00falio Schweickardt teve uma acolhida muito grande pelos movimentos, sempre t\u00e3o invisibilizados. O desafio do projeto \u00e9 torn\u00e1-los vis\u00edveis para que as equipes que organizam pontos de aten\u00e7\u00e3o nos territ\u00f3rios consigam enxergar esses movimentos, que pleiteam do Governo Federal iniciativas dessa natureza para que possam ter cada vez mais participa\u00e7\u00e3o.<\/p>\n<p style=\"text-align: justify;\">\u201cDepois dessa escuta, convidamos as pessoas que est\u00e3o ajudando na elabora\u00e7\u00e3o dos materiais e conte\u00fados e fomos construindo um percurso formativo, que chamamos de trilhas, movimento coletivo de constru\u00e7\u00e3o, da forma\u00e7\u00e3o, n\u00e3o trabalhamos com a ideia segmenta\u00e7\u00e3o por m\u00f3dulos e sim de algo transversal, iremos trabalhar mais de 20 turmas espalhadas por toda a Amaz\u00f4nia\u201d, observa J\u00falio Schweickardt.<\/p>\n<p><em>ILMD\/Fiocruz Amaz\u00f4nia, Por J\u00falio Pedrosa<\/em><\/p>\n<p><em>Fotos: J\u00falio Pedrosa<\/em><\/p>\n<\/div><\/section>\n","protected":false},"excerpt":{"rendered":"<p>Participaram, no total, 69 pessoas, sendo 31 facilitadores, oito articuladores, seis coordenadores e quatro conteudistas, dos Estados do Par\u00e1, Amap\u00e1, Maranh\u00e3o, Acre e Amazonas, al\u00e9m de convidados de secret\u00e1rias estaduais e municipais, Cosems-PA, Cosems-AC, Cosems-AM e Minist\u00e9rio da Sa\u00fade<\/p>\n","protected":false},"author":60,"featured_media":46471,"comment_status":"closed","ping_status":"closed","sticky":true,"template":"","format":"image","meta":{"footnotes":""},"categories":[15],"tags":[],"class_list":["post-46464","post","type-post","status-publish","format-image","has-post-thumbnail","hentry","category-noticias","post_format-post-format-image"],"_links":{"self":[{"href":"https:\/\/amazonia.fiocruz.br\/index.php?rest_route=\/wp\/v2\/posts\/46464","targetHints":{"allow":["GET"]}}],"collection":[{"href":"https:\/\/amazonia.fiocruz.br\/index.php?rest_route=\/wp\/v2\/posts"}],"about":[{"href":"https:\/\/amazonia.fiocruz.br\/index.php?rest_route=\/wp\/v2\/types\/post"}],"author":[{"embeddable":true,"href":"https:\/\/amazonia.fiocruz.br\/index.php?rest_route=\/wp\/v2\/users\/60"}],"replies":[{"embeddable":true,"href":"https:\/\/amazonia.fiocruz.br\/index.php?rest_route=%2Fwp%2Fv2%2Fcomments&post=46464"}],"version-history":[{"count":3,"href":"https:\/\/amazonia.fiocruz.br\/index.php?rest_route=\/wp\/v2\/posts\/46464\/revisions"}],"predecessor-version":[{"id":46475,"href":"https:\/\/amazonia.fiocruz.br\/index.php?rest_route=\/wp\/v2\/posts\/46464\/revisions\/46475"}],"wp:featuredmedia":[{"embeddable":true,"href":"https:\/\/amazonia.fiocruz.br\/index.php?rest_route=\/wp\/v2\/media\/46471"}],"wp:attachment":[{"href":"https:\/\/amazonia.fiocruz.br\/index.php?rest_route=%2Fwp%2Fv2%2Fmedia&parent=46464"}],"wp:term":[{"taxonomy":"category","embeddable":true,"href":"https:\/\/amazonia.fiocruz.br\/index.php?rest_route=%2Fwp%2Fv2%2Fcategories&post=46464"},{"taxonomy":"post_tag","embeddable":true,"href":"https:\/\/amazonia.fiocruz.br\/index.php?rest_route=%2Fwp%2Fv2%2Ftags&post=46464"}],"curies":[{"name":"wp","href":"https:\/\/api.w.org\/{rel}","templated":true}]}}